{"id":18784,"date":"2022-05-18T12:52:16","date_gmt":"2022-05-18T09:52:16","guid":{"rendered":"http:\/\/akdenizolaygazetesi.com\/?p=18784"},"modified":"2022-05-18T12:52:16","modified_gmt":"2022-05-18T09:52:16","slug":"genclikle-yurumekten-buyuk-haz-ve-onur-duyuyoruz","status":"publish","type":"post","link":"https:\/\/akdenizolaygazetesi.com\/?p=18784","title":{"rendered":"&#8216;Gen\u00e7likle y\u00fcr\u00fcmekten b\u00fcy\u00fck haz ve onur duyuyoruz&#8221;"},"content":{"rendered":"<p>Mersin Yat\u0131r\u0131mc\u0131 \u0130\u015f \u0130nsanlar\u0131 Derne\u011fi (MERYAD) Ba\u015fkan\u0131 Co\u015fkun Do\u011fmu\u015f, 19 May\u0131s Atat\u00fcrk&#8217;\u00fc Anma Gen\u00e7lik ve Spor Bayram\u0131 dolay\u0131s\u0131 ile kutlama mesaj\u0131 yay\u0131nlad\u0131.<\/p>\n<p>Gazi Mustafa Kemal Atat\u00fcrk taraf\u0131ndan gen\u00e7lere emanet edilen bu \u00f6nemli g\u00fcn\u00fcn 103. y\u0131l\u0131n\u0131n gurur ve co\u015fkusunu ya\u015f\u0131yoruz. Gelece\u011fimizin teminat\u0131 gen\u00e7li\u011fimizin,  \u00f6ncelikle kendisine emanet edilen bu vatan\u0131, sonsuza dek koruyaca\u011f\u0131na ve daha da ileriye ta\u015f\u0131yaca\u011f\u0131na inanc\u0131m\u0131z tamd\u0131r&#8221; dedi.<br \/>\n\u00d6rnek \u015fahsiyetler yeti\u015ftirmi\u015f, tarihe y\u00f6n vermi\u015f bir milletin evlatlar\u0131 ve torunlar\u0131 olduklar\u0131n\u0131 ifade eden Ba\u015fkan Do\u011fmu\u015f, &#8221; Cumhuriyet ve demokrasiye,  milli ve manevi de\u011ferlere ba\u011fl\u0131, hak ve hukuka, insan haklar\u0131na sayg\u0131l\u0131,  ara\u015ft\u0131ran ve kendini geli\u015ftiren, \u00fcretken,  aktif, spor, k\u00fclt\u00fcr ve sanatla ilgilenen, \u00fclkesinin gelece\u011fi ve ba\u011f\u0131ms\u0131zl\u0131\u011f\u0131 i\u00e7in her \u015feyini feda edebilecek bir gen\u00e7likle y\u00fcr\u00fcmekten b\u00fcy\u00fck haz ve onur duyuyoruz&#8221; dedi.<\/p>\n<p>Gen\u00e7li\u011fin kendini maddi ve manevi ilimlerde yeti\u015ftirmi\u015f, tam donan\u0131ml\u0131 ve i\u00e7 huzuru ve ilmiyle yolunu ayd\u0131nlatan, vatan\u0131n\u0131 milletini seven birer vatan sevdal\u0131lar\u0131 olarak yeti\u015ftirilmelerinin \u00f6nemli oldu\u011funa de\u011finen Ba\u015fkan Do\u011fmu\u015f, s\u00f6zlerini &#8221; Gen\u00e7lerimizi bu \u015fekilde yeti\u015ftirmek ge\u00e7mi\u015fimize ve atalar\u0131m\u0131za kar\u015f\u0131 da en b\u00fcy\u00fck sorumlulu\u011fumuzdur. Bu vesile ile bizlere bu cennet vatan\u0131 emanet eden ba\u015fta Atat\u00fcrk olmak \u00fczere, t\u00fcm \u015fehit ve gazilerimizi rahmetle ve \u015f\u00fckranla an\u0131yorum. Sevgili gen\u00e7lerimizin ve milletimizin 19 May\u0131s Atat\u00fcrk&#8217;\u00fc Anma Gen\u00e7lik ve Spor Bayram\u0131n\u0131 kutluyorum&#8221; ifadelerini kulland\u0131.<\/p>\n","protected":false},"excerpt":{"rendered":"<p>Mersin Yat\u0131r\u0131mc\u0131 \u0130\u015f \u0130nsanlar\u0131 Derne\u011fi (MERYAD) Ba\u015fkan\u0131 Co\u015fkun Do\u011fmu\u015f, 19 May\u0131s Atat\u00fcrk&#8217;\u00fc Anma Gen\u00e7lik ve Spor Bayram\u0131 dolay\u0131s\u0131 ile kutlama mesaj\u0131 yay\u0131nlad\u0131. Gazi Mustafa Kemal Atat\u00fcrk taraf\u0131ndan gen\u00e7lere emanet edilen &hellip; <a href=\"https:\/\/akdenizolaygazetesi.com\/?p=18784\" class=\"more-link\">Devam\u0131n\u0131 Oku&#8230;<\/a><\/p>\n","protected":false},"author":2,"featured_media":18785,"comment_status":"open","ping_status":"open","sticky":false,"template":"","format":"standard","meta":[],"categories":[2,3,5],"tags":[],"_links":{"self":[{"href":"https:\/\/akdenizolaygazetesi.com\/index.php?rest_route=\/wp\/v2\/posts\/18784"}],"collection":[{"href":"https:\/\/akdenizolaygazetesi.com\/index.php?rest_route=\/wp\/v2\/posts"}],"about":[{"href":"https:\/\/akdenizolaygazetesi.com\/index.php?rest_route=\/wp\/v2\/types\/post"}],"author":[{"embeddable":true,"href":"https:\/\/akdenizolaygazetesi.com\/index.php?rest_route=\/wp\/v2\/users\/2"}],"replies":[{"embeddable":true,"href":"https:\/\/akdenizolaygazetesi.com\/index.php?rest_route=%2Fwp%2Fv2%2Fcomments&post=18784"}],"version-history":[{"count":1,"href":"https:\/\/akdenizolaygazetesi.com\/index.php?rest_route=\/wp\/v2\/posts\/18784\/revisions"}],"predecessor-version":[{"id":18786,"href":"https:\/\/akdenizolaygazetesi.com\/index.php?rest_route=\/wp\/v2\/posts\/18784\/revisions\/18786"}],"wp:featuredmedia":[{"embeddable":true,"href":"https:\/\/akdenizolaygazetesi.com\/index.php?rest_route=\/wp\/v2\/media\/18785"}],"wp:attachment":[{"href":"https:\/\/akdenizolaygazetesi.com\/index.php?rest_route=%2Fwp%2Fv2%2Fmedia&parent=18784"}],"wp:term":[{"taxonomy":"category","embeddable":true,"href":"https:\/\/akdenizolaygazetesi.com\/index.php?rest_route=%2Fwp%2Fv2%2Fcategories&post=18784"},{"taxonomy":"post_tag","embeddable":true,"href":"https:\/\/akdenizolaygazetesi.com\/index.php?rest_route=%2Fwp%2Fv2%2Ftags&post=18784"}],"curies":[{"name":"wp","href":"https:\/\/api.w.org\/{rel}","templated":true}]}}