{"id":18790,"date":"2022-05-18T12:58:53","date_gmt":"2022-05-18T09:58:53","guid":{"rendered":"http:\/\/akdenizolaygazetesi.com\/?p=18790"},"modified":"2022-05-18T12:58:53","modified_gmt":"2022-05-18T09:58:53","slug":"dogrudan-500-kisiye-dolayli-olarak-ise-5-bin-kisiye-istihdam-imkani-saglayacagiz","status":"publish","type":"post","link":"https:\/\/akdenizolaygazetesi.com\/?p=18790","title":{"rendered":"\u201cDo\u011frudan 500 ki\u015fiye, dolayl\u0131 olarak ise 5 bin ki\u015fiye istihdam imk\u00e2n\u0131 sa\u011flayaca\u011f\u0131z\u201d"},"content":{"rendered":"<p>Mersin Uluslararas\u0131 Liman \u0130\u015fletmecili\u011fi A.\u015e. (MIP) Genel M\u00fcd\u00fcr\u00fc Johan Van Daele, H\u00fcrriyet Deniz Ta\u015f\u0131mac\u0131l\u0131\u011f\u0131 Zirvesi\u2019nde \u00fclke ekonomisine de\u011fer katacak yat\u0131r\u0131mlar\u0131 hakk\u0131nda bilgi verdi. Divan Otel Mersin\u2019de, 17 May\u0131s Sal\u0131 g\u00fcn\u00fc d\u00fczenlenen zirvede Van Daele, MIP\u2019nin Kapasite Art\u0131r\u0131m\u0131 Projesi ve \u015fehrin trafik sorununu \u00e7\u00f6zecek Kap\u0131lar Projesi i\u00e7in 400 milyon dolar\u0131n \u00fczerinde yat\u0131r\u0131m yapaca\u011f\u0131n\u0131 s\u00f6yledi.<\/p>\n<p>H\u00fcrriyet gazetesi ile MIP, T\u00fcrkiye Liman \u0130\u015fletmecileri Derne\u011fi (T\u00dcRKL\u0130M), Mersin Ticaret ve Sanayi Odas\u0131 (MTS0), Akdeniz Belediyesi ve Mersin Deniz Ticaret Odas\u0131 (MDTO), Derya Grup ve \u00c7a\u011f \u00dcniversitesi i\u015f birli\u011finde d\u00fczenlenen H\u00fcrriyet Deniz Ta\u015f\u0131mac\u0131l\u0131\u011f\u0131 Zirvesi, 17 May\u0131s Sal\u0131 g\u00fcn\u00fc, Divan Otel Mersin\u2019de i\u015f d\u00fcnyas\u0131n\u0131n ve denizcilik sekt\u00f6r\u00fcn\u00fcn \u00f6nde gelen temsilcilerinin kat\u0131l\u0131m\u0131 ile ger\u00e7ekle\u015fti. <\/p>\n<p>Zirvenin konu\u015fmac\u0131lar\u0131 aras\u0131nda yer alan MIP Genel M\u00fcd\u00fcr\u00fc Johan Van Daele konu\u015fmas\u0131nda, T\u00fcrkiye\u2019nin sahip oldu\u011fu co\u011frafi ve jeopolitik konum avantaj\u0131 ile her d\u00f6nem ve ko\u015fulda potansiyelini korudu\u011funa, bir\u00e7ok sekt\u00f6rde oldu\u011fu gibi deniz ta\u015f\u0131mac\u0131l\u0131\u011f\u0131nda da b\u00fcy\u00fcmesinin uzun y\u0131llar s\u00fcrece\u011fine inand\u0131klar\u0131n\u0131 vurgulad\u0131.<br \/>\nVan Daele: \u201cFaaliyet g\u00f6sterdi\u011fimiz b\u00f6lgemizin ve T\u00fcrkiye\u2019nin hak etti\u011fi yere gelmesi i\u00e7in, \u2018birlikte b\u00fcy\u00fcmek\u2019 i\u00e7in, Mersin Uluslararas\u0131 Liman\u0131 olarak buraday\u0131z. Mersin ve T\u00fcrkiye\u2019nin ekonomik kalk\u0131nmas\u0131na katk\u0131 sa\u011flamak \u00f6nceliklerimiz aras\u0131nda. Hem kendi hedeflerimizi hem de b\u00f6lgemizin b\u00fcy\u00fcme rakamlar\u0131n\u0131 g\u00f6z \u00f6n\u00fcne ald\u0131\u011f\u0131m\u0131zda bu hinterlant b\u00fcy\u00fcmesini kar\u015f\u0131lamak ve gerekli hizmeti sa\u011flamak i\u00e7in yeni yat\u0131r\u0131mlar\u0131n gereklili\u011fi kar\u015f\u0131m\u0131za \u00e7\u0131k\u0131yor.\u201d<br \/>\n\u201cDo\u011frudan 500 ki\u015fiye, dolayl\u0131 olarak ise 5 bin ki\u015fiye istihdam imk\u00e2n\u0131 sa\u011flayaca\u011f\u0131z\u201d<br \/>\nKapasite Art\u0131r\u0131m\u0131 projesi ile ilgili bilgi veren Johan Van Daele: \u201cMersin ve T\u00fcrkiye\u2019nin ekonomik geli\u015fiminde b\u00fcy\u00fck \u00f6nem arz eden, 375 milyon dolar b\u00fct\u00e7eli Kapasite Art\u0131r\u0131m\u0131 Projesi i\u00e7in t\u00fcm y\u00fck\u00fcml\u00fcl\u00fcklerimizi yerine getirdik ve haz\u0131r\u0131z. Proje ile liman\u0131n mevcut kapasitesini 1 milyon TEU art\u0131racak ve do\u011frudan 500 ki\u015fiye, dolayl\u0131 olarak ise 5 bin ki\u015fiye istihdam imk\u00e2n\u0131 sa\u011flayaca\u011f\u0131z. \u0130ki mega gemiye ayn\u0131 anda hizmet verilebilecek ve gemilerin bekleme s\u00fcrelerini optimize edebilece\u011fiz. B\u00f6ylece direkt seferlerin say\u0131s\u0131 artacak, daha k\u0131sa transit s\u00fcreleri ve rekabet\u00e7i <\/p>\n<p>navlunlarla Mersin Liman\u0131\u2019n\u0131n Do\u011fu Akdeniz&#8217;e a\u00e7\u0131lan stratejik konumu g\u00fc\u00e7lenirken Akdeniz havzas\u0131ndaki di\u011fer \u00fclkelerin terminalleri ile aktarmal\u0131 konteyner ticaretinde k\u00fcresel bir oyuncu       olarak rekabet edebilecek konumda olaca\u011f\u0131z. Mersin Liman\u0131, imtiyaz s\u00f6zle\u015fmesi sonunda TCDD\u2019ye devredilece\u011finden yap\u0131lan yat\u0131r\u0131m Mersin\u2019in kal\u0131c\u0131, g\u00fc\u00e7l\u00fc ve s\u00fcrd\u00fcr\u00fclebilir de\u011feri olarak var olmaya devam edecek.\u201d<br \/>\n\u201cKap\u0131lar Projesi ile Mersin trafi\u011fine rahat bir nefes ald\u0131raca\u011f\u0131z\u201d<br \/>\nLiman\u0131n geli\u015fimini Mersin\u2019in geli\u015fiminden ayr\u0131 tutmad\u0131klar\u0131n\u0131, Mersin\u2019in ya\u015fad\u0131\u011f\u0131 problemlerin \u00e7\u00f6z\u00fcm\u00fc i\u00e7in her zaman destek vermeye haz\u0131r olduklar\u0131n\u0131 s\u00f6yleyen Johan Van Daele: \u201cArtan n\u00fcfus, ticaret ve \u015fehirle\u015fme sonucu \u00f6zellikle Mersin giri\u015finde olu\u015fan trafik problemi de bu sorunlardan biri olarak kar\u015f\u0131m\u0131za \u00e7\u0131k\u0131yor. 27 milyon dolar b\u00fct\u00e7eli Kap\u0131lar Projesi ile limana gelen t\u0131rlar\u0131n otobandan direkt limana giri\u015f \u2013 \u00e7\u0131k\u0131\u015f\u0131n\u0131 sa\u011flam\u0131\u015f olaca\u011f\u0131z. B\u00f6ylece t\u0131rlar \u015fehir trafi\u011fine girmeden limana do\u011frudan giri\u015f yapabilecekler. Liman giri\u015f ve \u00e7\u0131k\u0131\u015f kap\u0131lar\u0131n\u0131 yeniden d\u00fczenleyerek; 6 giri\u015f ve 6 \u00e7\u0131k\u0131\u015fl\u0131 modern bir liman kap\u0131s\u0131 olu\u015fturaca\u011f\u0131z. D 400 karayolunda 2 ba\u011flant\u0131 noktas\u0131, 3 dere ge\u00e7i\u015fi, bir \u00fcst ge\u00e7it, 6 \u015feritli bir k\u00f6pr\u00fc, 10 giri\u015f kap\u0131s\u0131 dahil t\u00fcm otomasyon \u00e7al\u0131\u015fmalar\u0131 ve yard\u0131mc\u0131 tesisleri ile Mersin trafi\u011fine rahat bir nefes ald\u0131raca\u011f\u0131z. Konteyner ve genel y\u00fck getiren ara\u00e7lar 132. caddeden a\u00e7\u0131lacak yeni bir ba\u011flant\u0131 ile 3 \u015ferit halinde, demiryolu \u00fcst ge\u00e7idinin alt\u0131ndan ge\u00e7erek do\u011frudan limana giri\u015f yapabilecekler. Liman i\u00e7i ve d\u0131\u015f\u0131nda t\u0131r\/ara\u00e7 bekleme s\u00fcreleri azalacak\u201d dedi. <\/p>\n<p>Johan Van Daele s\u00f6zlerine \u015f\u00f6yle devam etti: \u201cMIP olarak b\u00f6lgemize, \u00fclkemize ve gezegenimize kar\u015f\u0131 sorumluluklar\u0131m\u0131z\u0131n fark\u0131nday\u0131z. Gelecek nesillere ya\u015fanabilir bir d\u00fcnya b\u0131rakmak i\u00e7in payda\u015flar\u0131m\u0131z\u0131n ve \u00e7evrenin ihtiya\u00e7lar\u0131n\u0131 analiz ediyor, s\u00fcrd\u00fcr\u00fclebilir kalk\u0131nma i\u00e7in t\u00fcm faaliyetlerimizi optimize etmeyi taahh\u00fct ediyoruz. <\/p>\n<p>S\u00fcrd\u00fcr\u00fclebilirlik \u00e7at\u0131s\u0131 alt\u0131nda \u00e7evresel, sosyal ve y\u00f6netim ba\u015fl\u0131klar\u0131 alt\u0131nda pek \u00e7ok \u00e7al\u0131\u015fma y\u00fcr\u00fct\u00fcyor ve i\u00e7inde ya\u015fad\u0131\u011f\u0131m\u0131z do\u011faya, topluma ve \u00e7ocuklar\u0131m\u0131za kar\u015f\u0131 sorumluluklar\u0131m\u0131z\u0131 yerine getirmeye gayret ediyoruz, etmeye de devam edece\u011fiz.\u201d <\/p>\n","protected":false},"excerpt":{"rendered":"<p>Mersin Uluslararas\u0131 Liman \u0130\u015fletmecili\u011fi A.\u015e. (MIP) Genel M\u00fcd\u00fcr\u00fc Johan Van Daele, H\u00fcrriyet Deniz Ta\u015f\u0131mac\u0131l\u0131\u011f\u0131 Zirvesi\u2019nde \u00fclke ekonomisine de\u011fer katacak yat\u0131r\u0131mlar\u0131 hakk\u0131nda bilgi verdi. Divan Otel Mersin\u2019de, 17 May\u0131s Sal\u0131 g\u00fcn\u00fc &hellip; <a href=\"https:\/\/akdenizolaygazetesi.com\/?p=18790\" class=\"more-link\">Devam\u0131n\u0131 Oku&#8230;<\/a><\/p>\n","protected":false},"author":2,"featured_media":18791,"comment_status":"open","ping_status":"open","sticky":false,"template":"","format":"standard","meta":[],"categories":[8,1,2,3],"tags":[],"_links":{"self":[{"href":"https:\/\/akdenizolaygazetesi.com\/index.php?rest_route=\/wp\/v2\/posts\/18790"}],"collection":[{"href":"https:\/\/akdenizolaygazetesi.com\/index.php?rest_route=\/wp\/v2\/posts"}],"about":[{"href":"https:\/\/akdenizolaygazetesi.com\/index.php?rest_route=\/wp\/v2\/types\/post"}],"author":[{"embeddable":true,"href":"https:\/\/akdenizolaygazetesi.com\/index.php?rest_route=\/wp\/v2\/users\/2"}],"replies":[{"embeddable":true,"href":"https:\/\/akdenizolaygazetesi.com\/index.php?rest_route=%2Fwp%2Fv2%2Fcomments&post=18790"}],"version-history":[{"count":1,"href":"https:\/\/akdenizolaygazetesi.com\/index.php?rest_route=\/wp\/v2\/posts\/18790\/revisions"}],"predecessor-version":[{"id":18792,"href":"https:\/\/akdenizolaygazetesi.com\/index.php?rest_route=\/wp\/v2\/posts\/18790\/revisions\/18792"}],"wp:featuredmedia":[{"embeddable":true,"href":"https:\/\/akdenizolaygazetesi.com\/index.php?rest_route=\/wp\/v2\/media\/18791"}],"wp:attachment":[{"href":"https:\/\/akdenizolaygazetesi.com\/index.php?rest_route=%2Fwp%2Fv2%2Fmedia&parent=18790"}],"wp:term":[{"taxonomy":"category","embeddable":true,"href":"https:\/\/akdenizolaygazetesi.com\/index.php?rest_route=%2Fwp%2Fv2%2Fcategories&post=18790"},{"taxonomy":"post_tag","embeddable":true,"href":"https:\/\/akdenizolaygazetesi.com\/index.php?rest_route=%2Fwp%2Fv2%2Ftags&post=18790"}],"curies":[{"name":"wp","href":"https:\/\/api.w.org\/{rel}","templated":true}]}}