{"id":1880,"date":"2020-11-04T18:22:25","date_gmt":"2020-11-04T15:22:25","guid":{"rendered":"http:\/\/mersinekonomipolitikagazetesi.com\/?p=1880"},"modified":"2020-11-04T18:22:25","modified_gmt":"2020-11-04T15:22:25","slug":"isciler-meydanlardan-haykiracak","status":"publish","type":"post","link":"https:\/\/akdenizolaygazetesi.com\/?p=1880","title":{"rendered":"\u0130\u015e\u00c7\u0130LER MEYDANLARDAN HAYKIRACAK"},"content":{"rendered":"<p>Her y\u0131l 1 May\u0131s Emek ve Dayan\u0131\u015fma Bayram\u0131n\u0131 \u015fenlik havas\u0131nda kutlayarak taleplerini h\u00fck\u00fcmet ve yetkili mercilere iletmeye \u00e7al\u0131\u015fan i\u015f\u00e7iler, bug\u00fcn de meydanda olacak&#8230;<\/p>\n<p><span style=\"font-size:16px;\">\u00a0D\u00fcnya \u00fczerinde pek \u00e7ok \u00fclkede kutlanan 1 May\u0131s \u0130\u015f\u00e7i Bayram\u0131&#8217;nda , bug\u00fcn Mersin\u2019de de i\u015f\u00e7iler sokaklara d\u00f6k\u00fclecek. Her y\u0131l co\u015fkulu bir \u015fekilde yap\u0131lan kutlamalarda i\u015f\u00e7iler taleplerini sendika, h\u00fck\u00fcmet ve bakanl\u0131klar ba\u015fta olmak \u00fczere bir\u00e7ok yetkili kuruma meydanlardan hayk\u0131r\u0131yor.\u00a0\u00a0Ge\u00e7en sene \u0130\u015e\u0130D ter\u00f6r \u00f6rg\u00fct\u00fcn\u00fcn sald\u0131r\u0131 tehlikeleri nedeniyle bir\u00e7ok ilde kitleler sokaklara \u00e7\u0131kmaya \u00e7ekinirken, bu sene kalabal\u0131klar\u0131n daha fazla olmas\u0131 tahmin ediliyor.<\/span><\/p>\n<p><span style=\"font-size:16px;\">E\u011fitim ve Bilim \u0130\u015fg\u00f6renleri Sendikas\u0131 Mersin \u015eubesi, \u2018Eme\u011fimize Ve \u0130\u015f G\u00fcvencemize Sahip \u00c7\u0131kmak \u0130\u00e7in 1 May\u0131s\u2019ta Alanlarday\u0131z\u2019 diye a\u00e7\u0131klama yaparken, Mersin Emek ve Demokrasi Platformu ve bir\u00e7ok sendika da alanlarda olacaklar\u0131n\u0131 duyurdu.<\/span><\/p>\n<p><span style=\"font-size:16px;\">\u00d6te yandan\u00a0Mersin&#8217;de sivil toplum \u00f6rg\u00fct\u00fc temsilcileri, 1 May\u0131s Emek ve Dayan\u0131\u015fma Bayram\u0131&#8217;n\u0131 yay\u0131nlad\u0131klar\u0131 mesajlarla kutlad\u0131.\u00a0<\/span><\/p>\n","protected":false},"excerpt":{"rendered":"<p>Her y\u0131l 1 May\u0131s Emek ve Dayan\u0131\u015fma Bayram\u0131n\u0131 \u015fenlik havas\u0131nda kutlayarak taleplerini h\u00fck\u00fcmet ve yetkili mercilere iletmeye \u00e7al\u0131\u015fan i\u015f\u00e7iler, bug\u00fcn de meydanda olacak&#8230; \u00a0D\u00fcnya \u00fczerinde pek \u00e7ok \u00fclkede kutlanan 1 &hellip; <a href=\"https:\/\/akdenizolaygazetesi.com\/?p=1880\" class=\"more-link\">Devam\u0131n\u0131 Oku&#8230;<\/a><\/p>\n","protected":false},"author":1,"featured_media":0,"comment_status":"open","ping_status":"open","sticky":false,"template":"","format":"standard","meta":[],"categories":[],"tags":[],"_links":{"self":[{"href":"https:\/\/akdenizolaygazetesi.com\/index.php?rest_route=\/wp\/v2\/posts\/1880"}],"collection":[{"href":"https:\/\/akdenizolaygazetesi.com\/index.php?rest_route=\/wp\/v2\/posts"}],"about":[{"href":"https:\/\/akdenizolaygazetesi.com\/index.php?rest_route=\/wp\/v2\/types\/post"}],"author":[{"embeddable":true,"href":"https:\/\/akdenizolaygazetesi.com\/index.php?rest_route=\/wp\/v2\/users\/1"}],"replies":[{"embeddable":true,"href":"https:\/\/akdenizolaygazetesi.com\/index.php?rest_route=%2Fwp%2Fv2%2Fcomments&post=1880"}],"version-history":[{"count":0,"href":"https:\/\/akdenizolaygazetesi.com\/index.php?rest_route=\/wp\/v2\/posts\/1880\/revisions"}],"wp:attachment":[{"href":"https:\/\/akdenizolaygazetesi.com\/index.php?rest_route=%2Fwp%2Fv2%2Fmedia&parent=1880"}],"wp:term":[{"taxonomy":"category","embeddable":true,"href":"https:\/\/akdenizolaygazetesi.com\/index.php?rest_route=%2Fwp%2Fv2%2Fcategories&post=1880"},{"taxonomy":"post_tag","embeddable":true,"href":"https:\/\/akdenizolaygazetesi.com\/index.php?rest_route=%2Fwp%2Fv2%2Ftags&post=1880"}],"curies":[{"name":"wp","href":"https:\/\/api.w.org\/{rel}","templated":true}]}}