{"id":18802,"date":"2022-05-18T17:10:50","date_gmt":"2022-05-18T14:10:50","guid":{"rendered":"http:\/\/akdenizolaygazetesi.com\/?p=18802"},"modified":"2022-05-18T17:10:50","modified_gmt":"2022-05-18T14:10:50","slug":"baskan-yilmaz-vali-suyu-agirladi","status":"publish","type":"post","link":"https:\/\/akdenizolaygazetesi.com\/?p=18802","title":{"rendered":"BA\u015eKAN YILMAZ, VAL\u0130 SU&#8217;YU A\u011eIRLADI"},"content":{"rendered":"<p>Toroslar Belediye Ba\u015fkan\u0131 Ats\u0131z Af\u015f\u0131n Y\u0131lmaz, Valiler Kararnamesi ile Diyarbak\u0131r Valili\u011fi&#8217;ne atanan Mersin Valisi Ali \u0130hsan Su&#8217;yu Yunus Emre K\u00fclt\u00fcr Merkezi&#8217;nde a\u011f\u0131rlad\u0131.<\/p>\n<p>Sohbet havas\u0131nda ge\u00e7en veda ziyaretinde Vali Su&#8217;ya, g\u00f6rev s\u00fcresince \u015fehre katt\u0131\u011f\u0131 de\u011ferli hizmetlerinden dolay\u0131 te\u015fekk\u00fcr eden Ba\u015fkan Y\u0131lmaz; &#8220;Mersinimizin kalk\u0131nmas\u0131na ve geli\u015fmesine y\u00f6nelik ger\u00e7ekle\u015ftirdi\u011fi hizmetleri ve belediyemize sundu\u011fu de\u011ferli deste\u011fi dolay\u0131s\u0131yla Say\u0131n Valimiz Ali \u0130hsan Su&#8217;ya te\u015fekk\u00fcr ediyor, yeni g\u00f6rev yerinin hay\u0131rl\u0131 olmas\u0131n\u0131 diliyorum. Amac\u0131m\u0131z daha g\u00fczel bir Mersin ve daha g\u00fczel bir T\u00fcrkiye. Bu do\u011frultuda \u00e7al\u0131\u015fmalar\u0131m\u0131za devam edece\u011fiz&#8221; dedi.<\/p>\n<p>Vali Ali \u0130hsan Su da Toroslar Belediye Ba\u015fkan\u0131 Ats\u0131z Af\u015f\u0131n Y\u0131lmaz ile g\u00f6rev s\u00fcresi boyunca uyum i\u00e7erisinde \u00e7al\u0131\u015ft\u0131klar\u0131n\u0131 vurgulayarak, \u00e7al\u0131\u015fmalar\u0131nda ba\u015far\u0131lar\u0131n\u0131n devam\u0131n\u0131 diledi.<\/p>\n","protected":false},"excerpt":{"rendered":"<p>Toroslar Belediye Ba\u015fkan\u0131 Ats\u0131z Af\u015f\u0131n Y\u0131lmaz, Valiler Kararnamesi ile Diyarbak\u0131r Valili\u011fi&#8217;ne atanan Mersin Valisi Ali \u0130hsan Su&#8217;yu Yunus Emre K\u00fclt\u00fcr Merkezi&#8217;nde a\u011f\u0131rlad\u0131. Sohbet havas\u0131nda ge\u00e7en veda ziyaretinde Vali Su&#8217;ya, g\u00f6rev &hellip; <a href=\"https:\/\/akdenizolaygazetesi.com\/?p=18802\" class=\"more-link\">Devam\u0131n\u0131 Oku&#8230;<\/a><\/p>\n","protected":false},"author":2,"featured_media":18803,"comment_status":"open","ping_status":"open","sticky":false,"template":"","format":"standard","meta":[],"categories":[1,2,3],"tags":[],"_links":{"self":[{"href":"https:\/\/akdenizolaygazetesi.com\/index.php?rest_route=\/wp\/v2\/posts\/18802"}],"collection":[{"href":"https:\/\/akdenizolaygazetesi.com\/index.php?rest_route=\/wp\/v2\/posts"}],"about":[{"href":"https:\/\/akdenizolaygazetesi.com\/index.php?rest_route=\/wp\/v2\/types\/post"}],"author":[{"embeddable":true,"href":"https:\/\/akdenizolaygazetesi.com\/index.php?rest_route=\/wp\/v2\/users\/2"}],"replies":[{"embeddable":true,"href":"https:\/\/akdenizolaygazetesi.com\/index.php?rest_route=%2Fwp%2Fv2%2Fcomments&post=18802"}],"version-history":[{"count":1,"href":"https:\/\/akdenizolaygazetesi.com\/index.php?rest_route=\/wp\/v2\/posts\/18802\/revisions"}],"predecessor-version":[{"id":18804,"href":"https:\/\/akdenizolaygazetesi.com\/index.php?rest_route=\/wp\/v2\/posts\/18802\/revisions\/18804"}],"wp:featuredmedia":[{"embeddable":true,"href":"https:\/\/akdenizolaygazetesi.com\/index.php?rest_route=\/wp\/v2\/media\/18803"}],"wp:attachment":[{"href":"https:\/\/akdenizolaygazetesi.com\/index.php?rest_route=%2Fwp%2Fv2%2Fmedia&parent=18802"}],"wp:term":[{"taxonomy":"category","embeddable":true,"href":"https:\/\/akdenizolaygazetesi.com\/index.php?rest_route=%2Fwp%2Fv2%2Fcategories&post=18802"},{"taxonomy":"post_tag","embeddable":true,"href":"https:\/\/akdenizolaygazetesi.com\/index.php?rest_route=%2Fwp%2Fv2%2Ftags&post=18802"}],"curies":[{"name":"wp","href":"https:\/\/api.w.org\/{rel}","templated":true}]}}