{"id":18808,"date":"2022-05-18T17:14:01","date_gmt":"2022-05-18T14:14:01","guid":{"rendered":"http:\/\/akdenizolaygazetesi.com\/?p=18808"},"modified":"2022-05-18T17:14:01","modified_gmt":"2022-05-18T14:14:01","slug":"baskan-secerden-19-mayis-mesaji","status":"publish","type":"post","link":"https:\/\/akdenizolaygazetesi.com\/?p=18808","title":{"rendered":"BA\u015eKAN SE\u00c7ER&#8217;DEN 19 MAYIS MESAJI"},"content":{"rendered":"<p>Mersin B\u00fcy\u00fck\u015fehir Belediye Ba\u015fkan\u0131 Vahap Se\u00e7er, 19 May\u0131s Atat\u00fcrk&#8217;\u00fc Anma, Gen\u00e7lik ve Spor Bayram\u0131 dolay\u0131s\u0131yla bir mesaj yay\u0131mlad\u0131. Ba\u015fkan Se\u00e7er, mesaj\u0131nda \u015fu ifadelere yer verdi:<br \/>\n&#8220;19 May\u0131s 1919 tarihinde ba\u015flayan ba\u011f\u0131ms\u0131zl\u0131k m\u00fccadelesi, varl\u0131\u011f\u0131m\u0131z\u0131 g\u00fc\u00e7lendiren, gelece\u011fe umutla bakmam\u0131z\u0131 sa\u011flayan tarihi bir ad\u0131md\u0131r. Gazi Mustafa Kemal Atat\u00fcrk, milletimize olan inanc\u0131 ve vatan sevgisinden beslenen ruhla asl\u0131nda sadece Samsun&#8217;a de\u011fil t\u00fcm Anadolu&#8217;ya ad\u0131m atm\u0131\u015ft\u0131r. \u0130\u015fte bu tarihi ad\u0131m, nice m\u00fccadelelerden sonra zaferle sonu\u00e7lanm\u0131\u015f ve ulus egemenli\u011fine dayanan, modern ve tam ba\u011f\u0131ms\u0131z yeni bir T\u00fcrkiye Cumhuriyeti Devleti kurulmu\u015ftur.<br \/>\nSevgili Gen\u00e7ler;<br \/>\nUlu \u00d6nder Atat\u00fcrk&#8217;\u00fcn Gen\u00e7li\u011fe sesleni\u015fi ve Cumhuriyet&#8217;i sizlere emanet etmesi, gelecek ku\u015faklara olan inanc\u0131n\u0131n ve g\u00fcveninin g\u00f6stergesidir.<br \/>\nSizler; \u00fclkemizin umudu ve g\u00fcvencesisiniz.<br \/>\nAtat\u00fcrk&#8217;\u00fcn sars\u0131lmaz ilke ve eserlerine sahip \u00e7\u0131kmay\u0131 s\u00fcrd\u00fcreceksiniz.<br \/>\nBizler; d\u00fcnyadaki ilerleme yar\u0131\u015f\u0131nda, hi\u00e7birinizin geride kalmamas\u0131 i\u00e7in \u00fczerimize d\u00fc\u015fen sorumlulukla daima \u00e7al\u0131\u015f\u0131yoruz. Hayallerinizi ger\u00e7ekle\u015ftirmek, ya\u015famaktan mutluluk ve onur duyaca\u011f\u0131n\u0131z bir \u015fehir ve gelecek in\u015fa etmek i\u00e7in sizlerle birlikte \u00e7al\u0131\u015fmaya da devam edece\u011fiz.<br \/>\nBu duygu ve d\u00fc\u015f\u00fcncelerle, ulusumuzun ba\u011f\u0131ms\u0131z ve \u00f6zg\u00fcr ya\u015fama kararl\u0131l\u0131\u011f\u0131n\u0131n bir g\u00f6stergesi olan 19 May\u0131s Atat\u00fcrk&#8217;\u00fc Anma, Gen\u00e7lik ve Spor Bayram\u0131&#8217;n\u0131 kutluyor, Kurtulu\u015f Sava\u015f\u0131m\u0131z\u0131n t\u00fcm kahramanlar\u0131n\u0131, \u015fehitlerimizi, gazilerimizi sayg\u0131yla ve rahmetle an\u0131yorum.&#8221;<\/p>\n","protected":false},"excerpt":{"rendered":"<p>Mersin B\u00fcy\u00fck\u015fehir Belediye Ba\u015fkan\u0131 Vahap Se\u00e7er, 19 May\u0131s Atat\u00fcrk&#8217;\u00fc Anma, Gen\u00e7lik ve Spor Bayram\u0131 dolay\u0131s\u0131yla bir mesaj yay\u0131mlad\u0131. Ba\u015fkan Se\u00e7er, mesaj\u0131nda \u015fu ifadelere yer verdi: &#8220;19 May\u0131s 1919 tarihinde ba\u015flayan &hellip; <a href=\"https:\/\/akdenizolaygazetesi.com\/?p=18808\" class=\"more-link\">Devam\u0131n\u0131 Oku&#8230;<\/a><\/p>\n","protected":false},"author":2,"featured_media":18809,"comment_status":"open","ping_status":"open","sticky":false,"template":"","format":"standard","meta":[],"categories":[2],"tags":[],"_links":{"self":[{"href":"https:\/\/akdenizolaygazetesi.com\/index.php?rest_route=\/wp\/v2\/posts\/18808"}],"collection":[{"href":"https:\/\/akdenizolaygazetesi.com\/index.php?rest_route=\/wp\/v2\/posts"}],"about":[{"href":"https:\/\/akdenizolaygazetesi.com\/index.php?rest_route=\/wp\/v2\/types\/post"}],"author":[{"embeddable":true,"href":"https:\/\/akdenizolaygazetesi.com\/index.php?rest_route=\/wp\/v2\/users\/2"}],"replies":[{"embeddable":true,"href":"https:\/\/akdenizolaygazetesi.com\/index.php?rest_route=%2Fwp%2Fv2%2Fcomments&post=18808"}],"version-history":[{"count":1,"href":"https:\/\/akdenizolaygazetesi.com\/index.php?rest_route=\/wp\/v2\/posts\/18808\/revisions"}],"predecessor-version":[{"id":18810,"href":"https:\/\/akdenizolaygazetesi.com\/index.php?rest_route=\/wp\/v2\/posts\/18808\/revisions\/18810"}],"wp:featuredmedia":[{"embeddable":true,"href":"https:\/\/akdenizolaygazetesi.com\/index.php?rest_route=\/wp\/v2\/media\/18809"}],"wp:attachment":[{"href":"https:\/\/akdenizolaygazetesi.com\/index.php?rest_route=%2Fwp%2Fv2%2Fmedia&parent=18808"}],"wp:term":[{"taxonomy":"category","embeddable":true,"href":"https:\/\/akdenizolaygazetesi.com\/index.php?rest_route=%2Fwp%2Fv2%2Fcategories&post=18808"},{"taxonomy":"post_tag","embeddable":true,"href":"https:\/\/akdenizolaygazetesi.com\/index.php?rest_route=%2Fwp%2Fv2%2Ftags&post=18808"}],"curies":[{"name":"wp","href":"https:\/\/api.w.org\/{rel}","templated":true}]}}