{"id":1881,"date":"2020-11-04T18:22:25","date_gmt":"2020-11-04T15:22:25","guid":{"rendered":"http:\/\/mersinekonomipolitikagazetesi.com\/?p=1881"},"modified":"2020-11-04T18:22:25","modified_gmt":"2020-11-04T15:22:25","slug":"bu-karar-bizim-icin-buyuk-bir-firsat-oldu","status":"publish","type":"post","link":"https:\/\/akdenizolaygazetesi.com\/?p=1881","title":{"rendered":"\u201cBU KARAR B\u0130Z\u0130M \u0130\u00c7\u0130N B\u00dcY\u00dcK B\u0130R FIRSAT OLDU\u201d"},"content":{"rendered":"<p>Mersin-Tarsus Kazanl\u0131 K\u00fclt\u00fcr ve Turizm Koruma ve Geli\u015fim B\u00f6lgesi i\u00e7in, \u2018Yat\u0131r\u0131mlarda Devlet Yard\u0131mlar\u0131 Hakk\u0131nda Kararda De\u011fi\u015fiklik Yap\u0131lmas\u0131na Dair Karar\u2019 resmi gazetede yay\u0131nlad\u0131. Karar hakk\u0131nda a\u00e7\u0131klama yapan MTSO Ba\u015fkan\u0131 Ayhan K\u0131z\u0131ltan, te\u015fviklere eklenen yeni kararla 10 y\u0131l\u0131 a\u015fk\u0131n s\u00fcredir yat\u0131r\u0131m yap\u0131lmas\u0131 i\u00e7in beklenen Kazanl\u0131 \u2013 Seyhan Turizm B\u00f6lgesi\u2019nde tesislerin kurulmas\u0131 b\u00fcy\u00fck bir \u015fans oldu\u011funu s\u00f6yledi.<\/p>\n<blockquote type=\"cite\">\n<div dir=\"ltr\">\n<p><span style=\"font-size:16px;\">28 Nisan 2018\u2019de Mersin-Tarsus Kazanl\u0131 K\u00fclt\u00fcr ve Turizm Koruma ve Geli\u015fim B\u00f6lgesi i\u00e7in resmi gazetede yay\u0131nlanan\u00a0 karar\u0131 MTSO Ba\u015fkan\u0131 Ayhan K\u0131z\u0131ltan de\u011ferlendirdi.<\/span><\/p>\n<p><span style=\"font-size:16px;\">De\u011ferlendirmeyi yapan K\u0131z\u0131ltan, te\u015fviklere eklenen yeni kararla b\u00f6lgede \u00f6nem arz edecek karar\u0131n yay\u0131nlad\u0131\u011f\u0131n\u0131 ifade etti.<\/span><\/p>\n<p><span style=\"font-size:16px;\">K\u0131z\u0131ltan, b\u00f6lgede yat\u0131r\u0131mc\u0131lar\u0131n bu kararla iyi f\u0131rsatlar yakalad\u0131\u011f\u0131na dikkat \u00e7ekerek gereken destekleri de vermeye haz\u0131r olduklar\u0131n\u0131 \u00f6ne s\u00fcrd\u00fc.<\/span><\/p>\n<p>\u00a0<\/p>\n<p><span style=\"font-size:16px;\">\u201cBUG\u00dcNDEN \u0130T\u0130BAREN YATIRIMCILARIN PE\u015e\u0130N\u0130 BIRAKMAYACA\u011eIZ\u201d<\/span><\/p>\n<p>\u00a0<\/p>\n<p><span style=\"font-size:16px;\">Bu kararda Bakan L\u00fctfi Elvan\u2019\u0131n eme\u011finin \u00e7ok oldu\u011funu belirten K\u0131z\u0131ltan: \u201cBu konuda \u00fczerimize d\u00fc\u015fen bir \u015fey varsa elimizden geleni yapmaya haz\u0131r\u0131z. Yat\u0131r\u0131mc\u0131lar bunu iyi de\u011ferlendirmelidir. Kalk\u0131nma Bakan\u0131m\u0131z Say\u0131n L\u00fctfi Elvan\u2019\u0131n bu karar\u0131n \u00e7\u0131kmas\u0131nda eme\u011fi \u00e7ok b\u00fcy\u00fck. Ba\u015fta Say\u0131n Bakan\u0131m\u0131z olmak \u00fczere eme\u011fi ge\u00e7en herkese te\u015fekk\u00fcrlerimi arz ediyorum. Bug\u00fcnden itibaren yat\u0131r\u0131mc\u0131lar\u0131n pe\u015fini b\u0131rakmayaca\u011f\u0131z\u201d \u015feklinde konu\u015ftu.<\/span><\/p>\n<p>\u00a0<\/p>\n<p><span style=\"font-size:16px;\">\u201cMERS\u0130N TUR\u0130ZM\u2019DE \u00c7OK POTANS\u0130YEL BARINDIRIYOR\u201d<\/span><\/p>\n<div>\n<div aria-label=\"Geni\u015fletilen i\u00e7eri\u011fi gizleyin\" data-tooltip=\"Geni\u015fletilen i\u00e7eri\u011fi gizleyin\" id=\":kq\" role=\"button\" style=\"clear:both;\" tabindex=\"0\"><span style=\"font-size:16px;\"><img src=\"https:\/\/ssl.gstatic.com\/ui\/v1\/icons\/mail\/images\/cleardot.gif\" style=\"height:8px;width:20px;\" \/><\/span><\/div>\n<\/div>\n<div>\n<p>\u00a0<\/p>\n<p><span style=\"font-size:16px;\">Mersin\u2019de, Kazanl\u0131 \u2013 Seyhan B\u00f6lgesi d\u0131\u015f\u0131nda 7 tane daha K\u00fclt\u00fcr ve Turizm Koruma ve Geli\u015fim B\u00f6lgesi oldu\u011funu kaydeden K\u0131z\u0131ltan, 1 tanesinin k\u0131\u015f turizmi di\u011ferlerinin deniz turizmini geli\u015ftirme ama\u00e7l\u0131 b\u00f6lgeler oldu\u011funu, Kazanl\u0131 B\u00f6lgesinden sonra buralar\u0131n da yat\u0131r\u0131mc\u0131lara tahsis edilebilir hale getirilerek Mersin turizm yat\u0131r\u0131mlar\u0131n\u0131n ivme kazanmas\u0131 gerekti\u011finin vurgulad\u0131. S\u00f6zlerine devam eden K\u0131z\u0131ltan, Mersin tarihi, do\u011fas\u0131, kumu, g\u00fcne\u015fi, deniziyle b\u00fcy\u00fck bir turizm potansiyeli bar\u0131nd\u0131rd\u0131\u011f\u0131n\u0131 ifade ederek: \u201c\u0130limizde tespit edilmi\u015f turizm b\u00f6lgelerinin yat\u0131r\u0131mc\u0131lara tahsis edilebilir hale getirilmesi i\u00e7in b\u00fcy\u00fck \u00e7aba harcan\u0131yor. Bu te\u015fvikler, bu b\u00f6lgelerin baz\u0131lar\u0131na yap\u0131lacak yat\u0131r\u0131mlar\u0131 da kapsayacak. Bu karar bizim i\u00e7in b\u00fcy\u00fck bir f\u0131rsat oldu.\u201d \u015feklinde belirtti.<\/span><\/p>\n<p>\u00a0<\/p>\n<p>\u00a0<\/p>\n<p><span style=\"font-size:16px;\">Resmi Gazetede kararlar ise \u015fu \u015fekilde\u00a0 yay\u0131nland\u0131:<\/span><\/p>\n<p>\u00a0<\/p>\n<p><span style=\"font-size:16px;\">1. K\u00fclt\u00fcr ve Turizm Koruma ve Geli\u015fim B\u00f6lgelerinde bir veya birden fazla yat\u0131r\u0131mc\u0131 taraf\u0131ndan ger\u00e7ekle\u015ftirilecek asgari 7 bin 500 yatak kapasitesini haiz turizm yat\u0131r\u0131mlar\u0131 i\u00e7in be\u015finci b\u00f6lgede uygulanan b\u00f6lgesel destek unsurlar\u0131n\u0131n bu maddede belirtilmeyen h\u00fck\u00fcmleri ayn\u0131 kalmak \u00fczere a\u015fa\u011f\u0131daki destek, oran, s\u00fcre, miktar ve \u015fartlar\u0131 uygulanabilir:<\/span><\/p>\n<p>\u00a0<\/p>\n<p><span style=\"font-size:16px;\">a) Bankalardan kullan\u0131lacak en az bir y\u0131l vadeli yat\u0131r\u0131m kredilerinin te\u015fvik belgesinde kay\u0131tl\u0131 sabit yat\u0131r\u0131m tutar\u0131n\u0131n y\u00fczde 80\u2019ine kadar olan k\u0131sm\u0131 i\u00e7in \u00f6denecek faizin veya kar pay\u0131n\u0131n T\u00fcrk Liras\u0131 kredilerde yedi puan\u0131na kadar\u0131, d\u00f6viz kredileri ve d\u00f6vize endeksli kredilerde \u00fc\u00e7 puan\u0131na kadar\u0131, Bakanl\u0131k\u00e7a da uygun g\u00f6r\u00fclmesi halinde ilk 10 y\u0131l i\u00e7in \u00f6denmek kayd\u0131yla b\u00fct\u00e7e kaynaklar\u0131ndan kar\u015f\u0131lanabilir.<\/span><\/p>\n<p>\u00a0<\/p>\n<p><span style=\"font-size:16px;\">b) Vergi indirimi deste\u011fi kapsam\u0131nda yat\u0131r\u0131ma kat\u0131k oran\u0131 y\u00fczde 55, vergi indirimi oran\u0131 y\u00fczde 90 ve toplam yat\u0131r\u0131ma katk\u0131 tutar\u0131n\u0131n yat\u0131r\u0131m d\u00f6neminde di\u011fer faaliyetlerden elde edilecek kazan\u00e7lar \u00fczerinden kullan\u0131labilecek oran\u0131 y\u00fczde 100 olarak uygulan\u0131r.<\/span><\/p>\n<p>\u00a0<\/p>\n<p><span style=\"font-size:16px;\">c) Yat\u0131r\u0131mc\u0131 taraf\u0131ndan talep edilmesi halinde, azami destek tutar\u0131 ve s\u00fcresi ayn\u0131 kalmak \u00fczere sigorta primi i\u015fleyen hissesi ve deste\u011fi uygulanmas\u0131na yat\u0131r\u0131m tamamlama vizesi \u015fart\u0131 aranmaks\u0131z\u0131n yat\u0131r\u0131m d\u00f6nemi i\u00e7erisinde ba\u015flanabilir.\u00a0<\/span><\/p>\n<p>\u00a0<\/p>\n<p><span style=\"font-size:16px;\">\u00e7) Sabit yat\u0131r\u0131m tutar\u0131 100 milyon TL ve \u00fczerindeki te\u015fvik belgeli yat\u0131r\u0131mlar kapsam\u0131nda yap\u0131lacak bina in\u015faat harcamalar\u0131 KDV iadesinden yararland\u0131r\u0131labilir.<\/span><\/p>\n<p>\u00a0<\/p>\n<p><span style=\"font-size:16px;\">2. M\u00fcstakil olarak belgelendirilmi\u015f kongre ve sergi merkezi, golf tesisi, sa\u011fl\u0131kl\u0131 ya\u015fam tesisi ve g\u00fcn\u00fcbirlik tesisler de bu madde kapsam\u0131ndaki desteklerden yararlanabilir.<\/span><\/p>\n<p>\u00a0<\/p>\n<p><span style=\"font-size:16px;\">3. Yat\u0131r\u0131ma ba\u015flan\u0131ld\u0131\u011f\u0131n\u0131n kabul edilmesi i\u00e7in bu maddenin yay\u0131m\u0131 tarihinden itibaren bir y\u0131l i\u00e7erisinde te\u015fvik belgesinin ilk d\u00fczenlendi\u011fi tarihteki sabit yat\u0131r\u0131m tutar\u0131n\u0131n en az y\u00fczde 10\u2019u oran\u0131nda veya asgari 5 milyon tutar\u0131nda harcama yap\u0131lmas\u0131 gerekir.<\/span><\/p>\n<p>\u00a0<\/p>\n<p><span style=\"font-size:16px;\">4. Bakanl\u0131\u011fa yap\u0131lacak te\u015fvik belgesi ve tamamlama vizesi m\u00fcracaatlar\u0131, asgari 7 bin 500 yatak kapasitesine ula\u015fmas\u0131n\u0131 m\u00fcteakip topluca de\u011ferlendirilir. Yat\u0131r\u0131mlar\u0131n biti\u015f tarihi 31.12.2022 olup m\u00fccbir sebep veya fevkalade haller d\u0131\u015f\u0131nda s\u00fcre uzat\u0131m\u0131 yap\u0131lmaz. Bu madde kapsam\u0131nda d\u00fczenlenen belgelerin tamamlama vizesinin yap\u0131labilmesi i\u00e7in, bu tarihe kadar yat\u0131r\u0131m\u0131n tamamlanarak turizm i\u015fletme belgesinin al\u0131nmas\u0131 ve bu tarihi izleyen 6 ay i\u00e7inde m\u00fcracaat edilmesi zorunludur.<\/span><\/p>\n<\/div>\n<\/div>\n<\/blockquote>\n","protected":false},"excerpt":{"rendered":"<p>Mersin-Tarsus Kazanl\u0131 K\u00fclt\u00fcr ve Turizm Koruma ve Geli\u015fim B\u00f6lgesi i\u00e7in, \u2018Yat\u0131r\u0131mlarda Devlet Yard\u0131mlar\u0131 Hakk\u0131nda Kararda De\u011fi\u015fiklik Yap\u0131lmas\u0131na Dair Karar\u2019 resmi gazetede yay\u0131nlad\u0131. Karar hakk\u0131nda a\u00e7\u0131klama yapan MTSO Ba\u015fkan\u0131 Ayhan K\u0131z\u0131ltan, &hellip; <a href=\"https:\/\/akdenizolaygazetesi.com\/?p=1881\" class=\"more-link\">Devam\u0131n\u0131 Oku&#8230;<\/a><\/p>\n","protected":false},"author":1,"featured_media":0,"comment_status":"open","ping_status":"open","sticky":false,"template":"","format":"standard","meta":[],"categories":[],"tags":[],"_links":{"self":[{"href":"https:\/\/akdenizolaygazetesi.com\/index.php?rest_route=\/wp\/v2\/posts\/1881"}],"collection":[{"href":"https:\/\/akdenizolaygazetesi.com\/index.php?rest_route=\/wp\/v2\/posts"}],"about":[{"href":"https:\/\/akdenizolaygazetesi.com\/index.php?rest_route=\/wp\/v2\/types\/post"}],"author":[{"embeddable":true,"href":"https:\/\/akdenizolaygazetesi.com\/index.php?rest_route=\/wp\/v2\/users\/1"}],"replies":[{"embeddable":true,"href":"https:\/\/akdenizolaygazetesi.com\/index.php?rest_route=%2Fwp%2Fv2%2Fcomments&post=1881"}],"version-history":[{"count":0,"href":"https:\/\/akdenizolaygazetesi.com\/index.php?rest_route=\/wp\/v2\/posts\/1881\/revisions"}],"wp:attachment":[{"href":"https:\/\/akdenizolaygazetesi.com\/index.php?rest_route=%2Fwp%2Fv2%2Fmedia&parent=1881"}],"wp:term":[{"taxonomy":"category","embeddable":true,"href":"https:\/\/akdenizolaygazetesi.com\/index.php?rest_route=%2Fwp%2Fv2%2Fcategories&post=1881"},{"taxonomy":"post_tag","embeddable":true,"href":"https:\/\/akdenizolaygazetesi.com\/index.php?rest_route=%2Fwp%2Fv2%2Ftags&post=1881"}],"curies":[{"name":"wp","href":"https:\/\/api.w.org\/{rel}","templated":true}]}}