{"id":18814,"date":"2022-05-18T17:17:06","date_gmt":"2022-05-18T14:17:06","guid":{"rendered":"http:\/\/akdenizolaygazetesi.com\/?p=18814"},"modified":"2022-05-18T17:17:06","modified_gmt":"2022-05-18T14:17:06","slug":"mersin-buyuksehirin-ana-sponsorlugunda-uluslararasi-muzik-festivali-21-mayista-basliyor","status":"publish","type":"post","link":"https:\/\/akdenizolaygazetesi.com\/?p=18814","title":{"rendered":"MERS\u0130N B\u00dcY\u00dcK\u015eEH\u0130R&#8217;\u0130N ANA SPONSORLU\u011eUNDA ULUSLARARASI M\u00dcZ\u0130K FEST\u0130VAL\u0130 21 MAYIS&#8217;TA BA\u015eLIYOR"},"content":{"rendered":"<p>Mersin&#8217;i d\u00fcnyaya tan\u0131tan en \u00f6nemli organizasyonlardan biri olan Mersin Uluslararas\u0131 M\u00fczik Festivali, 21 May\u0131s-11 Haziran aras\u0131nda &#8220;M\u00fczik Birle\u015ftirir&#8221; mottosuyla ger\u00e7ekle\u015ftirilecek. Mersin B\u00fcy\u00fck\u015fehir Belediyesi&#8217;nin ana sponsorlu\u011funda bu y\u0131l 20&#8217;ncisi yap\u0131lacak olan festivalin tan\u0131t\u0131m toplant\u0131s\u0131 ger\u00e7ekle\u015ftirildi. Divan Otel&#8217;de yap\u0131lan toplant\u0131ya B\u00fcy\u00fck\u015fehir Belediyesi K\u00fclt\u00fcr ve Sosyal \u0130\u015fler Dairesi Koordinat\u00f6r\u00fc ve Opera Sanat\u00e7\u0131s\u0131 Bengi \u0130spir \u00d6zd\u00fclger de kat\u0131ld\u0131.<br \/>\nD\u00fcnyadan sesler bu festivalde<br \/>\nMersin&#8217;in d\u00fcnyadan sesler ile de kucakla\u015faca\u011f\u0131 festivalin ana sponsorlu\u011funu, k\u00fclt\u00fcr ve sanat dostu belediyecilik anlay\u0131\u015f\u0131yla hizmet sunan Mersin B\u00fcy\u00fck\u015fehir Belediyesi \u00fcstlendi. Festivale desteklerinden dolay\u0131 Mersin B\u00fcy\u00fck\u015fehir Belediye Ba\u015fkan\u0131 Vahap Se\u00e7er&#8217;e plaket verildi. Plaketi; Ba\u015fkan Se\u00e7er ad\u0131na Bengi \u0130spir \u00d6zd\u00fclger, Mersin Valisi ad\u0131na toplant\u0131ya kat\u0131lan Mersin \u0130l K\u00fclt\u00fcr ve Turizm M\u00fcd\u00fcr\u00fc Cengiz Ekici&#8217;den ald\u0131.<br \/>\nToplant\u0131ya; Mersin Uluslararas\u0131 M\u00fczik Festivali Y\u00fcr\u00fctme Kurulu Ba\u015fkan\u0131 Selma Ya\u011fc\u0131, festivale destek veren il\u00e7e belediyeleri, sivil toplum kurulu\u015flar\u0131, oda ve \u015firket temsilcileri kat\u0131ld\u0131. Toplant\u0131n\u0131n konuklar\u0131 aras\u0131nda \u00fcnl\u00fc modac\u0131 Barbaros \u015eansal da yer al\u0131rken, toplant\u0131n\u0131n sunuculu\u011funu \u00fcnl\u00fc oyuncu Volkan Severcan yapt\u0131. \u00d6nceki y\u0131llarda ger\u00e7ekle\u015ftirilen festivallerden derlenen foto\u011fraf g\u00f6rseli ve bu y\u0131lki festivali anlatan video g\u00f6steriminin izletilmesiyle ba\u015flayan programda, &#8216;Nevit Kodall\u0131 Gen\u00e7 Yetenek \u00d6d\u00fcl\u00fc&#8217; sahibi Ada Yal\u0131n Y\u00fccel keman dinletisi ile kat\u0131l\u0131mc\u0131lar\u0131 b\u00fcy\u00fcledi.<br \/>\nMersin, sanatla birle\u015fecek<br \/>\n21 May\u0131s&#8217;ta ba\u015flayacak olan festival, 11 Haziran&#8217;a kadar a\u00e7\u0131k hava konserleri ve \u00fccretsiz etkinliklerle Mersin&#8217;i sanatla birle\u015ftirecek. Etkinlikler; Mersin K\u00fclt\u00fcr Merkezi, Tarsus Baca Meydan\u0131, Mezitli Belediyesi Amfi Tiyatrosu, Tarsus St. Paul M\u00fczesi, Toroslar Belediyesi Amfi Tiyatrosu, Yeni\u015fehir Belediyesi Atat\u00fcrk K\u00fclt\u00fcr Merkezi, Mersin \u00dcniversitesi Nevit Kodall\u0131 Konser Salonu, Mezitli Belediyesi K\u00fclt\u00fcr Merkezi, Latin Katolik Kilisesi ve \u00d6zgecan Aslan Bar\u0131\u015f Meydan\u0131&#8217;nda sahnelenecek. Sahne alacak sanat\u00e7\u0131lar, Mersinlilere unutulmaz bir festival ya\u015fatacak.<br \/>\n\u00d6zd\u00fclger: &#8220;Mersin Uluslararas\u0131 M\u00fczik Festivali sanatta g\u00fc\u00e7lendirici bir g\u00fc\u00e7 olu\u015fturuyor&#8221;<br \/>\nMersin B\u00fcy\u00fck\u015fehir Belediyesi K\u00fclt\u00fcr ve Sosyal \u0130\u015fler Dairesi Koordinat\u00f6r\u00fc ve Opera Sanat\u00e7\u0131s\u0131 Bengi \u0130spir \u00d6zd\u00fclger, &#8220;Sizlere; k\u00fclt\u00fcre ve sanata her zaman \u00e7ok b\u00fcy\u00fck ilgi g\u00f6steren, destek veren Mersin B\u00fcy\u00fck\u015fehir Belediye Ba\u015fkan\u0131m\u0131z Say\u0131n Vahap Se\u00e7er&#8217;in selam ve sevgilerini getirdim. Bu y\u0131l 20&#8217;ncisi yap\u0131lacak olan Mersin Uluslararas\u0131 M\u00fczik Festivali hem kurumum Mersin B\u00fcy\u00fck\u015fehir Belediyesi ad\u0131na hem de a\u00e7\u0131k s\u00f6ylemek gerekirse kendi ad\u0131ma beni \u00e7ok duyguland\u0131ran bir olu\u015fum. Bu festivali ger\u00e7ekten \u00e7ok \u00f6nemsiyoruz. Mersin Uluslararas\u0131 M\u00fczik Festivali ayn\u0131 zamanda sanatta g\u00fc\u00e7lendirici bir g\u00fc\u00e7 de olu\u015fturuyor&#8221; dedi.<br \/>\nFestivale Mersin B\u00fcy\u00fck\u015fehir Belediyesi olarak destek vermenin mutlulu\u011funu ya\u015fad\u0131klar\u0131n\u0131 ifade eden \u00d6zd\u00fclger, &#8220;Ba\u015fkan\u0131m\u0131z Say\u0131n Vahap Se\u00e7er, k\u00fclt\u00fcr sanat her yerde olsun, bu \u015fehirde her yer sanatla konu\u015fulsun istiyor. Bu noktada da desteklerin g\u00f6sterilmesine \u00f6nem veriyor. Bunun i\u00e7in de bir sanat\u00e7\u0131 olarak ayr\u0131ca gurur duyuyorum. B\u00fct\u00fcn ekibe, y\u00fcr\u00fctme ve y\u00f6netim kuruluna, t\u00fcm payda\u015flara \u00e7ok te\u015fekk\u00fcr ediyorum. \u00c7\u00fcnk\u00fc Mersin \u015fehri ve sanatseverleri bunu hak ediyorlar. Uzun soluklu, 20 de\u011fil daha nice y\u0131llar\u0131 olan bir festival olmas\u0131n\u0131 diliyorum&#8221; dedi.<br \/>\nYa\u011fc\u0131: &#8220;Festivalimizi bu y\u0131l da &#8216;M\u00fczik Birle\u015ftirir&#8217; diye yap\u0131yoruz&#8221;<br \/>\n20 y\u0131ld\u0131r ger\u00e7ekle\u015ftirdikleri festivalle zor bir i\u015fi ba\u015fard\u0131klar\u0131n\u0131 ifade eden Mersin Uluslararas\u0131 M\u00fczik Festivali Y\u00fcr\u00fctme Kurulu Ba\u015fkan\u0131 Selma Ya\u011fc\u0131, &#8220;Mustafa Kemal Atat\u00fcrk&#8217;\u00fcm\u00fcz\u00fcn dedi\u011fi gibi m\u00fczik ger\u00e7ekten ana damarlar\u0131m\u0131zdan biri. Her millette buna \u00e7ok \u00f6nem verilmesi laz\u0131m. Ge\u00e7en sene bu festivali yapmak pandemi olaylar\u0131ndan dolay\u0131 \u00e7ok zordu. Ama d\u00fc\u015f\u00fcnd\u00fck \u00f6yle bir festival yapal\u0131m ki buna da yeti\u015fsin, halk\u0131m\u0131z\u0131n y\u00fcre\u011fine dokunsun, onu iyile\u015ftirsin. &#8216;M\u00fczik \u0130yile\u015ftirir&#8217; dedik ve yapt\u0131k festivalimizi. Festivalimizi bu y\u0131l da &#8216;M\u00fczik Birle\u015ftirir&#8217; diye yap\u0131yoruz&#8221; dedi. Festivale destek veren t\u00fcm kurumlara te\u015fekk\u00fcrlerini ileten Ya\u011fc\u0131, A\u015f\u0131k Veysel&#8217;in &#8220;Uzun \u0130nce Bir Yolday\u0131m&#8221; t\u00fcrk\u00fcs\u00fcnden k\u00fc\u00e7\u00fck bir b\u00f6l\u00fcm okudu.<br \/>\nFestival Gala Konseri ile ba\u015flayacak<br \/>\n21 May\u0131s&#8217;ta T\u00fcrkiye&#8217;nin opera y\u0131ld\u0131zlar\u0131n\u0131n Gala Konseri ile ba\u015flayacak olan festivalde, 23 May\u0131s&#8217;ta caz format\u0131nda \u015fark\u0131lar seslendiren gen\u00e7 yetenek Elif Sanchez, 24 May\u0131s&#8217;ta ise Avusturyal\u0131 klasik m\u00fczik toplulu\u011fu Viener Klavier Quartett sahne alacak.<br \/>\n25 May\u0131s&#8217;ta A\u015f\u0131k Mahsuni \u015eerif&#8217;in t\u00fcrk\u00fclerine getirdi\u011fi yorumla m\u00fczikseverlerin g\u00f6nl\u00fcnde taht kuran T\u00fcrk Rock M\u00fczi\u011fi&#8217;nin y\u0131ld\u0131z\u0131 Ceylan Ertem, 26 May\u0131s&#8217;ta T\u00fcrk Caz M\u00fczi\u011fi&#8217;nin g\u00f6zde topluluklar\u0131ndan Kerem G\u00f6rsev Trio, 28 May\u0131s&#8217;ta etnik m\u00fczi\u011fin Kazakistanl\u0131 usta toplulu\u011fu Turan Ethno Folk Band, 29 May\u0131s&#8217;ta pop m\u00fczi\u011finin \u00fcnl\u00fc ismi Zeynep Casalini ile MBB Kent Orkestras\u0131 m\u00fczikseverlerle bulu\u015facak.<br \/>\n31 May\u0131s&#8217;ta klasik m\u00fczi\u011fin Azeri y\u0131ld\u0131z\u0131 Jamal Aliyev, 2 Haziran&#8217;da klasik m\u00fczi\u011fin Mersinli gen\u00e7 ustas\u0131 Hasan G\u00f6k\u00e7e Yorgun (Keman) ve \u00c7inli piyanist Jiao Li, 4 Haziran&#8217;da pop m\u00fczi\u011fin \u00fcnl\u00fc ismi Melek Mosso, 7 Haziran&#8217;da klasik m\u00fczi\u011fin Hollandal\u0131 ustalar\u0131ndan olu\u015fan Utrecht String Quartet sahne alacak. Festival, 11 Haziran&#8217;da \u0130stanbul Modern Dans Toplulu\u011fu&#8217;nun g\u00f6sterisi ile son bulacak.<\/p>\n","protected":false},"excerpt":{"rendered":"<p>Mersin&#8217;i d\u00fcnyaya tan\u0131tan en \u00f6nemli organizasyonlardan biri olan Mersin Uluslararas\u0131 M\u00fczik Festivali, 21 May\u0131s-11 Haziran aras\u0131nda &#8220;M\u00fczik Birle\u015ftirir&#8221; mottosuyla ger\u00e7ekle\u015ftirilecek. Mersin B\u00fcy\u00fck\u015fehir Belediyesi&#8217;nin ana sponsorlu\u011funda bu y\u0131l 20&#8217;ncisi yap\u0131lacak olan &hellip; <a href=\"https:\/\/akdenizolaygazetesi.com\/?p=18814\" class=\"more-link\">Devam\u0131n\u0131 Oku&#8230;<\/a><\/p>\n","protected":false},"author":2,"featured_media":18815,"comment_status":"open","ping_status":"open","sticky":false,"template":"","format":"standard","meta":[],"categories":[2,3,5],"tags":[],"_links":{"self":[{"href":"https:\/\/akdenizolaygazetesi.com\/index.php?rest_route=\/wp\/v2\/posts\/18814"}],"collection":[{"href":"https:\/\/akdenizolaygazetesi.com\/index.php?rest_route=\/wp\/v2\/posts"}],"about":[{"href":"https:\/\/akdenizolaygazetesi.com\/index.php?rest_route=\/wp\/v2\/types\/post"}],"author":[{"embeddable":true,"href":"https:\/\/akdenizolaygazetesi.com\/index.php?rest_route=\/wp\/v2\/users\/2"}],"replies":[{"embeddable":true,"href":"https:\/\/akdenizolaygazetesi.com\/index.php?rest_route=%2Fwp%2Fv2%2Fcomments&post=18814"}],"version-history":[{"count":1,"href":"https:\/\/akdenizolaygazetesi.com\/index.php?rest_route=\/wp\/v2\/posts\/18814\/revisions"}],"predecessor-version":[{"id":18816,"href":"https:\/\/akdenizolaygazetesi.com\/index.php?rest_route=\/wp\/v2\/posts\/18814\/revisions\/18816"}],"wp:featuredmedia":[{"embeddable":true,"href":"https:\/\/akdenizolaygazetesi.com\/index.php?rest_route=\/wp\/v2\/media\/18815"}],"wp:attachment":[{"href":"https:\/\/akdenizolaygazetesi.com\/index.php?rest_route=%2Fwp%2Fv2%2Fmedia&parent=18814"}],"wp:term":[{"taxonomy":"category","embeddable":true,"href":"https:\/\/akdenizolaygazetesi.com\/index.php?rest_route=%2Fwp%2Fv2%2Fcategories&post=18814"},{"taxonomy":"post_tag","embeddable":true,"href":"https:\/\/akdenizolaygazetesi.com\/index.php?rest_route=%2Fwp%2Fv2%2Ftags&post=18814"}],"curies":[{"name":"wp","href":"https:\/\/api.w.org\/{rel}","templated":true}]}}