{"id":18818,"date":"2022-05-23T11:38:31","date_gmt":"2022-05-23T08:38:31","guid":{"rendered":"http:\/\/akdenizolaygazetesi.com\/?p=18818"},"modified":"2022-05-23T11:38:31","modified_gmt":"2022-05-23T08:38:31","slug":"ehil-olmayan-ellerde-heba-edilen-akdenizin-cehresi-ehil-ellerde-degismeye-basladi","status":"publish","type":"post","link":"https:\/\/akdenizolaygazetesi.com\/?p=18818","title":{"rendered":"\u201cEH\u0130L OLMAYAN ELLERDE HEBA ED\u0130LEN AKDEN\u0130Z&#8217;\u0130N \u00c7EHRES\u0130, EH\u0130L ELLERDE DE\u011e\u0130\u015eMEYE BA\u015eLADI\u201d"},"content":{"rendered":"<p>\u00c7evre \u015eehircilik ve \u0130klim De\u011fi\u015fikli\u011fi Bakan\u0131 Murat Kurum\u2019un da kat\u0131l\u0131m\u0131yla, Toplu Konut \u0130daresi (TOK\u0130) taraf\u0131ndan Akdeniz il\u00e7esine ba\u011fl\u0131 Bar\u0131\u015f Mahallesi\u2019nde ba\u015flayan kentsel d\u00f6n\u00fc\u015f\u00fcm projesi temel atma t\u00f6reni ile birlikte kente kazand\u0131r\u0131lan bir dizi yat\u0131r\u0131m ve projenin temel atma t\u00f6reni ger\u00e7ekle\u015fti.<br \/>\nT\u00f6rene kat\u0131lan Bakan Kurum; \u201cAkdeniz; \u015fehrin merkezinde olmas\u0131na ra\u011fmen ehil olmayan ellerde heba edilmi\u015f, ideolojik kayg\u0131larla kaderine terk edilmi\u015fti. 2019 yerel se\u00e7imlerinden sonra il\u00e7emiz ehil ellerle tan\u0131\u015ft\u0131. Bu tarihten itibaren, i\u015fi bilen y\u00f6neticilerle \u00e7ehresi de\u011fi\u015fmeye ba\u015flayan Akdeniz modern bir kent haline geldi\u201d dedi.<br \/>\nBar\u0131\u015f Mahallesi kentsel d\u00f6n\u00fc\u015f\u00fcm alan\u0131nda ger\u00e7ekle\u015fen ve mahalle sakinlerinin de b\u00fcy\u00fck heyecanla kat\u0131ld\u0131\u011f\u0131 temel atma t\u00f6renine ayr\u0131ca; AK Parti Mersin Milletvekilleri Zeynep G\u00fcl Y\u0131lmaz, Hac\u0131 \u00d6zkan ve Ali Cumhur Ta\u015fk\u0131n, Akdeniz Kaymakam\u0131 Muhittin Pamuk, Akdeniz Belediye Ba\u015fkan\u0131 Mustafa G\u00fcltak, AK Parti ve MHP \u0130l ve il\u00e7e y\u00f6neticileri, Cumhur \u0130ttifak\u0131\u2019na mensup belediye ba\u015fkanlar\u0131, \u0130ller Bankas\u0131 ile TOK\u0130 yetkilileri kat\u0131ld\u0131.<br \/>\n\u201cHeba edilen Akdeniz&#8217;in \u00e7ehresi, ehil ellerde de\u011fi\u015fmeye ba\u015flad\u0131\u201d<br \/>\nTemel atma ve toplu a\u00e7\u0131l\u0131\u015f t\u00f6reninde bir konu\u015fma yapan \u00c7evre \u015eehircilik ve \u0130klim De\u011fi\u015fikli\u011fi Bakan\u0131 Murat Kurum, \u201cBug\u00fcn Mersin\u2019imizde sosyal konuttan futbol sahalar\u0131na, \u00e7ok ama\u00e7l\u0131 spor alanlar\u0131ndan, i\u00e7me suyu hatlar\u0131ndan, g\u00fcne\u015f enerjisi santralinden yol d\u00fczenlemelerine ve sosyal donat\u0131lara kadar bir\u00e7ok eserimizin hep birlikte temellerini at\u0131yor, a\u00e7\u0131l\u0131\u015flar\u0131n\u0131 ger\u00e7ekle\u015ftiriyoruz\u201d dedi.<br \/>\n\u201cBiz Mersin\u2019imizi, Akdeniz\u2019imizi bu hassasiyetle yeniden imar, in\u015fa ve ihya ediyoruz\u201d diyen Bakan Kurum, \u015f\u00f6yle devam etti; \u201cAkdeniz; \u015fehrin merkezinde olmas\u0131na ra\u011fmen ehil olmayan ellerde heba edilmi\u015f, ideolojik kayg\u0131larla kaderine terk edilmi\u015fti. Hamdolsun 2019 mahalli idareler se\u00e7imlerinden sonra il\u00e7emiz ehil ellerle, sosyal belediyecilikle, g\u00f6n\u00fcl belediyecili\u011fiyle tan\u0131\u015ft\u0131. Bu tarihten itibaren ehil ellerde, i\u015fi bilen y\u00f6neticilerle \u00e7ehresi de\u011fi\u015fmeye ba\u015flayan Akdeniz, k\u00f6hne bir b\u00f6lgeden modern bir kent haline geldi. Yeni yat\u0131r\u0131mlarla il\u00e7emizi g\u00fczelle\u015ftirmeye, vatanda\u015flar\u0131m\u0131z\u0131n refah\u0131n\u0131 art\u0131rmaya ve gen\u00e7lerimize sa\u011fl\u0131kl\u0131 ve ye\u015fil bir Akdeniz b\u0131rakmaya devam edece\u011fiz. A\u00e7\u0131l\u0131\u015flar\u0131m\u0131z ve temel atma t\u00f6renlerimiz, bu kararl\u0131l\u0131\u011f\u0131n g\u00f6stergesidir.\u201d<br \/>\n\u201cBar\u0131\u015f Mahallesi\u2019nde \u00f6rnek bir ya\u015fam alan\u0131 y\u00fckselecek\u201d<br \/>\nBakan Kurum; Mezitli\u2019de 262 sosyal konut, G\u00fclnar\u2019da 205 konut, cami ve ticaret merkezi, Akdeniz\u2019de futbol sahalar\u0131 ile \u00e7ok ama\u00e7l\u0131 spor alanlar\u0131 ve yol d\u00fczenlemeleri, Erdemli\u2019de 3 kilometre uzunlu\u011fundaki \u00c7e\u015fmeli kanalizasyon ikmal in\u015faat\u0131 ile 130 kilowat g\u00fcne\u015f enerjisi santralinin a\u00e7\u0131l\u0131\u015flar\u0131n\u0131 yapt\u0131klar\u0131n\u0131 hat\u0131rlatarak; \u201cBar\u0131\u015f Mahallemizde de bug\u00fcn 415 konut, 50 d\u00fckk\u00e2n, cami, kre\u015f, ticaret k\u00fclt\u00fcr merkezinin temelini hep birlikte at\u0131yoruz. Bar\u0131\u015f Mahallemizin sakinlerinin bizden talepleri vard\u0131. Vatanda\u015f\u0131m\u0131z\u0131n talep ve sorunlar\u0131na hi\u00e7bir zaman kay\u0131ts\u0131z kalmad\u0131k. \u00c7ocuklar\u0131m\u0131z\u0131n daha iyi ya\u015famas\u0131n\u0131, gen\u00e7lerimizin spor yapabilecekleri donat\u0131lara kavu\u015fmas\u0131n\u0131 istedik. Bar\u0131\u015f Mahallemizin sakinleriyle de isti\u015fare ederek altyap\u0131dan \u00fcstyap\u0131ya d\u00f6rt ba\u015f\u0131 mamur bir kentsel d\u00f6n\u00fc\u015f\u00fcm projesi haz\u0131rlad\u0131k. Bug\u00fcn de hamdolsun verdi\u011fimiz s\u00f6z\u00fc tutman\u0131n mutlulu\u011funu ya\u015f\u0131yor ve temellerini at\u0131yoruz. Buras\u0131 tamamland\u0131\u011f\u0131nda s\u0131cak yuvalar\u0131yla, \u00e7ocuklar\u0131m\u0131z\u0131n c\u0131v\u0131l c\u0131v\u0131l oynayaca\u011f\u0131 ye\u015fil alanlar\u0131yla, bereketli kazan\u00e7lar\u0131n yap\u0131laca\u011f\u0131 i\u015fyerleriyle \u00f6rnek bir ya\u015fam alan\u0131 olacak\u201d \u015feklinde konu\u015ftu.<br \/>\n\u201cMersin\u2019de tarihinin en b\u00fcy\u00fck kentsel d\u00f6n\u00fc\u015f\u00fcm projelerini ger\u00e7ekle\u015ftiriyoruz\u201d<br \/>\n\u201cMersin\u2019de tarihinin en b\u00fcy\u00fck kentsel d\u00f6n\u00fc\u015f\u00fcm projelerini ger\u00e7ekle\u015ftiriyoruz\u201d diyerek konu\u015fmas\u0131n\u0131 s\u00fcrd\u00fcren Bakan Kurum, \u015f\u00f6yle devam etti: \u201cBu kapsamda \u00c7ay Mahallesi&#8217;nde 416 konut, 1 ticaret merkezi, 1 cami ve 36 d\u00fckk\u00e2n\u0131 in\u015fa ve imar \u00e7al\u0131\u015fmalar\u0131m\u0131z\u0131 tamamlamak \u00fczereyiz. \u0130n\u015fallah Temmuz ay\u0131 i\u00e7erisinde anahtar teslimlerine ba\u015flayaca\u011f\u0131z. Bug\u00fcn burada bir m\u00fcjdemizi daha sizlerle payla\u015fmak istiyorum. \u0130n\u015fallah Toroslar il\u00e7emizde de TOK\u0130 Ba\u015fkanl\u0131\u011f\u0131m\u0131z\u0131n eli ile camilerinden k\u00fclt\u00fcr merkezlerine, ye\u015fil alanlar\u0131ndan spor merkezlerine, d\u00fckkanlar\u0131ndan okullar\u0131na kadar pek \u00e7ok sosyal donat\u0131ya sahip yakla\u015f\u0131k 500 konutluk projemizin in\u015fas\u0131na en k\u0131sa s\u00fcrede ba\u015flayaca\u011f\u0131z. Toroslar\u2019da oturan b\u00fct\u00fcn karde\u015flerimiz i\u00e7in hay\u0131rl\u0131 olsun.\u201d<br \/>\n\u201cMersin\u2019e 6 millet bah\u00e7esi projesi daha var\u201d<br \/>\nBakan Kurum; Mersin\u2019deki ye\u015fil alan miktar\u0131n\u0131 art\u0131racak ve vatanda\u015flara ye\u015fil bir nefes alan\u0131 olu\u015fturacak toplam b\u00fcy\u00fckl\u00fc\u011f\u00fc 375 bin metrekare olan 6 millet bah\u00e7esi projeleri daha bulundu\u011funu belirterek; \u201cBunlardan Akdeniz Hamidiye Mahallesi&#8217;nde yer alan Mersin Millet Bah\u00e7esi&#8217;ni ve Mezitli Tece Mahallesi&#8217;nde yer alan Muzaffer Yal\u00e7\u0131nta\u015f \u00c7aml\u0131k Mesire Alan\u0131 Millet Bah\u00e7esi&#8217;ni a\u00e7t\u0131k. 4 millet bah\u00e7esinin projelendirme \u00e7al\u0131\u015fmalar\u0131na devam ediyoruz. Yine bin 155 konut, 86 d\u00fckk\u00e2n, 3 cami, kre\u015f, ticaret ve k\u00fclt\u00fcr merkezi, h\u00fck\u00fcmet kona\u011f\u0131, ticaret merkezi ve DS\u0130 sulama in\u015faat\u0131n\u0131n yap\u0131m\u0131n\u0131 s\u00fcrd\u00fcr\u00fcyoruz.<br \/>\nT\u00fcm bu projelerle Mersin\u2019in \u00e7evresini, do\u011fas\u0131n\u0131 koruyor, evlerini, d\u00fckk\u00e2nlar\u0131n\u0131 yeniliyor, ekonomisine, istihdam\u0131na katk\u0131 sa\u011fl\u0131yoruz. Mersin\u2019i, \u015fehirlerimizi k\u00fclt\u00fcr\u00fcyle, mimarisiyle, tarihiyle, insan\u0131yla gelece\u011fe ta\u015f\u0131mak bizim boynumuzun borcudur. Bu borcu \u00f6demek i\u00e7in milletimizin bize nerede ihtiyac\u0131 varsa, milletimiz bizden nerede olmam\u0131z\u0131 istiyorsa biz orada oluyoruz. Nitekim Elaz\u0131\u011f, Malatya\u2019da deprem oldu oradayd\u0131k. Kastamonu, Bart\u0131n ve Sinop\u2019taki sellerde milletimizle beraberdik. Antalya ve Mu\u011fla\u2019daki yang\u0131nlarda \u00e7ocuklar\u0131m\u0131z\u0131n, annelerimizin, ormanlardaki canlar\u0131m\u0131z\u0131n imdad\u0131na ko\u015ftuk. Bundan sonra da hep milletimizin yan\u0131nda durmaya, milletimizle birlikte \u00fclkemizi gelece\u011fe ta\u015f\u0131maya devam edece\u011fiz\u201d \u015feklinde konu\u015ftu.<\/p>\n<p>Ba\u015fkan G\u00fcltak; \u201cDevrim niteli\u011finde projeler ger\u00e7ekle\u015ftiriyoruz\u201d<br \/>\nBar\u0131\u015f Mahallesi\u2019nde 415 daire ve 50 d\u00fckk\u00e2ndan olu\u015fan kentsel d\u00f6n\u00fc\u015f\u00fcm projesi ile \u00c7ay Mahallesi\u2019nde tamamlanan 416 toplu konut i\u00e7in d\u00fczenlenen temel atma ve a\u00e7\u0131l\u0131\u015f t\u00f6reninde konu\u015fan Akdeniz Belediye Ba\u015fkan\u0131 Mustafa G\u00fcltak; s\u00f6zlerine, Mersin ve Akdeniz\u2019in de\u011fi\u015fimi ve d\u00f6n\u00fc\u015f\u00fcm\u00fcnde verdi\u011fi destekler i\u00e7in Cumhurba\u015fkan\u0131 Recep Tayip Erdo\u011fan ve Bakanlara te\u015fekk\u00fcr ederek ba\u015flad\u0131.<br \/>\n\u201cBiz bug\u00fcn burada, sadece kentsel d\u00f6n\u00fc\u015f\u00fcm projeleri i\u00e7in bir temel atma t\u00f6reni yapm\u0131yoruz\u201d diyen Ba\u015fkan G\u00fcltak; \u201cBug\u00fcn burada Mersin ve Akdeniz i\u00e7in devrim niteli\u011finde bir t\u00f6ren ger\u00e7ekle\u015ftiriyoruz. \u00c7\u00fcnk\u00fc Mersin\u2019in merkezinde g\u00f6rd\u00fc\u011f\u00fcn\u00fcz bu alanlarda, y\u0131llard\u0131r hi\u00e7 kimse bu projeleri ba\u015flatamad\u0131\u201d dedi.<br \/>\n\u201cBu sadece ba\u015flang\u0131\u00e7, start\u0131 yeni verdik\u201d<br \/>\n\u00c7ay Mahallesi\u2019nde yap\u0131lan toplu konutlar\u0131n tamamland\u0131\u011f\u0131n\u0131, Bar\u0131\u015f Mahallesi\u2019nde de yeni konutlar\u0131n yak\u0131n tarihte y\u00fckselece\u011fini kaydeden Ba\u015fkan G\u00fcltak, kentsel d\u00f6n\u00fc\u015f\u00fcme farkl\u0131 mahallelerde ya\u015fayan bir\u00e7ok vatanda\u015ftan talep geldi\u011fine dikkat \u00e7ekti. Ba\u015fkan G\u00fcltak, s\u00f6zlerini \u015f\u00f6yle s\u00fcrd\u00fcrd\u00fc; \u201cBu sadece ba\u015flang\u0131\u00e7. Filmin sonu de\u011fil, start\u0131 yeni verdik. Buralar\u0131 adeta mezbelelikti. Kad\u0131nlar\u0131m\u0131z\u0131n, gen\u00e7lerimizin, \u00e7ocuklar\u0131m\u0131z\u0131n ezildi\u011fi, hizmet alamad\u0131\u011f\u0131, altyap\u0131s\u0131 olmayan, her ya\u011fmurda evleri su basan alanlard\u0131.<br \/>\n\u015eimdi ise devletimizin, h\u00fck\u00fcmetimizin, bakanlar\u0131m\u0131z\u0131n sayesinde altyap\u0131s\u0131 olan, kre\u015fi, camisi, k\u00fclt\u00fcr merkezi, do\u011fal gaz\u0131 olan yepyeni binalara sahip olaca\u011f\u0131z. Biz Bar\u0131\u015f\u2019ta \u015fu an hak sahiplerinin y\u00fczde 90\u2019\u0131n\u0131n \u00fczerinde ile anla\u015fm\u0131\u015f durumday\u0131z ki bu rakam rekordur. \u00c7ay Mahallesi\u2019nde de \u00f6n g\u00f6r\u00fc\u015fmelerimizde y\u00fczde 80\u2019ler civar\u0131nda olumlu geri d\u00f6n\u00fc\u015fler ald\u0131k. G\u00f6reve geldi\u011fimizde bu projelerimizi anlatt\u0131\u011f\u0131m\u0131zda, birileri \u2018hayal\u2019 diyordu. \u0130\u015fte bug\u00fcn o hayaller ger\u00e7e\u011fe d\u00f6n\u00fc\u015f\u00fcyor. Akdeniz il\u00e7emizi; Devletimiz, H\u00fck\u00fcmetimiz ve Bakanl\u0131klar\u0131m\u0131z\u0131n sa\u011flad\u0131\u011f\u0131 desteklerle de\u011fi\u015ftirmeye, d\u00f6n\u00fc\u015ft\u00fcrmeye ve gelece\u011fe haz\u0131rlamaya devam edece\u011fiz. Millet Bah\u00e7emizin yap\u0131m\u0131nda, TOK\u0130 yat\u0131r\u0131mlar\u0131nda ve bir\u00e7ok konuda bizleri yaln\u0131z b\u0131rakmayan Say\u0131n Murat Kurum Bakan\u0131m\u0131za, Say\u0131n L\u00fctfi Elvan Bakan\u0131m\u0131z ve bizleri yaln\u0131z b\u0131rakmayan Say\u0131n Milletvekillerimize, en ba\u015fta da D\u00fcnya Lideri Say\u0131n Cumhurba\u015fkan\u0131m\u0131z Recep Tayyip Erdo\u011fan\u2019a sevgi, sayg\u0131 ve h\u00fcrmetlerimi sunuyorum.\u201d<br \/>\nKonu\u015fmalar\u0131n ard\u0131ndan \u00c7evre \u015eehircilik ve \u0130klim De\u011fi\u015fikli\u011fi Bakan\u0131 Murat Kurum, Mersin Milletvekilleri ve Belediye Ba\u015fkanlar\u0131, protokol \u00fcyeleri ile Bar\u0131\u015f Mahallesi\u2019nde ya\u015fayan \u00e7ocuklar\u0131n kat\u0131l\u0131m\u0131yla; Bar\u0131\u015f Mahallesi kentsel d\u00f6n\u00fc\u015f\u00fcm projesi, \u00c7ay Mahallesi\u2019nde yap\u0131m\u0131 biten toplu konutlar ile birlikte kentte ger\u00e7ekle\u015fen \u00e7e\u015fitli altyap\u0131 yat\u0131r\u0131mlar\u0131 ve spor tesisleri ile i\u015fyerlerinin toplu temel atma ve a\u00e7\u0131l\u0131\u015f\u0131, okunan dualar\u0131n ard\u0131ndan butonlara bas\u0131larak ger\u00e7ekle\u015fti. <\/p>\n","protected":false},"excerpt":{"rendered":"<p>\u00c7evre \u015eehircilik ve \u0130klim De\u011fi\u015fikli\u011fi Bakan\u0131 Murat Kurum\u2019un da kat\u0131l\u0131m\u0131yla, Toplu Konut \u0130daresi (TOK\u0130) taraf\u0131ndan Akdeniz il\u00e7esine ba\u011fl\u0131 Bar\u0131\u015f Mahallesi\u2019nde ba\u015flayan kentsel d\u00f6n\u00fc\u015f\u00fcm projesi temel atma t\u00f6reni ile birlikte kente &hellip; <a href=\"https:\/\/akdenizolaygazetesi.com\/?p=18818\" class=\"more-link\">Devam\u0131n\u0131 Oku&#8230;<\/a><\/p>\n","protected":false},"author":2,"featured_media":18819,"comment_status":"open","ping_status":"open","sticky":false,"template":"","format":"standard","meta":[],"categories":[1,2,3,6],"tags":[],"_links":{"self":[{"href":"https:\/\/akdenizolaygazetesi.com\/index.php?rest_route=\/wp\/v2\/posts\/18818"}],"collection":[{"href":"https:\/\/akdenizolaygazetesi.com\/index.php?rest_route=\/wp\/v2\/posts"}],"about":[{"href":"https:\/\/akdenizolaygazetesi.com\/index.php?rest_route=\/wp\/v2\/types\/post"}],"author":[{"embeddable":true,"href":"https:\/\/akdenizolaygazetesi.com\/index.php?rest_route=\/wp\/v2\/users\/2"}],"replies":[{"embeddable":true,"href":"https:\/\/akdenizolaygazetesi.com\/index.php?rest_route=%2Fwp%2Fv2%2Fcomments&post=18818"}],"version-history":[{"count":1,"href":"https:\/\/akdenizolaygazetesi.com\/index.php?rest_route=\/wp\/v2\/posts\/18818\/revisions"}],"predecessor-version":[{"id":18820,"href":"https:\/\/akdenizolaygazetesi.com\/index.php?rest_route=\/wp\/v2\/posts\/18818\/revisions\/18820"}],"wp:featuredmedia":[{"embeddable":true,"href":"https:\/\/akdenizolaygazetesi.com\/index.php?rest_route=\/wp\/v2\/media\/18819"}],"wp:attachment":[{"href":"https:\/\/akdenizolaygazetesi.com\/index.php?rest_route=%2Fwp%2Fv2%2Fmedia&parent=18818"}],"wp:term":[{"taxonomy":"category","embeddable":true,"href":"https:\/\/akdenizolaygazetesi.com\/index.php?rest_route=%2Fwp%2Fv2%2Fcategories&post=18818"},{"taxonomy":"post_tag","embeddable":true,"href":"https:\/\/akdenizolaygazetesi.com\/index.php?rest_route=%2Fwp%2Fv2%2Ftags&post=18818"}],"curies":[{"name":"wp","href":"https:\/\/api.w.org\/{rel}","templated":true}]}}