{"id":1882,"date":"2020-11-04T18:22:25","date_gmt":"2020-11-04T15:22:25","guid":{"rendered":"http:\/\/mersinekonomipolitikagazetesi.com\/?p=1882"},"modified":"2020-11-04T18:22:25","modified_gmt":"2020-11-04T15:22:25","slug":"cocuklar-afetlere-karsi-ajanda-ile-bilgilendirildi","status":"publish","type":"post","link":"https:\/\/akdenizolaygazetesi.com\/?p=1882","title":{"rendered":"\u00c7ocuklar, afetlere kar\u015f\u0131 ajanda ile bilgilendirildi"},"content":{"rendered":"<p>Mersin B\u00fcy\u00fck\u015fehir Belediyesi taraf\u0131ndan \u00e7ocuklar\u0131 afetler konusunda bilin\u00e7lendirmek amac\u0131yla haz\u0131rlanan 10 bin adet &#8216;Afet ve \u00c7ocuk Ajandas\u0131&#8217; merkez ve k\u0131rsaldaki okullara da\u011f\u0131t\u0131ld\u0131.<\/p>\n<p><span style=\"font-size:16px;\"><span style=\"font-family: sans-serif; line-height: 20px; text-align: justify; background-color: rgb(242, 244, 245);\">Mersin B\u00fcy\u00fck\u015fehir Belediyesi taraf\u0131ndan ilk ve ortaokul d\u00fczeyindeki \u00e7ocuklara 10 bin adet &#8216;Afet ve \u00c7ocuk Ajandas\u0131&#8217; da\u011f\u0131t\u0131ld\u0131. Yapra\u011f\u0131n bir sayfas\u0131nda not yazma b\u00f6l\u00fcm\u00fc, di\u011fer taraf\u0131nda ise e\u011fitici ve \u00f6\u011fretici bilgilerin yer ald\u0131\u011f\u0131 ajanda, gerek i\u00e7erdi\u011fi bilgiler ve gerekse \u00e7izgisel tasar\u0131mlar\u0131 ile adeta bir ders kitab\u0131 niteli\u011finde oldu\u011fu kaydedildi.\u00a0<\/span><br style=\"box-sizing: border-box; font-family: sans-serif; font-size: 14px; line-height: 20px; text-align: justify; background-color: rgb(242, 244, 245);\" \/><br \/>\n<span style=\"font-family: sans-serif; line-height: 20px; text-align: justify; background-color: rgb(242, 244, 245);\">Mersin B\u00fcy\u00fck\u015fehir Belediyesinden yap\u0131lan a\u00e7\u0131klamada, ajandada, T\u00fcrkiye\u2019nin jeolojik, topografik ve meteorolojik ko\u015fullar\u0131n olumsuzlu\u011fu nedeniyle s\u0131k s\u0131k deprem, heyelan, \u00e7\u0131\u011f, sel, don, kaya d\u00fc\u015fmesi gibi b\u00fcy\u00fck afetlerle kar\u015f\u0131 kar\u015f\u0131ya kalabildi\u011fi bilgilerinin yer ald\u0131\u011f\u0131 bildirildi. \u0130nsanlara zarar veren, can ve mal kay\u0131plar\u0131na yol a\u00e7an afetlerin k\u0131sa zamanda meydana gelen ve insanlar taraf\u0131ndan engellenemeyen olaylar oldu\u011funun anlat\u0131ld\u0131\u011f\u0131 ajandada ayn\u0131 zamanda, k\u00fc\u00e7\u00fck tedbirlerin can kurtar\u0131c\u0131 \u00f6zelikleri ve afetlerin basit tedbirlerle nas\u0131l felakete neden olmalar\u0131n\u0131n \u00f6nlenebilece\u011fi de kaydedildi.\u00a0<\/span><br style=\"box-sizing: border-box; font-family: sans-serif; font-size: 14px; line-height: 20px; text-align: justify; background-color: rgb(242, 244, 245);\" \/><br \/>\n<span style=\"font-family: sans-serif; line-height: 20px; text-align: justify; background-color: rgb(242, 244, 245);\">G\u00fclnar Kuskan Ortaokulu Rehberlik \u00d6\u011fretmeni Servet \u015eahin &#8220;Afet ve \u00c7ocuk Ajandas\u0131\u2019n\u0131n \u00f6\u011frencilerimizde trafik kazalar\u0131, deprem, sel, yang\u0131n hakk\u0131nda \u00f6nemli fark\u0131ndal\u0131k olu\u015fturaca\u011f\u0131n\u0131 d\u00fc\u015f\u00fcn\u00fcyorum. Bu konuyla ilgili zaten okulumuzda rehber \u00f6\u011fretmen olarak bilgiler vermi\u015ftik. Ancak b\u00f6yle bir el kitab\u0131n\u0131n haz\u0131rlanmas\u0131, onlar\u0131n trafik kazalar\u0131, sel, deprem, yang\u0131n, travma sonras\u0131ndaki ya\u015fad\u0131klar\u0131 stres bozukluklar\u0131n\u0131 nas\u0131l \u00f6nleyeceklerini, hayatlar\u0131n\u0131 nas\u0131l daha normale \u00e7evirecekleri konusunda bilgilenmeleri a\u00e7\u0131s\u0131ndan gayet olumlu bir \u00e7al\u0131\u015fma oldu\u011funu d\u00fc\u015f\u00fcn\u00fcyorum. Bunun asl\u0131nda \u00f6nleyici bir rehberlik \u00e7al\u0131\u015fmas\u0131 oldu\u011fu, T\u00fcrkiye bir deprem b\u00f6lgesinde yer ald\u0131\u011f\u0131 i\u00e7in bunlar\u0131 \u00f6nleyici bir \u00e7al\u0131\u015fma olarak fark\u0131ndal\u0131k olu\u015fturmak a\u00e7\u0131s\u0131ndan gayet olumlu bir \u00e7al\u0131\u015fma oldu\u011funu d\u00fc\u015f\u00fcn\u00fcyorum. Eme\u011fi ge\u00e7enlere te\u015fekk\u00fcr ederiz&#8221; dedi.\u00a0<\/span><\/span><\/p>\n","protected":false},"excerpt":{"rendered":"<p>Mersin B\u00fcy\u00fck\u015fehir Belediyesi taraf\u0131ndan \u00e7ocuklar\u0131 afetler konusunda bilin\u00e7lendirmek amac\u0131yla haz\u0131rlanan 10 bin adet &#8216;Afet ve \u00c7ocuk Ajandas\u0131&#8217; merkez ve k\u0131rsaldaki okullara da\u011f\u0131t\u0131ld\u0131. Mersin B\u00fcy\u00fck\u015fehir Belediyesi taraf\u0131ndan ilk ve ortaokul d\u00fczeyindeki &hellip; <a href=\"https:\/\/akdenizolaygazetesi.com\/?p=1882\" class=\"more-link\">Devam\u0131n\u0131 Oku&#8230;<\/a><\/p>\n","protected":false},"author":1,"featured_media":0,"comment_status":"open","ping_status":"open","sticky":false,"template":"","format":"standard","meta":[],"categories":[],"tags":[],"_links":{"self":[{"href":"https:\/\/akdenizolaygazetesi.com\/index.php?rest_route=\/wp\/v2\/posts\/1882"}],"collection":[{"href":"https:\/\/akdenizolaygazetesi.com\/index.php?rest_route=\/wp\/v2\/posts"}],"about":[{"href":"https:\/\/akdenizolaygazetesi.com\/index.php?rest_route=\/wp\/v2\/types\/post"}],"author":[{"embeddable":true,"href":"https:\/\/akdenizolaygazetesi.com\/index.php?rest_route=\/wp\/v2\/users\/1"}],"replies":[{"embeddable":true,"href":"https:\/\/akdenizolaygazetesi.com\/index.php?rest_route=%2Fwp%2Fv2%2Fcomments&post=1882"}],"version-history":[{"count":0,"href":"https:\/\/akdenizolaygazetesi.com\/index.php?rest_route=\/wp\/v2\/posts\/1882\/revisions"}],"wp:attachment":[{"href":"https:\/\/akdenizolaygazetesi.com\/index.php?rest_route=%2Fwp%2Fv2%2Fmedia&parent=1882"}],"wp:term":[{"taxonomy":"category","embeddable":true,"href":"https:\/\/akdenizolaygazetesi.com\/index.php?rest_route=%2Fwp%2Fv2%2Fcategories&post=1882"},{"taxonomy":"post_tag","embeddable":true,"href":"https:\/\/akdenizolaygazetesi.com\/index.php?rest_route=%2Fwp%2Fv2%2Ftags&post=1882"}],"curies":[{"name":"wp","href":"https:\/\/api.w.org\/{rel}","templated":true}]}}