{"id":18828,"date":"2022-05-23T11:43:05","date_gmt":"2022-05-23T08:43:05","guid":{"rendered":"http:\/\/akdenizolaygazetesi.com\/?p=18828"},"modified":"2022-05-23T11:43:05","modified_gmt":"2022-05-23T08:43:05","slug":"baskan-yilmaz-toroslarimizda-cumhur-ittifakinin-ruhunu-yasiyoruz","status":"publish","type":"post","link":"https:\/\/akdenizolaygazetesi.com\/?p=18828","title":{"rendered":"Ba\u015fkan Y\u0131lmaz: &#8220;Toroslar\u0131m\u0131zda Cumhur \u0130ttifak\u0131&#8217;n\u0131n Ruhunu Ya\u015f\u0131yoruz&#8221;"},"content":{"rendered":"<p>Toroslar Belediye Ba\u015fkan\u0131 Ats\u0131z Af\u015f\u0131n Y\u0131lmaz, Milliyet\u00e7i Hareket Partisi (MHP) Yerel Y\u00f6netimlerden Sorumlu Genel Ba\u015fkan Yard\u0131mc\u0131s\u0131 Sadir Durmaz&#8217;\u0131 a\u011f\u0131rlad\u0131.<\/p>\n<p>Genel Ba\u015fkan Yard\u0131mc\u0131s\u0131 Durmaz&#8217;\u0131n ziyaretinden onur duyduklar\u0131n\u0131 ve g\u00fc\u00e7 ald\u0131klar\u0131n\u0131 belirten Ba\u015fkan Y\u0131lmaz; &#8220;Genel Ba\u015fkan\u0131m\u0131z, Liderimiz Devlet Bah\u00e7eli&#8217;nin emrinde, birlik ve beraberlik i\u00e7inde in\u015fallah 2023 ve 2024&#8217;de mutlak suretle zafere ula\u015faca\u011f\u0131z. Bunun i\u00e7in her \u015feye sahibiz&#8221; dedi.<\/p>\n<p>Toroslar Belediyesini ziyaret eden MHP Yerel Y\u00f6netimlerden Sorumlu Genel Ba\u015fkan Yard\u0131mc\u0131s\u0131 Sadir Durmaz, Yunus Emre K\u00fclt\u00fcr Merkezi&#8217;nde Belediye Ba\u015fkan\u0131 Ats\u0131z Af\u015f\u0131n Y\u0131lmaz, \u0130l ve \u0130l\u00e7e Te\u015fkilat Ba\u015fkanlar\u0131 ile belediye meclis \u00fcyeleri ve belediye personeli taraf\u0131ndan co\u015fkuyla kar\u015f\u0131land\u0131.<\/p>\n<p>Ba\u015fkan Y\u0131lmaz: &#8220;Toroslar\u0131m\u0131zda Cumhur \u0130ttifak\u0131&#8217;n\u0131n Ruhunu Ya\u015f\u0131yoruz&#8221;<\/p>\n<p>Genel Ba\u015fkan Yard\u0131mc\u0131s\u0131 Sadir Durmaz&#8217;a Toroslar Belediyesi olarak il\u00e7ede hayata ge\u00e7irdikleri e\u011fitimden sa\u011fl\u0131\u011fa, spordan turizme, ula\u015f\u0131mdan alt yap\u0131ya y\u00f6nelik \u00e7al\u0131\u015fmalar\u0131yla ilgili bilgiler veren Ba\u015fkan Y\u0131lmaz; &#8220;Say\u0131n Genel Ba\u015fkan Yard\u0131mc\u0131m\u0131z Sadir Durmaz&#8217;\u0131n kentimize ve belediyemize te\u015frifleri bizleri son derece mutlu etmi\u015f ve g\u00fc\u00e7 vermi\u015ftir. Toroslar\u0131m\u0131zda Cumhur \u0130ttifak\u0131&#8217;n\u0131n, ruhunu ya\u015f\u0131yoruz. 2023, 2053 ve 2071 vizyonuna inan\u0131yoruz. Bunun kazan\u0131mlar\u0131n\u0131 g\u00f6r\u00fcyor, anl\u0131yor ve anlat\u0131yoruz&#8221; ifadelerini kulland\u0131.<\/p>\n<p>Genel Ba\u015fkan Yard\u0131mc\u0131s\u0131 Durmaz; &#8220;Belediye Ba\u015fkan\u0131m\u0131z Y\u0131lmaz&#8217;a \u015eehre De\u011fer Katan \u00c7al\u0131\u015fmalar\u0131 \u0130\u00e7in Te\u015fekk\u00fcr Ederiz&#8221;<\/p>\n<p>Toroslar&#8217;\u0131n ge\u00e7mi\u015ften g\u00fcn\u00fcm\u00fcze belediyecilik anlam\u0131nda \u00e7ok \u00f6nemli hizmetlerin yap\u0131ld\u0131\u011f\u0131 ve y\u00fcz ak\u0131 olmu\u015f bir belediye oldu\u011funu belirten MHP Yerel Y\u00f6netimlerden Sorumlu Genel Ba\u015fkan Yard\u0131mc\u0131s\u0131 Sadir Durmaz ise; &#8220;Genel Ba\u015fkan\u0131m\u0131z Say\u0131n Devlet Bah\u00e7eli&#8217;nin talimatlar\u0131yla belediyelerimizi ve te\u015fkilatlar\u0131m\u0131z\u0131 ziyaret ediyoruz. Bu kapsamda Toroslar Belediyemizdeyiz. Bu g\u00fczel bulu\u015fma ve k\u0131ymetli \u00e7al\u0131\u015fmalar\u0131 i\u00e7in Belediye Ba\u015fkan\u0131m\u0131z Ats\u0131z Af\u015f\u0131n Y\u0131lmaz&#8217;a te\u015fekk\u00fcr ederiz&#8221; dedi.<\/p>\n<p>Genel Ba\u015fkan Yard\u0131mc\u0131s\u0131 Durmaz; &#8220;\u015eehre de\u011fer katan, insanlar\u0131n hayat standartlar\u0131n\u0131 ve refah seviyesini y\u00fckselten, k\u00fclt\u00fcrel hizmetler ve eserler kazand\u0131ran bir belediye ba\u015fkan\u0131, y\u0131llarca arkas\u0131ndan hay\u0131rla yad edilir. Bu nedenle belediye ba\u015fkanl\u0131\u011f\u0131 son derece zor ve bir o kadar da onurlu, keyifli ve gurur verici bir g\u00f6revdir. MHP&#8217;li belediyelerimiz, se\u00e7imde taahh\u00fct ettikleri hizmetlerin y\u00fczde 90&#8217;dan fazlas\u0131n\u0131 3 y\u0131l bitmeden ger\u00e7ekle\u015ftirmi\u015f durumdalar. Bundan sonra da ayn\u0131 kararl\u0131l\u0131kla ve inan\u00e7la \u00e7al\u0131\u015farak \u015fehre de\u011fer katacaklard\u0131r. Cumhur \u0130ttifak\u0131&#8217;n\u0131n ruhu ve g\u00fcc\u00fcyle hizmetlerin artarak devam edece\u011finden ku\u015fkumuz yoktur&#8221; dedi.<\/p>\n<p>&#8220;Bu Kutlu Y\u00fcr\u00fcy\u00fc\u015f\u00fc Asla Kesintiye U\u011fratamayacaklar&#8221;<\/p>\n<p>&#8220;Hepimizin ortak \u00e7al\u0131\u015fmas\u0131yla 2024 se\u00e7imlerinde Cumhur \u0130ttifak\u0131 olarak kaybettiklerimizi yeniden kazanarak yolumuza \u00e7ok daha g\u00fc\u00e7l\u00fc bir \u015fekilde devam edece\u011fiz&#8221; diyen Genel Ba\u015fkan Yard\u0131mc\u0131s\u0131 Durmaz; &#8220;Alt\u0131n\u0131 \u00e7izmek istedi\u011fimiz bir husus var. Hi\u00e7 kimsenin 2024&#8217;\u00fc, 2023&#8217;\u00fcn \u00f6n\u00fcne koyma hakk\u0131, l\u00fcks\u00fc ve yetkisi yoktur. \u00d6nceli\u011fimiz, Cumhuriyetimizin 100&#8217;\u00fcnc\u00fc y\u0131l\u0131nda yap\u0131lacak olan ve bize g\u00f6re y\u00fczy\u0131l\u0131n se\u00e7imi olarak de\u011ferlendirilen 2023 se\u00e7imlerini kazas\u0131z, belas\u0131z bir \u015fekilde Allah&#8217;\u0131n izniyle en g\u00fc\u00e7l\u00fc bir \u015fekilde sonu\u00e7land\u0131rmakt\u0131r. Sonras\u0131nda da 2024&#8217;e odaklanaca\u011f\u0131z. Cumhurba\u015fkan\u0131m\u0131z Say\u0131n Recep Tayyip Erdo\u011fan&#8217;\u0131, yap\u0131lacak olan se\u00e7imlerde Say\u0131n Cumhurba\u015fkan\u0131m\u0131z olarak ilan ettik ve sonuna kadar yan\u0131nda oldu\u011fumuzu kamuoyuyla payla\u015ft\u0131k. Bu do\u011frultuda \u00e7al\u0131\u015fmalar\u0131m\u0131za devam ediyoruz. T\u00fcrkiye&#8217;nin bu kutlu y\u00fcr\u00fcy\u00fc\u015f\u00fcn\u00fc ve Cumhur \u0130ttifak\u0131 g\u00fcc\u00fc ile elde ettikleri kazan\u0131mlar\u0131n\u0131 kesintiye u\u011fratmak i\u00e7in i\u00e7eriden ve d\u0131\u015far\u0131dan i\u015fbirli\u011fiyle her t\u00fcrl\u00fc gayrete girenleri hep birlikte g\u00f6sterece\u011fimiz samimi bir \u00e7abayla mahcup edece\u011fiz. Bu kutlu y\u00fcr\u00fcy\u00fc\u015f\u00fc asla kesintiye u\u011fratamayacaklar&#8221; ifadelerini kulland\u0131.<\/p>\n<p>&#8220;Cumhur \u0130ttifak\u0131&#8217;n\u0131n G\u00fcc\u00fc ve \u0130nanc\u0131yla T\u00fcrk Devletleri Te\u015fkilat\u0131 Kuruldu&#8221;<\/p>\n<p>&#8220;Rehber Kur&#8217;an, Hedef Turan&#8221; slogan\u0131n\u0131n bug\u00fcn T\u00fcrk Devletleri Te\u015fkilat\u0131 ile ger\u00e7ek oldu\u011funa dikkat \u00e7eken Genel Ba\u015fkan Yard\u0131mc\u0131s\u0131 Durmaz; &#8220;Ge\u00e7mi\u015fte duvarlara &#8216;Rehber Kur&#8217;an, Hedef Turan&#8217; slogan\u0131n\u0131 yazd\u0131k. Bug\u00fcn o hayalimiz ger\u00e7ek oldu. Turan ete, kemi\u011fe b\u00fcr\u00fcnd\u00fc, T\u00fcrk Devletleri Te\u015fkilat\u0131 kuruldu. Bunlar\u0131n hepsi Cumhur \u0130ttifak\u0131&#8217;n\u0131n g\u00fcc\u00fc ve inanc\u0131yla oldu. Bu \u00fclkenin sigortas\u0131, g\u00fcvencesi, son kalesi olarak g\u00f6rd\u00fc\u011f\u00fcm\u00fcz Milliyet\u00e7i Hareket Partisi olarak, liderimiz Devlet Bah\u00e7eli&#8217;nin haf\u0131zalara kaz\u0131d\u0131\u011f\u0131 &#8220;\u00d6nce \u00dclkem ve milletim, sonra partim ve ben&#8217; anlay\u0131\u015f\u0131yla \u00e7al\u0131\u015fmaya, bu s\u00fcreci kesintiye u\u011fratmamaya sonuna kadar kararl\u0131y\u0131z. Bunun i\u00e7in buraday\u0131z ve \u00e7al\u0131\u015faca\u011f\u0131z&#8221; \u015feklinde konu\u015ftu.<\/p>\n<p>Ba\u015fkan Y\u0131lmaz, daha sonra e\u015fi Meltem Y\u0131lmaz ile birlikte Genel Ba\u015fkan Yard\u0131mc\u0131s\u0131 Sadir Durmaz&#8217;a, Toroslar Teknik ve Mesleki E\u011fitim Kurslar\u0131&#8217;nda (TORTEK) el eme\u011fi ile \u00fcretilen \u00fcr\u00fcnlerden hediye etti.<\/p>\n","protected":false},"excerpt":{"rendered":"<p>Toroslar Belediye Ba\u015fkan\u0131 Ats\u0131z Af\u015f\u0131n Y\u0131lmaz, Milliyet\u00e7i Hareket Partisi (MHP) Yerel Y\u00f6netimlerden Sorumlu Genel Ba\u015fkan Yard\u0131mc\u0131s\u0131 Sadir Durmaz&#8217;\u0131 a\u011f\u0131rlad\u0131. Genel Ba\u015fkan Yard\u0131mc\u0131s\u0131 Durmaz&#8217;\u0131n ziyaretinden onur duyduklar\u0131n\u0131 ve g\u00fc\u00e7 ald\u0131klar\u0131n\u0131 belirten &hellip; <a href=\"https:\/\/akdenizolaygazetesi.com\/?p=18828\" class=\"more-link\">Devam\u0131n\u0131 Oku&#8230;<\/a><\/p>\n","protected":false},"author":2,"featured_media":18829,"comment_status":"open","ping_status":"open","sticky":false,"template":"","format":"standard","meta":[],"categories":[1,2,3],"tags":[],"_links":{"self":[{"href":"https:\/\/akdenizolaygazetesi.com\/index.php?rest_route=\/wp\/v2\/posts\/18828"}],"collection":[{"href":"https:\/\/akdenizolaygazetesi.com\/index.php?rest_route=\/wp\/v2\/posts"}],"about":[{"href":"https:\/\/akdenizolaygazetesi.com\/index.php?rest_route=\/wp\/v2\/types\/post"}],"author":[{"embeddable":true,"href":"https:\/\/akdenizolaygazetesi.com\/index.php?rest_route=\/wp\/v2\/users\/2"}],"replies":[{"embeddable":true,"href":"https:\/\/akdenizolaygazetesi.com\/index.php?rest_route=%2Fwp%2Fv2%2Fcomments&post=18828"}],"version-history":[{"count":1,"href":"https:\/\/akdenizolaygazetesi.com\/index.php?rest_route=\/wp\/v2\/posts\/18828\/revisions"}],"predecessor-version":[{"id":18830,"href":"https:\/\/akdenizolaygazetesi.com\/index.php?rest_route=\/wp\/v2\/posts\/18828\/revisions\/18830"}],"wp:featuredmedia":[{"embeddable":true,"href":"https:\/\/akdenizolaygazetesi.com\/index.php?rest_route=\/wp\/v2\/media\/18829"}],"wp:attachment":[{"href":"https:\/\/akdenizolaygazetesi.com\/index.php?rest_route=%2Fwp%2Fv2%2Fmedia&parent=18828"}],"wp:term":[{"taxonomy":"category","embeddable":true,"href":"https:\/\/akdenizolaygazetesi.com\/index.php?rest_route=%2Fwp%2Fv2%2Fcategories&post=18828"},{"taxonomy":"post_tag","embeddable":true,"href":"https:\/\/akdenizolaygazetesi.com\/index.php?rest_route=%2Fwp%2Fv2%2Ftags&post=18828"}],"curies":[{"name":"wp","href":"https:\/\/api.w.org\/{rel}","templated":true}]}}