{"id":1883,"date":"2020-11-04T18:22:25","date_gmt":"2020-11-04T15:22:25","guid":{"rendered":"http:\/\/mersinekonomipolitikagazetesi.com\/?p=1883"},"modified":"2020-11-04T18:22:25","modified_gmt":"2020-11-04T15:22:25","slug":"meude-turkmenistan-buyukelcisi-ziyareti","status":"publish","type":"post","link":"https:\/\/akdenizolaygazetesi.com\/?p=1883","title":{"rendered":"ME\u00dc&#8217;de T\u00fcrkmenistan B\u00fcy\u00fckel\u00e7isi ziyareti"},"content":{"rendered":"<p>T\u00fcrkmenistan B\u00fcy\u00fckel\u00e7isi \u0130shankuli Amanlyev ve T\u00fcrkmenistan Konsolosu Myratgeldi Akmammedov, Mersin \u00dcniversitesi&#8217;ni (ME\u00dc) ziyaret ederek \u00fcniversite e\u011fitim g\u00f6ren T\u00fcrkmenistanl\u0131 \u00f6\u011frencilerle bir araya geldi<\/p>\n<p><span style=\"font-size:16px;\"><span style=\"font-family: sans-serif; line-height: 20px; text-align: justify; background-color: rgb(242, 244, 245);\">T\u00fcrkmenistan B\u00fcy\u00fckel\u00e7isi \u0130shankuli Amanlyev ve ile T\u00fcrkmenistan Konsolosu Myratgeldi Akmammedov, ME\u00dc&#8217;y\u00fc ziyaret ederek \u00e7al\u0131\u015fmalar hakk\u0131nda bilgi ald\u0131lar. Rekt\u00f6rl\u00fck Senato Odas\u0131nda ger\u00e7ekle\u015ftirilen ziyaretin ard\u0131ndan, Amanlyev ve Akmammedov, \u00fcniversitede okuyan T\u00fcrkmenistanl\u0131 \u00f6\u011frenciler ile bir araya geldi.\u00a0<\/span><\/span><\/p>\n","protected":false},"excerpt":{"rendered":"<p>T\u00fcrkmenistan B\u00fcy\u00fckel\u00e7isi \u0130shankuli Amanlyev ve T\u00fcrkmenistan Konsolosu Myratgeldi Akmammedov, Mersin \u00dcniversitesi&#8217;ni (ME\u00dc) ziyaret ederek \u00fcniversite e\u011fitim g\u00f6ren T\u00fcrkmenistanl\u0131 \u00f6\u011frencilerle bir araya geldi T\u00fcrkmenistan B\u00fcy\u00fckel\u00e7isi \u0130shankuli Amanlyev ve ile T\u00fcrkmenistan Konsolosu &hellip; <a href=\"https:\/\/akdenizolaygazetesi.com\/?p=1883\" class=\"more-link\">Devam\u0131n\u0131 Oku&#8230;<\/a><\/p>\n","protected":false},"author":1,"featured_media":0,"comment_status":"open","ping_status":"open","sticky":false,"template":"","format":"standard","meta":[],"categories":[],"tags":[],"_links":{"self":[{"href":"https:\/\/akdenizolaygazetesi.com\/index.php?rest_route=\/wp\/v2\/posts\/1883"}],"collection":[{"href":"https:\/\/akdenizolaygazetesi.com\/index.php?rest_route=\/wp\/v2\/posts"}],"about":[{"href":"https:\/\/akdenizolaygazetesi.com\/index.php?rest_route=\/wp\/v2\/types\/post"}],"author":[{"embeddable":true,"href":"https:\/\/akdenizolaygazetesi.com\/index.php?rest_route=\/wp\/v2\/users\/1"}],"replies":[{"embeddable":true,"href":"https:\/\/akdenizolaygazetesi.com\/index.php?rest_route=%2Fwp%2Fv2%2Fcomments&post=1883"}],"version-history":[{"count":0,"href":"https:\/\/akdenizolaygazetesi.com\/index.php?rest_route=\/wp\/v2\/posts\/1883\/revisions"}],"wp:attachment":[{"href":"https:\/\/akdenizolaygazetesi.com\/index.php?rest_route=%2Fwp%2Fv2%2Fmedia&parent=1883"}],"wp:term":[{"taxonomy":"category","embeddable":true,"href":"https:\/\/akdenizolaygazetesi.com\/index.php?rest_route=%2Fwp%2Fv2%2Fcategories&post=1883"},{"taxonomy":"post_tag","embeddable":true,"href":"https:\/\/akdenizolaygazetesi.com\/index.php?rest_route=%2Fwp%2Fv2%2Ftags&post=1883"}],"curies":[{"name":"wp","href":"https:\/\/api.w.org\/{rel}","templated":true}]}}