{"id":18831,"date":"2022-05-23T11:44:29","date_gmt":"2022-05-23T08:44:29","guid":{"rendered":"http:\/\/akdenizolaygazetesi.com\/?p=18831"},"modified":"2022-05-23T11:44:29","modified_gmt":"2022-05-23T08:44:29","slug":"genclik-konserinde-dans-ve-muzik-dolu-eglence","status":"publish","type":"post","link":"https:\/\/akdenizolaygazetesi.com\/?p=18831","title":{"rendered":"GEN\u00c7L\u0130K KONSER\u0130&#8217;NDE DANS VE M\u00dcZ\u0130K DOLU E\u011eLENCE"},"content":{"rendered":"<p>Mersin B\u00fcy\u00fck\u015fehir Belediyesi, 19 May\u0131s Atat\u00fcrk&#8217;\u00fc Anma, Gen\u00e7lik ve Spor Bayram\u0131 dolay\u0131s\u0131yla hafta boyu d\u00fczenledi\u011fi etkinliklerle Mersinlileri co\u015fturdu. O etkinliklerden biri de Adnan Menderes Bulvar\u0131 Amfi Tiyatro&#8217;daki &#8220;Gen\u00e7lik Konseri&#8221; oldu.<br \/>\nMersin&#8217;de konser co\u015fkusu bitmedi<br \/>\nB\u00fcy\u00fck\u015fehir&#8217;in 15 May\u0131s&#8217;ta ba\u015flayan kutlama etkinlikleri kortej y\u00fcr\u00fcy\u00fc\u015f\u00fc, \u015fenlikler, turnuvalar, g\u00f6steriler, yar\u0131\u015flar ve konserlerle 22 May\u0131s&#8217;a kadar s\u00fcrd\u00fc. 18-19 May\u0131s&#8217;ta Sefo, G\u00fcne\u015f ve Sagopa Kajmer konserlerinde e\u011flenceye doyamayan Mersinliler, solu\u011fu B\u00fcy\u00fck\u015fehir Belediyesi K\u00fclt\u00fcr ve Sosyal \u0130\u015fler Dairesi&#8217;nin d\u00fczenledi\u011fi &#8220;Gen\u00e7lik Konseri&#8221;nde ald\u0131.<br \/>\nMersin&#8217;de \u015fark\u0131lar, dans ve e\u011flence dolu bir gece ya\u015fand\u0131<br \/>\nDaniel Fedorean&#8217;\u0131n \u015fefli\u011finde Mersinlilere unutulmaz bir gece ya\u015fatan B\u00fcy\u00fck\u015fehir Belediyesi Kent Orkestras\u0131, konsere Bar\u0131\u015f Man\u00e7o&#8217;nun &#8220;Gibi Gibi&#8221; \u015fark\u0131s\u0131yla ba\u015flad\u0131. Kent Orkestras\u0131 ard\u0131ndan &#8220;Uyuyamam&#8221;, &#8220;Aldat\u0131ld\u0131k&#8221; ve &#8220;Zor Kad\u0131n&#8221; gibi \u015fark\u0131lar\u0131 seslendirirken; konser alan\u0131n\u0131 dolduran seyirciler zaman zaman dans edip, \u015fark\u0131lar\u0131 hep bir a\u011f\u0131zdan s\u00f6yledi.<\/p>\n","protected":false},"excerpt":{"rendered":"<p>Mersin B\u00fcy\u00fck\u015fehir Belediyesi, 19 May\u0131s Atat\u00fcrk&#8217;\u00fc Anma, Gen\u00e7lik ve Spor Bayram\u0131 dolay\u0131s\u0131yla hafta boyu d\u00fczenledi\u011fi etkinliklerle Mersinlileri co\u015fturdu. O etkinliklerden biri de Adnan Menderes Bulvar\u0131 Amfi Tiyatro&#8217;daki &#8220;Gen\u00e7lik Konseri&#8221; oldu. &hellip; <a href=\"https:\/\/akdenizolaygazetesi.com\/?p=18831\" class=\"more-link\">Devam\u0131n\u0131 Oku&#8230;<\/a><\/p>\n","protected":false},"author":2,"featured_media":18832,"comment_status":"open","ping_status":"open","sticky":false,"template":"","format":"standard","meta":[],"categories":[3,5],"tags":[],"_links":{"self":[{"href":"https:\/\/akdenizolaygazetesi.com\/index.php?rest_route=\/wp\/v2\/posts\/18831"}],"collection":[{"href":"https:\/\/akdenizolaygazetesi.com\/index.php?rest_route=\/wp\/v2\/posts"}],"about":[{"href":"https:\/\/akdenizolaygazetesi.com\/index.php?rest_route=\/wp\/v2\/types\/post"}],"author":[{"embeddable":true,"href":"https:\/\/akdenizolaygazetesi.com\/index.php?rest_route=\/wp\/v2\/users\/2"}],"replies":[{"embeddable":true,"href":"https:\/\/akdenizolaygazetesi.com\/index.php?rest_route=%2Fwp%2Fv2%2Fcomments&post=18831"}],"version-history":[{"count":1,"href":"https:\/\/akdenizolaygazetesi.com\/index.php?rest_route=\/wp\/v2\/posts\/18831\/revisions"}],"predecessor-version":[{"id":18833,"href":"https:\/\/akdenizolaygazetesi.com\/index.php?rest_route=\/wp\/v2\/posts\/18831\/revisions\/18833"}],"wp:featuredmedia":[{"embeddable":true,"href":"https:\/\/akdenizolaygazetesi.com\/index.php?rest_route=\/wp\/v2\/media\/18832"}],"wp:attachment":[{"href":"https:\/\/akdenizolaygazetesi.com\/index.php?rest_route=%2Fwp%2Fv2%2Fmedia&parent=18831"}],"wp:term":[{"taxonomy":"category","embeddable":true,"href":"https:\/\/akdenizolaygazetesi.com\/index.php?rest_route=%2Fwp%2Fv2%2Fcategories&post=18831"},{"taxonomy":"post_tag","embeddable":true,"href":"https:\/\/akdenizolaygazetesi.com\/index.php?rest_route=%2Fwp%2Fv2%2Ftags&post=18831"}],"curies":[{"name":"wp","href":"https:\/\/api.w.org\/{rel}","templated":true}]}}