{"id":1884,"date":"2020-11-04T18:22:25","date_gmt":"2020-11-04T15:22:25","guid":{"rendered":"http:\/\/mersinekonomipolitikagazetesi.com\/?p=1884"},"modified":"2020-11-04T18:22:25","modified_gmt":"2020-11-04T15:22:25","slug":"chpde-2-a-adayi-daha-sahaya-indi","status":"publish","type":"post","link":"https:\/\/akdenizolaygazetesi.com\/?p=1884","title":{"rendered":"CHP\u2019DE 2 A. ADAYI DAHA SAHAYA \u0130ND\u0130"},"content":{"rendered":"<p>Se\u00e7imlerin yakla\u015fmas\u0131yla beraber Ali K\u0131rb\u0131y\u0131k ve Gizem Gazi 27. D\u00f6nem CHP Mersin Milletvekili A. Adayl\u0131klar\u0131n\u0131 CHP il binas\u0131 \u00f6n\u00fcnde a\u00e7\u0131klad\u0131.<\/p>\n<blockquote type=\"cite\">\n<div dir=\"ltr\">\n<p><span style=\"font-size:16px;\">CHP il binas\u0131 \u00f6n\u00fcnde A. Adayl\u0131klar\u0131 a\u00e7\u0131klanmas\u0131na CHP \u0130l Ba\u015fkan\u0131 Adil Aktay, bir\u00e7ok CHP \u00f6rg\u00fct \u00fcyeleri ve vatanda\u015f yer ald\u0131.<\/span><\/p>\n<p><span style=\"font-size:16px;\">Davul ve zurnalar e\u015fli\u011finde a\u00e7\u0131klanan milletvekili adaylar\u0131 CHP il binas\u0131 \u00f6n\u00fcnde vatanda\u015ftan destek ald\u0131.<\/span><\/p>\n<p><span style=\"font-size:16px;\">K\u0131rb\u0131y\u0131k kad\u0131nlarla, gen\u00e7lerle hep birlikte ba\u015faracaklar\u0131n\u0131 dile getirerek her zamankinden daha fazla \u00e7al\u0131\u015fmalar\u0131 gerektiklerini vurgulad\u0131.<\/span><\/p>\n<p><span style=\"font-size:16px;\">Di\u011fer A. Aday\u0131 Gizem Gazi ise ilk olarak kendinden ve \u00e7al\u0131\u015fmalar\u0131ndan bahsetti.<\/span><\/p>\n<p>\u00a0<\/p>\n<p><span style=\"font-size:16px;\">AL\u0130 KIRBIYIK: \u201cSORUNLARINI D\u0130NLED\u0130M, \u00d6NER\u0130LER\u0130N\u0130 \u00d6NEMSED\u0130M VE KULAK VERD\u0130M\u201d<\/span><\/p>\n<p>\u00a0<\/p>\n<p><span style=\"font-size:16px;\">K\u0131rb\u0131y\u0131k: \u201c\u00dclkemizin son 15 y\u0131lda i\u00e7ine d\u00fc\u015f\u00fcr\u00fcld\u00fc\u011f\u00fc durumu biliyorsunuz. \u015eimdi g\u00fcn\u00fcbirlik i\u015flerimizi bir kenara b\u0131rak\u0131p, kollar\u0131 s\u0131vama ve birle\u015fme zaman\u0131d\u0131r. \u0130l ve \u0130l\u00e7e \u00f6rg\u00fctlerimizin de bildi\u011fi gibi 2015 se\u00e7imlerinden bug\u00fcne 13 il\u00e7emizin tamam\u0131n\u0131 13 defa dola\u015ft\u0131m. 461 k\u00f6y\u00fcm\u00fcz var gitmedi\u011fim k\u00f6y kalamad\u0131. Defalarca gitti\u011fim il\u00e7elerde ve k\u00f6ylerde esnaf\u0131m\u0131zla, \u00e7ift\u00e7imizle, besicilerimizle, serac\u0131lar\u0131m\u0131zla ve sanayicilerimizle tek tek g\u00f6r\u00fc\u015ft\u00fcm. Sorunlar\u0131n\u0131 dinledim, \u00f6nerilerini \u00f6nemsedim ve kulak verdim\u201d ifadelerini kulland\u0131.<\/span><\/p>\n<p>\u00a0<\/p>\n<p><span style=\"font-size:16px;\">KIRBIYIK: \u201cHER ZAMANK\u0130NDEN B\u0130RAZ DAHA FAZLA \u00c7ALI\u015eILMALI\u201d<\/span><\/p>\n<p>\u00a0<\/p>\n<p><span style=\"font-size:16px;\">Memleketin her ge\u00e7en g\u00fcn gerilere s\u00fcr\u00fcklendi\u011fini kaydeden K\u0131rb\u0131y\u0131k: \u201cBeni umutland\u0131ran tek \u015feyin halk\u0131m\u0131z\u0131n hen\u00fcz umudunu yitirmemi\u015f\u00a0 olmas\u0131, umudunu CHP\u2019de g\u00f6r\u00fcyor olmalar\u0131d\u0131r. Bu umudu bo\u015fa \u00e7\u0131karmamak partimiz i\u00e7in \u015fart oldu. Bir an \u00f6nce halk\u0131n iktidar\u0131n\u0131 kurmak zorunday\u0131z. Her zamankinden biraz daha fazla \u00e7al\u0131\u015f\u0131lmal\u0131, geceleri g\u00fcnd\u00fcz etmeli, uykuyu unutmal\u0131y\u0131z. Ba\u015far\u0131ncaya dek&#8230;\u201d \u015feklinde konu\u015ftu.<\/span><\/p>\n<p>\u00a0<\/p>\n<p><span style=\"font-size:16px;\">G\u0130ZEM GAZ\u0130: \u201cEZ\u0130LEN HER KES\u0130M\u0130N SES\u0130 OLMAYA ADAYIM\u201d<\/span><\/p>\n<p>\u00a0<\/p>\n<p><span style=\"font-size:16px;\">Konu\u015fmas\u0131n\u0131 ger\u00e7ekle\u015ftiren di\u011fer A. Aday\u0131 Gizem Gazi ise e\u011fitim ve \u00e7al\u0131\u015fmalar\u0131na de\u011finerek: \u201cEmek m\u00fccadelesi il demokrasi ve insan haklar\u0131 m\u00fccadelesini ay\u0131rmad\u0131\u011f\u0131m i\u00e7in aday\u0131m. OHAL, KHK ortam\u0131nda ya\u015fat\u0131lan zul\u00fcmleri yapanlarla, her alandaki adaletsizlikle, i\u015f\u00e7i s\u0131n\u0131f\u0131n\u0131n en b\u00fcy\u00fck kazan\u0131mlar\u0131ndan Grevi bile yasaklamakla \u00f6v\u00fcnen zihniyetle m\u00fccadele i\u00e7in aday\u0131m. \u00c7evre eti\u011fini, \u00e7evre felsefesini savunmak i\u00e7in aday\u0131m. Mersinde ya\u015fayan K\u00fcrd\u00fc, T\u00fcrk\u00fc, Arab\u0131, Hristiyan\u2019\u0131, se\u00e7imden se\u00e7ime\u00a0 hat\u0131rlanan roman\u0131 kendim gibi g\u00f6rd\u00fc\u011f\u00fcm i\u00e7in aday\u0131m. \u0130lkesiz zaferlere, ilkeli yenilgileri tercih etti\u011fim i\u00e7in aday\u0131m. Vefas\u0131zl\u0131ktan vefan\u0131n \u00f6nemini \u00f6\u011frendi\u011fim i\u00e7in aday\u0131m. Ezilen her kesimin sesi olmaya aday\u0131m. Namuslular da namussuzlar kadar cesur olsun diye aday\u0131m.\u201d diye konu\u015ftu.<\/span><\/p>\n<\/div>\n<\/blockquote>\n","protected":false},"excerpt":{"rendered":"<p>Se\u00e7imlerin yakla\u015fmas\u0131yla beraber Ali K\u0131rb\u0131y\u0131k ve Gizem Gazi 27. D\u00f6nem CHP Mersin Milletvekili A. Adayl\u0131klar\u0131n\u0131 CHP il binas\u0131 \u00f6n\u00fcnde a\u00e7\u0131klad\u0131. CHP il binas\u0131 \u00f6n\u00fcnde A. Adayl\u0131klar\u0131 a\u00e7\u0131klanmas\u0131na CHP \u0130l Ba\u015fkan\u0131 &hellip; <a href=\"https:\/\/akdenizolaygazetesi.com\/?p=1884\" class=\"more-link\">Devam\u0131n\u0131 Oku&#8230;<\/a><\/p>\n","protected":false},"author":1,"featured_media":0,"comment_status":"open","ping_status":"open","sticky":false,"template":"","format":"standard","meta":[],"categories":[],"tags":[],"_links":{"self":[{"href":"https:\/\/akdenizolaygazetesi.com\/index.php?rest_route=\/wp\/v2\/posts\/1884"}],"collection":[{"href":"https:\/\/akdenizolaygazetesi.com\/index.php?rest_route=\/wp\/v2\/posts"}],"about":[{"href":"https:\/\/akdenizolaygazetesi.com\/index.php?rest_route=\/wp\/v2\/types\/post"}],"author":[{"embeddable":true,"href":"https:\/\/akdenizolaygazetesi.com\/index.php?rest_route=\/wp\/v2\/users\/1"}],"replies":[{"embeddable":true,"href":"https:\/\/akdenizolaygazetesi.com\/index.php?rest_route=%2Fwp%2Fv2%2Fcomments&post=1884"}],"version-history":[{"count":0,"href":"https:\/\/akdenizolaygazetesi.com\/index.php?rest_route=\/wp\/v2\/posts\/1884\/revisions"}],"wp:attachment":[{"href":"https:\/\/akdenizolaygazetesi.com\/index.php?rest_route=%2Fwp%2Fv2%2Fmedia&parent=1884"}],"wp:term":[{"taxonomy":"category","embeddable":true,"href":"https:\/\/akdenizolaygazetesi.com\/index.php?rest_route=%2Fwp%2Fv2%2Fcategories&post=1884"},{"taxonomy":"post_tag","embeddable":true,"href":"https:\/\/akdenizolaygazetesi.com\/index.php?rest_route=%2Fwp%2Fv2%2Ftags&post=1884"}],"curies":[{"name":"wp","href":"https:\/\/api.w.org\/{rel}","templated":true}]}}