{"id":18840,"date":"2022-05-24T12:52:09","date_gmt":"2022-05-24T09:52:09","guid":{"rendered":"http:\/\/akdenizolaygazetesi.com\/?p=18840"},"modified":"2022-05-24T12:52:09","modified_gmt":"2022-05-24T09:52:09","slug":"turk-kulturunun-en-onemli-degerlerini-hep-birlikte-paylastik","status":"publish","type":"post","link":"https:\/\/akdenizolaygazetesi.com\/?p=18840","title":{"rendered":"&#8220;T\u00fcrk K\u00fclt\u00fcr\u00fcn\u00fcn En \u00d6nemli De\u011ferlerini Hep Birlikte Payla\u015ft\u0131k&#8221;"},"content":{"rendered":"<p>Toroslar Belediyesi; Erdemli Belediyesi taraf\u0131ndan bu y\u0131l 31&#8217;incisi d\u00fczenlenen Geleneksel T\u00fcrkmen \u015e\u00f6leni&#8217;nde k\u0131l \u00e7ad\u0131r\u0131 ile yerini alarak, Y\u00f6r\u00fck T\u00fcrkmen k\u00fclt\u00fcr\u00fcn\u00fc yans\u0131tt\u0131.<\/p>\n<p>\u015e\u00f6lende hem\u015fehrileriyle bir araya gelen Toroslar Belediye Ba\u015fkan\u0131 Ats\u0131z Af\u015f\u0131n Y\u0131lmaz; &#8220;T\u00fcrkmen \u015e\u00f6leni, birlik ve beraberli\u011fimizi daha da peki\u015ftirmek ad\u0131na \u00f6nemli bir etkinlik. \u0130n\u015fallah bundan sonra da ayn\u0131 co\u015fku ve heyecanla yap\u0131lmaya devam edecek&#8221; dedi.<\/p>\n<p>Milliyet\u00e7i Hareket Partisi (MHP) Yerel Y\u00f6netimlerden Sorumlu Genel Ba\u015fkan Yard\u0131mc\u0131s\u0131 Sadir Durmaz&#8217;\u0131n te\u015frifleriyle Erdemli \u00c7aml\u0131\u011f\u0131&#8217;nda d\u00fczenlenen etkinlik on binlerce ki\u015finin kat\u0131l\u0131m\u0131yla, co\u015fkuyla ge\u00e7ti.<\/p>\n<p>MHP Mersin \u0130l Ba\u015fkan\u0131 Zeynel U\u011fur G\u00f6lgeli, MHP MYK \u00dcyesi Serdar Soydan, MHP MDK \u00dcyesi K\u00fcr\u015fat T\u00fcrker Ercan, Cumhur \u0130ttifak\u0131 Milletvekilleri Baki \u015eim\u015fek, Olcay K\u0131lavuz, Zeynep G\u00fcl Y\u0131lmaz, Hac\u0131 \u00d6zkan ve Ali Cumhur Ta\u015fk\u0131n, \u0130l ve \u0130l\u00e7e Te\u015fkilat Ba\u015fkanlar\u0131 ile kent protokol\u00fcn\u00fcn de haz\u0131r bulundu\u011fu etkinlikte; Toroslar Belediyesi Teknik ve Mesleki E\u011fitim Kurslar\u0131&#8217;nda (TORTEK)  el eme\u011fi ile \u00fcretilen \u00fcr\u00fcnlerin sergisi ise vatanda\u015flar\u0131n yo\u011fun ilgisini g\u00f6rd\u00fc. Toroslar Belediyesi taraf\u0131ndan vatanda\u015flara tatl\u0131 ikram\u0131nda da bulunuldu.<\/p>\n<p>&#8220;T\u00fcrk K\u00fclt\u00fcr\u00fcn\u00fcn En \u00d6nemli De\u011ferlerini Hep Birlikte Payla\u015ft\u0131k&#8221;<\/p>\n<p>Toroslar Belediyesi Halk Oyunlar\u0131 Ekibinin g\u00f6sterileriyle de renklenen etkinlikte Ba\u015fkan Y\u0131lmaz, k\u0131l \u00e7ad\u0131rda hem\u015fehrileriyle tek tek sohbet etti, \u00e7ocuklarla ve gen\u00e7lerle yak\u0131ndan ilgilendi.<\/p>\n<p>Ba\u015fkan Y\u0131lmaz; &#8220;Genel Ba\u015fkan Yard\u0131mc\u0131m\u0131z Say\u0131n Sadir Durmaz&#8217;\u0131n te\u015frifleriyle d\u00fczenlenen Geleneksel T\u00fcrkmen \u015e\u00f6leni&#8217;nde T\u00fcrk k\u00fclt\u00fcr\u00fcn\u00fcn en \u00f6nemli de\u011ferlerini hep birlikte payla\u015ft\u0131k. Hem\u015fehrilerimizle birlikte dolu dolu bir g\u00fcn ge\u00e7irdik. Bizim en \u00f6nemli zenginliklerimizden birisi de ge\u00e7mi\u015ften g\u00fcn\u00fcm\u00fcze ger\u00e7ekle\u015ftirdi\u011fimiz \u015f\u00f6lenlerimizdir. Bizi biz yapan de\u011ferlerimizin, milli k\u00fclt\u00fcr\u00fcm\u00fcz\u00fcn unutulmamas\u0131 ve gelecek nesillere aktar\u0131lmas\u0131 i\u00e7in var g\u00fcc\u00fcm\u00fczle \u00e7al\u0131\u015fmaya devam edece\u011fiz. Bu g\u00fczel \u015f\u00f6leni d\u00fczenleyen Erdemli Belediye Ba\u015fkan\u0131m\u0131z Say\u0131n M\u00fckerrem Tollu&#8217;ya ve ekibine te\u015fekk\u00fcr ederiz&#8221; diye konu\u015ftu.<\/p>\n","protected":false},"excerpt":{"rendered":"<p>Toroslar Belediyesi; Erdemli Belediyesi taraf\u0131ndan bu y\u0131l 31&#8217;incisi d\u00fczenlenen Geleneksel T\u00fcrkmen \u015e\u00f6leni&#8217;nde k\u0131l \u00e7ad\u0131r\u0131 ile yerini alarak, Y\u00f6r\u00fck T\u00fcrkmen k\u00fclt\u00fcr\u00fcn\u00fc yans\u0131tt\u0131. \u015e\u00f6lende hem\u015fehrileriyle bir araya gelen Toroslar Belediye Ba\u015fkan\u0131 Ats\u0131z &hellip; <a href=\"https:\/\/akdenizolaygazetesi.com\/?p=18840\" class=\"more-link\">Devam\u0131n\u0131 Oku&#8230;<\/a><\/p>\n","protected":false},"author":2,"featured_media":18841,"comment_status":"open","ping_status":"open","sticky":false,"template":"","format":"standard","meta":[],"categories":[1,2,3,5],"tags":[],"_links":{"self":[{"href":"https:\/\/akdenizolaygazetesi.com\/index.php?rest_route=\/wp\/v2\/posts\/18840"}],"collection":[{"href":"https:\/\/akdenizolaygazetesi.com\/index.php?rest_route=\/wp\/v2\/posts"}],"about":[{"href":"https:\/\/akdenizolaygazetesi.com\/index.php?rest_route=\/wp\/v2\/types\/post"}],"author":[{"embeddable":true,"href":"https:\/\/akdenizolaygazetesi.com\/index.php?rest_route=\/wp\/v2\/users\/2"}],"replies":[{"embeddable":true,"href":"https:\/\/akdenizolaygazetesi.com\/index.php?rest_route=%2Fwp%2Fv2%2Fcomments&post=18840"}],"version-history":[{"count":1,"href":"https:\/\/akdenizolaygazetesi.com\/index.php?rest_route=\/wp\/v2\/posts\/18840\/revisions"}],"predecessor-version":[{"id":18842,"href":"https:\/\/akdenizolaygazetesi.com\/index.php?rest_route=\/wp\/v2\/posts\/18840\/revisions\/18842"}],"wp:featuredmedia":[{"embeddable":true,"href":"https:\/\/akdenizolaygazetesi.com\/index.php?rest_route=\/wp\/v2\/media\/18841"}],"wp:attachment":[{"href":"https:\/\/akdenizolaygazetesi.com\/index.php?rest_route=%2Fwp%2Fv2%2Fmedia&parent=18840"}],"wp:term":[{"taxonomy":"category","embeddable":true,"href":"https:\/\/akdenizolaygazetesi.com\/index.php?rest_route=%2Fwp%2Fv2%2Fcategories&post=18840"},{"taxonomy":"post_tag","embeddable":true,"href":"https:\/\/akdenizolaygazetesi.com\/index.php?rest_route=%2Fwp%2Fv2%2Ftags&post=18840"}],"curies":[{"name":"wp","href":"https:\/\/api.w.org\/{rel}","templated":true}]}}