{"id":1885,"date":"2020-11-04T18:22:25","date_gmt":"2020-11-04T15:22:25","guid":{"rendered":"http:\/\/mersinekonomipolitikagazetesi.com\/?p=1885"},"modified":"2020-11-04T18:22:25","modified_gmt":"2020-11-04T15:22:25","slug":"meude-ekonomi-zirvesi","status":"publish","type":"post","link":"https:\/\/akdenizolaygazetesi.com\/?p=1885","title":{"rendered":"ME\u00dc&#8217;de &#8216;Ekonomi Zirvesi&#8217;"},"content":{"rendered":"<p>Mersin \u00dcniversitesi Rekt\u00f6r Yard\u0131mc\u0131s\u0131 \u0130smail Ya\u011fc\u0131, &#8216;Ekonomi Zirvesi 18&#8217; sayesinde kentin ekonomik akt\u00f6rlerinin \u00f6\u011frencilerle bulu\u015ftu\u011funu s\u00f6yledi.<\/p>\n<p><span style=\"font-size:16px;\"><span style=\"font-family: sans-serif; line-height: 20px; text-align: justify; background-color: rgb(242, 244, 245);\">Mersin \u00dcniversitesi Ekonomi Toplulu\u011fu taraf\u0131ndan &#8216;Ekonomi Zirvesi 18&#8217; etkinli\u011fi d\u00fczenlendi.\u00a0<\/span><br style=\"box-sizing: border-box; font-family: sans-serif; font-size: 14px; line-height: 20px; text-align: justify; background-color: rgb(242, 244, 245);\" \/><br \/>\n<span style=\"font-family: sans-serif; line-height: 20px; text-align: justify; background-color: rgb(242, 244, 245);\">&#8216;Vasat Olma!&#8217; isimli k\u0131sa filmin g\u00f6sterimi ile ba\u015flayan etkinlikte \u00f6\u011frencilere hitap eden Rekt\u00f6r Yard\u0131mc\u0131s\u0131 Ya\u011fc\u0131, &#8220;Kentin ekonomik akt\u00f6rlerini sizlerle bulu\u015fturmak ve beklentilerini sizlerle payla\u015fmalar\u0131n\u0131 \u00e7ok \u00f6nemli buluyorum. Sizler bu kentin gelece\u011fisiniz&#8221; dedi.\u00a0<\/span><br style=\"box-sizing: border-box; font-family: sans-serif; font-size: 14px; line-height: 20px; text-align: justify; background-color: rgb(242, 244, 245);\" \/><br \/>\n<span style=\"font-family: sans-serif; line-height: 20px; text-align: justify; background-color: rgb(242, 244, 245);\">Topluluk Ba\u015fkan\u0131 Didem Yapar Pekta\u015f ise &#8220;&#8216;\u015eehirde daha fazla ne kadar olabiliriz, neler yapabiliriz?&#8217; Sorusuna cevap almak i\u00e7in buraday\u0131z&#8221; ifadelerini kulland\u0131.\u00a0<\/span><br style=\"box-sizing: border-box; font-family: sans-serif; font-size: 14px; line-height: 20px; text-align: justify; background-color: rgb(242, 244, 245);\" \/><br \/>\n<span style=\"font-family: sans-serif; line-height: 20px; text-align: justify; background-color: rgb(242, 244, 245);\">Panellerle devam eden etkinlikte i\u015f adamlar\u0131, i\u015f ya\u015famlar\u0131ndan \u00f6rnekler vererek \u00f6\u011frencilere tavsiyelerde bulundular ve merak edilen sorular\u0131 yan\u0131tlad\u0131lar.\u00a0<\/span><br style=\"box-sizing: border-box; font-family: sans-serif; font-size: 14px; line-height: 20px; text-align: justify; background-color: rgb(242, 244, 245);\" \/><br \/>\n<span style=\"font-family: sans-serif; line-height: 20px; text-align: justify; background-color: rgb(242, 244, 245);\">Etkinli\u011fe, Akdeniz \u0130hracat\u00e7\u0131 Birlikleri Koordinat\u00f6r Ba\u015fkan\u0131 Mahmut Arslan, Mersin Giri\u015fimci \u0130\u015f Adamlar\u0131 Derne\u011fi Ba\u015fkan\u0131 Mehmet \u0130zol, Mersin Serbest B\u00f6lge Genel M\u00fcd\u00fcr\u00fc Edvar Mum, Mersin Tarsus Organize Sanayi B\u00f6lgesi Y\u00f6netim Kurulu \u00dcyesi Orhan Kahveci, Mersin Perakendeci \u0130\u015f Adamlar\u0131 Derne\u011fi Ba\u015fkan\u0131 \u00d6zcan Demir, \u00f6\u011fretim g\u00f6revlileri ve \u00e7ok say\u0131da \u00f6\u011frenci kat\u0131ld\u0131.\u00a0<\/span><\/span><\/p>\n","protected":false},"excerpt":{"rendered":"<p>Mersin \u00dcniversitesi Rekt\u00f6r Yard\u0131mc\u0131s\u0131 \u0130smail Ya\u011fc\u0131, &#8216;Ekonomi Zirvesi 18&#8217; sayesinde kentin ekonomik akt\u00f6rlerinin \u00f6\u011frencilerle bulu\u015ftu\u011funu s\u00f6yledi. Mersin \u00dcniversitesi Ekonomi Toplulu\u011fu taraf\u0131ndan &#8216;Ekonomi Zirvesi 18&#8217; etkinli\u011fi d\u00fczenlendi.\u00a0 &#8216;Vasat Olma!&#8217; isimli k\u0131sa &hellip; <a href=\"https:\/\/akdenizolaygazetesi.com\/?p=1885\" class=\"more-link\">Devam\u0131n\u0131 Oku&#8230;<\/a><\/p>\n","protected":false},"author":1,"featured_media":0,"comment_status":"open","ping_status":"open","sticky":false,"template":"","format":"standard","meta":[],"categories":[],"tags":[],"_links":{"self":[{"href":"https:\/\/akdenizolaygazetesi.com\/index.php?rest_route=\/wp\/v2\/posts\/1885"}],"collection":[{"href":"https:\/\/akdenizolaygazetesi.com\/index.php?rest_route=\/wp\/v2\/posts"}],"about":[{"href":"https:\/\/akdenizolaygazetesi.com\/index.php?rest_route=\/wp\/v2\/types\/post"}],"author":[{"embeddable":true,"href":"https:\/\/akdenizolaygazetesi.com\/index.php?rest_route=\/wp\/v2\/users\/1"}],"replies":[{"embeddable":true,"href":"https:\/\/akdenizolaygazetesi.com\/index.php?rest_route=%2Fwp%2Fv2%2Fcomments&post=1885"}],"version-history":[{"count":0,"href":"https:\/\/akdenizolaygazetesi.com\/index.php?rest_route=\/wp\/v2\/posts\/1885\/revisions"}],"wp:attachment":[{"href":"https:\/\/akdenizolaygazetesi.com\/index.php?rest_route=%2Fwp%2Fv2%2Fmedia&parent=1885"}],"wp:term":[{"taxonomy":"category","embeddable":true,"href":"https:\/\/akdenizolaygazetesi.com\/index.php?rest_route=%2Fwp%2Fv2%2Fcategories&post=1885"},{"taxonomy":"post_tag","embeddable":true,"href":"https:\/\/akdenizolaygazetesi.com\/index.php?rest_route=%2Fwp%2Fv2%2Ftags&post=1885"}],"curies":[{"name":"wp","href":"https:\/\/api.w.org\/{rel}","templated":true}]}}