{"id":1886,"date":"2020-11-04T18:22:25","date_gmt":"2020-11-04T15:22:25","guid":{"rendered":"http:\/\/mersinekonomipolitikagazetesi.com\/?p=1886"},"modified":"2020-11-04T18:22:25","modified_gmt":"2020-11-04T15:22:25","slug":"plaj-voleybolu-dunya-turu-hazirliklari-tamamlandi","status":"publish","type":"post","link":"https:\/\/akdenizolaygazetesi.com\/?p=1886","title":{"rendered":"Plaj Voleybolu D\u00fcnya Turu haz\u0131rl\u0131klar\u0131 tamamland\u0131"},"content":{"rendered":"<p>Mersin&#8217;in ev sahipli\u011finde, 2-6 May\u0131s tarihleri aras\u0131nda Erdemli K\u0131z Kalesi Plaj\u0131&#8217;nda d\u00fczenlenecek olan Plaj Voleybolu D\u00fcnya Turu 3 Y\u0131ld\u0131z Mersin-T\u00fcrkiye organizasyonunun bas\u0131n lansman\u0131 yap\u0131ld\u0131.<\/p>\n<p><span style=\"font-size:16px;\"><span style=\"font-family: sans-serif; line-height: 20px; text-align: justify; background-color: rgb(242, 244, 245);\">Mersin B\u00fcy\u00fck\u015fehir Belediyesi Kongre ve Sergi Saray\u0131&#8217;nda d\u00fczenlenen bas\u0131n toplant\u0131s\u0131na, Mersin B\u00fcy\u00fck\u015fehir Belediye Ba\u015fkan\u0131 Burhanettin Kocamaz, Mersin Vali Yard\u0131mc\u0131s\u0131 Mahmut Halal, T\u00fcrkiye Voleybol Federasyonu Ba\u015fkanvekili Alper Sedat Aslanda\u015f, F\u0130VB Teknik Delege Roberto Reggiani ve milli sporcular kat\u0131ld\u0131.\u00a0<\/span><br style=\"box-sizing: border-box; font-family: sans-serif; font-size: 14px; line-height: 20px; text-align: justify; background-color: rgb(242, 244, 245);\" \/><br \/>\n<span style=\"font-family: sans-serif; line-height: 20px; text-align: justify; background-color: rgb(242, 244, 245);\">Toplant\u0131da konu\u015fan Kocamaz, Mersin&#8217;i her konuda dikkat \u00e7eken ve b\u00fcy\u00fcyen bir kent haline getirme gayreti i\u00e7erisinde olduklar\u0131n\u0131 s\u00f6yleyerek, &#8220;Bu sebeple d\u00fcnyan\u0131n en b\u00fcy\u00fck organizasyonlar\u0131ndan biri olan Plaj Voleybolu D\u00fcnya Turu 3 Y\u0131ld\u0131z Mersin-T\u00fcrkiye organizasyonunu Mersin&#8217;de d\u00fczenliyoruz&#8221; dedi.\u00a0<\/span><br style=\"box-sizing: border-box; font-family: sans-serif; font-size: 14px; line-height: 20px; text-align: justify; background-color: rgb(242, 244, 245);\" \/><br \/>\n<span style=\"font-family: sans-serif; line-height: 20px; text-align: justify; background-color: rgb(242, 244, 245);\">Mersin&#8217;in bir spor kenti olarak tan\u0131nmas\u0131n\u0131 sa\u011flamak istediklerini belirten Kocamaz, &#8220;Sporun d\u0131\u015f\u0131nda insanlar\u0131 bir araya getiren bir ba\u015fka aktivite oldu\u011funu d\u00fc\u015f\u00fcnm\u00fcyoruz. 2013 y\u0131l\u0131nda Mersin&#8217;de Akdeniz Oyunlar\u0131 d\u00fczenlendi bu vesileyle Mersin&#8217;imiz bir\u00e7ok spor tesisine kavu\u015ftu. \u0130stiyoruz ki bu tesisler dolu dolu kullan\u0131ls\u0131n. Marka \u015fehir olmas\u0131n\u0131 istedi\u011fimiz kentimiz, sporda da marka haline gelsin istiyoruz. Bir\u00e7ok uluslararas\u0131 aktiviteyi Mersin&#8217;e getirdik. Mersin&#8217;in ad\u0131n\u0131 spor konusunda d\u00fcnyada duyulmaya ba\u015flad\u0131&#8221; \u015feklinde konu\u015ftu.\u00a0<\/span><br style=\"box-sizing: border-box; font-family: sans-serif; font-size: 14px; line-height: 20px; text-align: justify; background-color: rgb(242, 244, 245);\" \/><br \/>\n<span style=\"font-family: sans-serif; line-height: 20px; text-align: justify; background-color: rgb(242, 244, 245);\">Belediyecilik hizmeti olarak sadece yol, asfalt ve kald\u0131r\u0131m asfalt yapmad\u0131klar\u0131n\u0131 belirten Kocamaz, &#8220;Herkesi ortak payda olan sporda bulu\u015fmaya davet ediyorum. Bu kentte ya\u015f\u0131yorsak, d\u00fc\u015f\u00fcncelerimiz ayn\u0131 olmayabilir, g\u00f6r\u00fc\u015flerimiz farkl\u0131 olabilir ama ortak paydalarda bulu\u015fmak zorunday\u0131z. Bu sporla daha kolay ger\u00e7ekle\u015fiyor. Mersin&#8217;i olumlu olaylarla g\u00fcndeme getirmeyi ama\u00e7l\u0131yoruz. Bu organizasyon buna \u00f6nc\u00fcl\u00fck edecek&#8221; ifadelerini kulland\u0131.\u00a0<\/span><br style=\"box-sizing: border-box; font-family: sans-serif; font-size: 14px; line-height: 20px; text-align: justify; background-color: rgb(242, 244, 245);\" \/><br \/>\n<br style=\"box-sizing: border-box; font-family: sans-serif; font-size: 14px; line-height: 20px; text-align: justify; background-color: rgb(242, 244, 245);\" \/><br \/>\n<span style=\"font-family: sans-serif; line-height: 20px; text-align: justify; background-color: rgb(242, 244, 245);\">&#8220;Filenin sultanlar\u0131 da m\u00fccadele edecek&#8221;\u00a0<\/span><br style=\"box-sizing: border-box; font-family: sans-serif; font-size: 14px; line-height: 20px; text-align: justify; background-color: rgb(242, 244, 245);\" \/><br \/>\n<span style=\"font-family: sans-serif; line-height: 20px; text-align: justify; background-color: rgb(242, 244, 245);\">T\u00fcrkiye Voleybol Federasyonu Ba\u015fkanvekili Alper Sedat Aslanda\u015f ise, Mersin&#8217;in organizasyon i\u00e7in \u00e7ok iyi bir haz\u0131rl\u0131k yapt\u0131\u011f\u0131n\u0131 s\u00f6yleyerek, &#8220;Bu turnuvalara uluslararas\u0131 kat\u0131l\u0131m\u0131n \u00e7ok \u00fcst d\u00fczey olmas\u0131 bizleri gururland\u0131r\u0131yor. Bu ayn\u0131 zamanda ev sahipli\u011fi yapan belediyelerimizin i\u015flerinin ne kadar iyi yapt\u0131\u011f\u0131n\u0131n bir kan\u0131t\u0131 oluyor. Gelen bir daha geliyor&#8221; diye konu\u015ftu.\u00a0<\/span><br style=\"box-sizing: border-box; font-family: sans-serif; font-size: 14px; line-height: 20px; text-align: justify; background-color: rgb(242, 244, 245);\" \/><br \/>\n<span style=\"font-family: sans-serif; line-height: 20px; text-align: justify; background-color: rgb(242, 244, 245);\">Turnuvada filenin sultanlar\u0131ndan olan Neriman \u00d6zsoy Gen\u00e7y\u00fcrek ve G\u00fcldeniz \u00d6nal&#8217;\u0131n da olaca\u011f\u0131n\u0131 kaydeden Aslanda\u015f, &#8220;Milli y\u0131ld\u0131zlar\u0131m\u0131z, filenin sultanlar\u0131ndan Neriman ve G\u00fcldeniz de bu y\u0131l d\u00fcnya \u015fampiyonas\u0131nda plaj voleybolu oynayacaklar. Bu da Mersinliler i\u00e7in g\u00fczel bir s\u00fcrpriz olacak. Bu vesileyle eme\u011fi ge\u00e7ecek herekse te\u015fekk\u00fcr ediyorum&#8221; dedi.\u00a0<\/span><br style=\"box-sizing: border-box; font-family: sans-serif; font-size: 14px; line-height: 20px; text-align: justify; background-color: rgb(242, 244, 245);\" \/><br \/>\n<span style=\"font-family: sans-serif; line-height: 20px; text-align: justify; background-color: rgb(242, 244, 245);\">38 \u00fclkeden 102 tak\u0131m\u0131n ba\u015fvurdu\u011fu organizasyonda, erkeklerde 56, bayanlarda 51 tak\u0131m olmak \u00fczere 107 tak\u0131m ve 214 sporcu, daha \u00f6nceki D\u00fcnya Turu puanlar\u0131 ile m\u00fccadele edece\u011fi bildirildi.\u00a0<\/span><\/span><\/p>\n","protected":false},"excerpt":{"rendered":"<p>Mersin&#8217;in ev sahipli\u011finde, 2-6 May\u0131s tarihleri aras\u0131nda Erdemli K\u0131z Kalesi Plaj\u0131&#8217;nda d\u00fczenlenecek olan Plaj Voleybolu D\u00fcnya Turu 3 Y\u0131ld\u0131z Mersin-T\u00fcrkiye organizasyonunun bas\u0131n lansman\u0131 yap\u0131ld\u0131. Mersin B\u00fcy\u00fck\u015fehir Belediyesi Kongre ve Sergi &hellip; <a href=\"https:\/\/akdenizolaygazetesi.com\/?p=1886\" class=\"more-link\">Devam\u0131n\u0131 Oku&#8230;<\/a><\/p>\n","protected":false},"author":1,"featured_media":0,"comment_status":"open","ping_status":"open","sticky":false,"template":"","format":"standard","meta":[],"categories":[],"tags":[],"_links":{"self":[{"href":"https:\/\/akdenizolaygazetesi.com\/index.php?rest_route=\/wp\/v2\/posts\/1886"}],"collection":[{"href":"https:\/\/akdenizolaygazetesi.com\/index.php?rest_route=\/wp\/v2\/posts"}],"about":[{"href":"https:\/\/akdenizolaygazetesi.com\/index.php?rest_route=\/wp\/v2\/types\/post"}],"author":[{"embeddable":true,"href":"https:\/\/akdenizolaygazetesi.com\/index.php?rest_route=\/wp\/v2\/users\/1"}],"replies":[{"embeddable":true,"href":"https:\/\/akdenizolaygazetesi.com\/index.php?rest_route=%2Fwp%2Fv2%2Fcomments&post=1886"}],"version-history":[{"count":0,"href":"https:\/\/akdenizolaygazetesi.com\/index.php?rest_route=\/wp\/v2\/posts\/1886\/revisions"}],"wp:attachment":[{"href":"https:\/\/akdenizolaygazetesi.com\/index.php?rest_route=%2Fwp%2Fv2%2Fmedia&parent=1886"}],"wp:term":[{"taxonomy":"category","embeddable":true,"href":"https:\/\/akdenizolaygazetesi.com\/index.php?rest_route=%2Fwp%2Fv2%2Fcategories&post=1886"},{"taxonomy":"post_tag","embeddable":true,"href":"https:\/\/akdenizolaygazetesi.com\/index.php?rest_route=%2Fwp%2Fv2%2Ftags&post=1886"}],"curies":[{"name":"wp","href":"https:\/\/api.w.org\/{rel}","templated":true}]}}