{"id":18865,"date":"2022-05-25T12:43:30","date_gmt":"2022-05-25T09:43:30","guid":{"rendered":"http:\/\/akdenizolaygazetesi.com\/?p=18865"},"modified":"2022-05-25T12:43:30","modified_gmt":"2022-05-25T09:43:30","slug":"baskan-secer-ve-meral-secer-darisekisi-ornek-koydeki-yoruk-kulturu-ve-gastronomi-gunlerinin-acilisina-katildi","status":"publish","type":"post","link":"https:\/\/akdenizolaygazetesi.com\/?p=18865","title":{"rendered":"BA\u015eKAN SE\u00c7ER VE MERAL SE\u00c7ER, DARISEK\u0130S\u0130 \u00d6RNEK K\u00d6Y&#8217;DEK\u0130 &#8216;Y\u00d6R\u00dcK K\u00dcLT\u00dcR\u00dc VE GASTRONOM\u0130 G\u00dcNLER\u0130&#8217;N\u0130N A\u00c7ILI\u015eINA KATILDI"},"content":{"rendered":"<p>Mersin B\u00fcy\u00fck\u015fehir Belediyesi ve Mersinden Kad\u0131n Kooperatifi&#8217;nin el birli\u011fi ile b\u00fcy\u00fcleyici bir g\u00fczelli\u011fe kavu\u015fan Dar\u0131sekisi \u00d6rnek K\u00f6y&#8217;de Toros \u00dcniversitesi&#8217;nin de katk\u0131lar\u0131yla &#8220;Y\u00f6r\u00fck K\u00fclt\u00fcr\u00fc ve Gastronomi G\u00fcnleri&#8221; etkinli\u011fi ba\u015flad\u0131. K\u00f6y turizminin canland\u0131r\u0131lmas\u0131 ve kad\u0131nlar\u0131n \u00fcretimde daha g\u00f6r\u00fcn\u00fcr olmas\u0131 amac\u0131yla Mersin&#8217;e kazand\u0131r\u0131lan Dar\u0131sekisi \u00d6rnek K\u00f6y&#8217;de, 2 g\u00fcn boyunca dolu dolu etkinlikler yap\u0131lacak. Etkinli\u011fin a\u00e7\u0131l\u0131\u015f program\u0131na Mersin B\u00fcy\u00fck\u015fehir Belediye Ba\u015fkan\u0131 Vahap Se\u00e7er, Mersinden Kad\u0131n Kooperatifi Ba\u015fkan\u0131 Meral Se\u00e7er ile birlikte kat\u0131ld\u0131. Ba\u015fkan Se\u00e7er, &#8220;Dar\u0131sekisi \u00d6rnek K\u00f6y, milyonlarca lira yat\u0131r\u0131m\u0131n \u00e7ok daha \u00f6tesinde de\u011fer atfetti\u011fim bir \u00e7al\u0131\u015fma&#8221; dedi.<br \/>\nEtkinli\u011fin a\u00e7\u0131l\u0131\u015f program\u0131 \u00f6ncesi k\u00f6y\u00fc ziyaret eden Ba\u015fkan Se\u00e7er ve Meral Se\u00e7er, mahalle sakinleriyle sohbet etti. Etkinli\u011fe; Ba\u015fkan Se\u00e7er ve Meral Se\u00e7er&#8217;in yan\u0131 s\u0131ra Toros \u00dcniversitesi Rekt\u00f6r\u00fc Prof. Dr. \u00d6mer Ar\u0131\u00f6z, KKTC Mersin Ba\u015fkonsolosu Zalihe Mendeli, CHP Mersin \u0130l Ba\u015fkan\u0131 Adil Aktay, siyasi parti, oda ve sivil toplum kurulu\u015flar\u0131 temsilcileri, Meclis \u00fcyeleri, muhtarlar, belediye b\u00fcrokratlar\u0131 ve \u00e7ok say\u0131da vatanda\u015f kat\u0131ld\u0131. Program ba\u015flarken Ba\u015fkan&#8217;a Y\u00f6r\u00fck k\u00fclt\u00fcr\u00fcn\u00fc temsil eden ya\u011fl\u0131k ba\u011fland\u0131. Ba\u015fkan Se\u00e7er ve Meral Se\u00e7er, programda bir g\u00f6steri sunan Mersin B\u00fcy\u00fck\u015fehir Belediyesi Halk Danslar\u0131 Toplulu\u011fu&#8217;na da e\u015flik etti.<br \/>\n&#8220;Dar\u0131sekisi milyonlarca lira yat\u0131r\u0131m\u0131n \u00e7ok daha \u00f6tesinde de\u011fer atfetti\u011fim bir \u00e7al\u0131\u015fma&#8221;<br \/>\nBa\u015fkan Se\u00e7er, Y\u00f6r\u00fck k\u00fclt\u00fcr\u00fcn\u00fcn \u00f6nemine dikkat \u00e7ekerek, &#8220;Y\u00f6r\u00fckler, Anadolu topraklar\u0131n\u0131n temel ta\u015f\u0131&#8221; dedi. Ulu \u00d6nder Mustafa Kemal Atat\u00fcrk&#8217;\u00fcn Y\u00f6r\u00fcklerle ilgili s\u00f6z\u00fcn\u00fc hat\u0131rlatan Ba\u015fkan Se\u00e7er, &#8220;\u00d6zetle; gidin Toros da\u011flar\u0131na bir Y\u00f6r\u00fck \u00e7ad\u0131r\u0131 g\u00f6r\u00fcrseniz ve duman\u0131 t\u00fct\u00fcyorsa bu \u00fclkenin ba\u015f\u0131na hi\u00e7bir sorun gelmez, bu \u00fclke emin ellerdedir&#8221; dedi. Kadim Y\u00f6r\u00fck k\u00fclt\u00fcr\u00fcn\u00fc korumak i\u00e7in Dar\u0131sekisi \u00d6rnek K\u00f6y projesini geli\u015ftirdiklerini anlatan Se\u00e7er, &#8220;Y\u00f6r\u00fcklerimiz d\u00fcnyas\u0131n\u0131, hayat\u0131n\u0131 s\u0131rt\u0131nda ta\u015f\u0131yan insanlar\u0131m\u0131z, canlar\u0131m\u0131z. \u00c7al\u0131\u015fkan, eme\u011fi, al\u0131n terini, do\u011fay\u0131, insan sevgisini, payla\u015f\u0131m\u0131, birlikteli\u011fi, birbirine m\u00fcsamaha g\u00f6stermeyi temel prensip edinip bir potada eritmi\u015f muazzam bir k\u00fclt\u00fcr Y\u00f6r\u00fck k\u00fclt\u00fcr\u00fc. Biz de b\u00f6lgemizde y\u00fczy\u0131llard\u0131r, biny\u0131llard\u0131r var olan bu insanlar\u0131m\u0131z\u0131n kadim k\u00fclt\u00fcr\u00fcn\u00fcn ya\u015famas\u0131, daha sonraki ku\u015faklara aktar\u0131lmas\u0131 i\u00e7in b\u00f6yle bir \u00e7al\u0131\u015fmay\u0131 yapt\u0131k. Dar\u0131sekisi \u00d6rnek K\u00f6y\u00fc ad\u0131ndan da anla\u015f\u0131laca\u011f\u0131 gibi \u00e7ok \u00f6rnek bir \u00e7al\u0131\u015fma, \u00e7ok \u00f6rnek bir k\u00f6y oldu. Burada \u00e7ok de\u011ferli \u00e7al\u0131\u015fmalar yap\u0131ld\u0131, bir emek var. Herkesin iyi niyetle, samimiyetle, h\u00fcsn\u00fcniyetle yapt\u0131\u011f\u0131 ve b\u00f6lgemize kazand\u0131rd\u0131\u011f\u0131, benim milyonlarca lira yat\u0131r\u0131m\u0131n \u00e7ok daha \u00f6tesinde de\u011fer atfetti\u011fim bir \u00e7al\u0131\u015fma. Eme\u011fi ge\u00e7enlere sonsuz te\u015fekk\u00fcrler ediyorum&#8221; diye konu\u015ftu.<br \/>\n&#8220;Afetevleri Soka\u011f\u0131 muazzam olmu\u015f, o evlerdeki insanlar\u0131n mutlulu\u011fu da rengarenk olmu\u015f&#8221;<br \/>\nProjeye destek veren kurum ve kurulu\u015flar\u0131 tek tek sayarak te\u015fekk\u00fcrlerini ileten Ba\u015fkan Se\u00e7er, projenin detaylar\u0131ndan bahsederek \u015funlar\u0131 s\u00f6yledi:<br \/>\n&#8220;Biz halk taraf\u0131ndan g\u00f6revlendirilmi\u015f halk\u0131n hizmetkarlar\u0131y\u0131z. Halk\u0131n emrine amade, onlar\u0131n taleplerini, isteklerini, \u00f6zlemlerini, ihtiya\u00e7lar\u0131n\u0131 gidermekle m\u00fckellef g\u00f6revlileriz. Bu \u00e7al\u0131\u015fmada bizimle beraber olan, hatta zaman zaman bizim birka\u00e7 ad\u0131m \u00f6n\u00fcm\u00fcze ge\u00e7en Mersinden Kad\u0131n Kooperatifi&#8217;ne, ona emek veren her bir \u00fcyesine, bireyine ayr\u0131 ayr\u0131 te\u015fekk\u00fcr ediyorum. Say\u0131n muhtar\u0131mla ve k\u00f6y halk\u0131yla beraber burada \u00e7ok de\u011ferli, \u00e7ok \u00f6nemli \u00e7al\u0131\u015fmalar yapt\u0131lar. E\u011fitim Merkezi ile Kad\u0131n At\u00f6lyeleri olu\u015fturdular. \u015eimdi, \u00c7ocuk At\u00f6lyeleri olu\u015fturacaklar. Afetevleri Soka\u011f\u0131 muazzam olmu\u015f, rengarenk; o evlerde ya\u015fayan insanlar\u0131n mutlulu\u011fu da rengarenk olmu\u015f, bir renk c\u00fcmb\u00fc\u015f\u00fc olu\u015fturmu\u015f. Zaten amac\u0131m\u0131z da bir damla mutluluk. B\u00fct\u00fcn \u00e7abalar\u0131m\u0131z da asl\u0131na bakt\u0131\u011f\u0131n\u0131z zaman onun i\u00e7in.&#8221;<br \/>\n&#8220;Renklerimiz bizim zenginli\u011fimiz&#8221;<br \/>\nBa\u015fkan Se\u00e7er, T\u00fcrkiye Cumhuriyeti&#8217;nde ya\u015fayan t\u00fcm insanlar\u0131n ortak kayg\u0131s\u0131n\u0131n ve beklentisinin mutluluk oldu\u011funu belirterek, &#8220;Beklentimiz kimseye muhta\u00e7 olmadan, mutlu, \u00f6zg\u00fcr bir \u015fekilde ya\u015famak. Biz T\u00fcrkiye&#8217;ye bu anlay\u0131\u015f\u0131 egemen k\u0131labilirsek ne mutlu bize. O zaman g\u00f6zlerimiz a\u00e7\u0131k gitmez. Biz b\u00f6yle bir \u00fclke hayal ederek ya\u015f\u0131yoruz; daha demokratik, \u00e7a\u011fda\u015f ve hukuk devleti normlar\u0131na uygun. \u0130nsanlar\u0131n a\u015f\u0131n\u0131n, ekme\u011finin, ba\u015f\u0131n\u0131 sokacak bir yuvas\u0131n\u0131n oldu\u011fu, kimsenin kimseye kem g\u00f6zle bakmad\u0131\u011f\u0131, \u00f6teki diye bakmad\u0131\u011f\u0131 bir T\u00fcrkiye \u00f6zlemiyle bu g\u00f6revleri yap\u0131yoruz. Kimli\u011fimi \u00e7\u0131karay\u0131m &#8216;T\u00fcrkiye Cumhuriyeti&#8217; yaz\u0131yor. Ya\u015fayan 84 milyon vatanda\u015f\u0131m\u0131z\u0131n kimli\u011finde &#8216;T\u00fcrkiye Cumhuriyeti&#8217; yaz\u0131yor. Biz bu \u00fclke i\u00e7in birlik ve beraberlik i\u00e7erisinde d\u00fcnyada daha sayg\u0131n bir millet olmak i\u00e7in \u00e7al\u0131\u015fmaya devam edece\u011fiz. Sak\u0131n aram\u0131za nifak sokmak isteyenlere, din, milliyet istismar\u0131 yapmak isteyenlere prim vermeyin. Bizim i\u00e7in esas olan birli\u011fimiz.  Renklerimiz bizim zenginli\u011fimiz. Bizim Atat\u00fcrk&#8217;\u00fcm\u00fcz var, bayra\u011f\u0131m\u0131z var. O al bayrak alt\u0131nda, Atat\u00fcrk&#8217;\u00fcn izinde sonsuza kadar bu \u00fclkeyi ya\u015fataca\u011f\u0131z&#8221; dedi.<br \/>\n&#8220;B\u00fct\u00fcn yap\u0131lanlar bu \u00e7evrede bir k\u0131rsal kalk\u0131nmay\u0131 \u00f6ne \u00e7\u0131karmak i\u00e7in&#8221;<br \/>\nBa\u015fkan Se\u00e7er, Dar\u0131sekisi&#8217;nde \u00e7ok g\u00fczel bir seyir teras\u0131n\u0131n haz\u0131rland\u0131\u011f\u0131n\u0131 ifade ederek, &#8220;Ben daha \u00f6nce buraya geldim. \u00dcreticilerimize nergis so\u011fan\u0131 da\u011f\u0131tt\u0131k. Buras\u0131 bir merkez, buras\u0131 \u00e7ok \u00f6nemli. \u015eimdi sanki b\u00fct\u00fcn bu hizmetler Dar\u0131sekisi K\u00f6y\u00fc&#8217;ne yap\u0131lm\u0131\u015f gibi atfedilebilir, de\u011ferlendirilebilir. Hay\u0131r. Bak\u0131n buras\u0131 bir merkez. Burada; Musal\u0131, Evrenli, Doruklu, Dalakderesi, G\u00f6zne, So\u011fucak, Kepirli, Korucular ve \u00c7aml\u0131dere&#8217;nin t\u00fcm bu b\u00f6lgelerin k\u0131rsal kalk\u0131nmas\u0131 hedefleniyor. Onun i\u00e7in at\u00f6lyeler bir yerde, \u00e7al\u0131\u015fma alanlar\u0131 bir yerde. Burada b\u00fct\u00fcn yap\u0131lanlar, topyekun bu \u00e7evrede bir k\u0131rsal kalk\u0131nmay\u0131 \u00f6ne \u00e7\u0131karmak, tar\u0131m\u0131n fark\u0131ndal\u0131\u011f\u0131n\u0131 yaratmak, gastronomiyi, turizmi geli\u015ftirmek i\u00e7in. Ekoturizm diyoruz; son g\u00fcnlerin, son y\u0131llar\u0131n moda kavram\u0131. \u0130nsanlar gelsin ekoturizmle o b\u00f6lgenin do\u011fas\u0131 ile tan\u0131\u015fs\u0131n, o b\u00f6lgenin insanl\u0131\u011f\u0131yla, gastronomisiyle, k\u00fclt\u00fcr\u00fcyle,  al\u0131\u015fkanl\u0131klar\u0131yla kar\u015f\u0131la\u015fs\u0131n. Dar\u0131sekisi \u00d6rnek K\u00f6y projesinin temelinde yatan bu ama\u00e7. \u0130n\u015fallah bunu burada b\u0131rakmayaca\u011f\u0131z. Daha farkl\u0131 b\u00f6lgelerde de \u00e7al\u0131\u015f\u0131yoruz&#8221; dedi.<br \/>\nSilifke Uzuncabur\u00e7&#8217;ta da Arkeo K\u00f6y projesi oldu\u011funu s\u00f6yleyen Ba\u015fkan Se\u00e7er, projeyi Mersin \u00dcniversitesi&#8217;nden hocalar\u0131n y\u00fcr\u00fctt\u00fc\u011f\u00fcn\u00fc ve ge\u00e7ti\u011fimiz g\u00fcnlerde de kendilerine bir sunum yap\u0131ld\u0131\u011f\u0131n\u0131 anlatt\u0131. Se\u00e7er, \u015f\u00f6yle devam etti:<br \/>\n&#8220;Belediyemizin \u00fcniversitemizle i\u015f birli\u011fi yapmas\u0131 konusunda da d\u00fc\u015f\u00fcncelerimi olumlu bir \u015fekilde yans\u0131tt\u0131m. Tarihi ve k\u00fclt\u00fcrel birikimimizi, de\u011ferlerimizi, zenginli\u011fimizi ortaya \u00e7\u0131karacak bu \u00e7al\u0131\u015fmalar\u0131 vakit kaybetmeden yapmak durumunday\u0131z. \u00c7\u00fcnk\u00fc \u00e7ok vakit yitirmi\u015fiz. Bunlar\u0131n \u00e7ok daha \u00f6nce olmas\u0131 gerekiyor. D\u00fcnyan\u0131n en kadim topraklar\u0131 \u00fczerinde ya\u015fayan bizler, d\u00fcnyan\u0131n her noktas\u0131ndan, \u00fclkemin her noktas\u0131ndan insanlar\u0131 buraya ta\u015f\u0131yacak alt yap\u0131y\u0131 y\u0131llar y\u0131llar \u00f6nce yapmal\u0131yd\u0131k. Lafla zenginlik olmuyor. \u00c7al\u0131\u015farak, azmederek, al\u0131n teri d\u00f6kerek, insanlar\u0131 bir araya getirerek, insanlara insan oldu\u011funu \u00f6\u011freterek, onlar\u0131 de\u011fi\u015fik k\u00fclt\u00fcrlerle, insanlarla tan\u0131\u015ft\u0131rarak oluyor. M\u00fcreffeh bir toplum, d\u00fcnyada sayg\u0131n bir \u00fclke silahla, saltanatla, koca koca binalarla olmaz, k\u00fclt\u00fcrle, insanlar\u0131n kayna\u015fmas\u0131 ile olur. E\u011fitimle, ilimle olur, biz de onun pe\u015finden gidece\u011fiz. Atat\u00fcrk&#8217;\u00fcn dedi\u011fi gibi &#8216;Hayatta en hakiki m\u00fcr\u015fit ilimdir.'&#8221;<br \/>\nDar\u0131sekisi&#8217;nde ak\u015fam saatlerine kadar etkinliklerin s\u00fcrece\u011fini kaydeden Ba\u015fkan Se\u00e7er, &#8220;Seyir teras\u0131n\u0131 da mutlaka bir ziyaret edin. Oradan Mersin&#8217;in, Toroslar&#8217;\u0131n eteklerinden Akdeniz&#8217;e do\u011fru bir seyir yap\u0131n&#8221; dedi. Ba\u015fkan Se\u00e7er, Dar\u0131sekisi&#8217;ndeki kal\u0131c\u0131 yerel \u00fcr\u00fcn stantlar\u0131n\u0131 anlatarak, devam\u0131nda \u015funlar\u0131 s\u00f6yledi:<br \/>\n&#8220;Bu b\u00f6lgedeki y\u00f6resel \u00fcretimlerin kad\u0131n eme\u011fi ile ekonomik de\u011fere d\u00f6n\u00fc\u015fmesi i\u00e7in bu imkanlar\u0131m\u0131z\u0131 da Kad\u0131n Dairemizin, Tar\u0131m Dairemizin ve di\u011fer b\u00fct\u00fcn dairelerimizin katk\u0131lar\u0131yla yapt\u0131\u011f\u0131 bu \u00e7al\u0131\u015fmalarla de\u011ferlendirebilece\u011fiz. Burada dikkatimi \u00e7ekti; Y\u00f6r\u00fck k\u00fclt\u00fcr\u00fcn\u00fc yans\u0131tan 2 k\u0131l \u00e7ad\u0131r\u0131m\u0131z var. Biz burada daha \u00f6nce organik tar\u0131m e\u011fitimi de verdik ve devam ediyor. Organik tar\u0131m, katma de\u011feri y\u00fcksek tar\u0131m. Tar\u0131m, ekoturizm bunlar pandemiden sonra \u00e7ok de\u011fer kazand\u0131. Bunlara burnumuzun ucuyla de\u011fil, al\u0131c\u0131 g\u00f6zle bakmam\u0131z laz\u0131m. Tar\u0131ma daha \u00e7ok \u00f6nem vermek, turizme, \u00f6zellikle ekoturizmine, do\u011fa turizmine \u00f6nem vermenin \u00e7ok ak\u0131ll\u0131, mant\u0131kl\u0131 bir davran\u0131\u015f oldu\u011funu d\u00fc\u015f\u00fcn\u00fcyorum. Bizim bundan sonraki hedefimiz b\u00f6lgede bu tip \u00e7al\u0131\u015fmalar\u0131 yo\u011funla\u015ft\u0131rmak. Sadece Toroslar il\u00e7emizde Dar\u0131sekisi ve \u00e7evresindeki yerle\u015fim yerleri ile kalmayaca\u011f\u0131z.&#8221;<br \/>\n&#8220;Mersin B\u00fcy\u00fck\u015fehir Belediyesi, &#8216;ama, lakin, fakat&#8217; demeden \u00e7al\u0131\u015fmaya devam edecek&#8221;<br \/>\nMersinden Kad\u0131n Kooperatifi ve Mersin B\u00fcy\u00fck\u015fehir Belediyesi&#8217;nin Silifke Gazi \u00c7iftli\u011fi&#8217;nde de \u00e7ok de\u011ferli bir \u00e7al\u0131\u015fma yapt\u0131\u011f\u0131n\u0131 an\u0131msatan Ba\u015fkan Se\u00e7er, Mersinlilere oray\u0131 da g\u00f6rmeleri i\u00e7in \u00e7a\u011fr\u0131da bulundu. Ba\u015fkan Se\u00e7er, Gazi \u00c7iftli\u011fi&#8217;nde yapt\u0131klar\u0131 \u00e7al\u0131\u015fmada ba\u015fta Silifke Kaymakaml\u0131\u011f\u0131 olmak \u00fczere di\u011fer kamu kurumlar\u0131ndan destek ald\u0131klar\u0131n\u0131 s\u00f6yledi. &#8220;Mutlaka gidip g\u00f6r\u00fclmesi gereken yerler&#8221; vurgusunu yineleyen Se\u00e7er, &#8220;Bunlar k\u0131rsalda kad\u0131nlara e\u011fitim imk\u00e2n\u0131 sunuyor. Bu at\u00f6lyeler de \u00f6yle. Bak\u0131n, Y\u00f6r\u00fck ekme\u011fi nas\u0131l yap\u0131l\u0131yor onu \u00f6\u011fretiyorlar. Toroslar Halk E\u011fitim Merkezi arac\u0131l\u0131\u011f\u0131yla, onlar\u0131n katk\u0131lar\u0131yla tap\u0131 ekme\u011fi ve a\u00e7\u0131k ekmek nas\u0131l yap\u0131l\u0131r bu ku\u015faklara \u00f6\u011fretiyoruz. Bu k\u00fclt\u00fcr yar\u0131nlara ta\u015f\u0131ns\u0131n diye. Yine Gazi \u00c7iftli\u011fi&#8217;nde de ayn\u0131 \u00e7al\u0131\u015fmalar\u0131m\u0131z devam ediyor. Orada da hem ziyaret\u00e7ilerimizi kabul ediyoruz ama T\u00fcrkiye&#8217;nin ilk Tar\u0131m Kredi Kooperatifi oldu\u011fu ve Atat\u00fcrk&#8217;\u00fcm\u00fcz\u00fcn 1 numaral\u0131 \u00fcye oldu\u011fu Gazi \u00c7iftli\u011fi&#8217;ni gezmek de\u011fil, y\u00f6re halk\u0131n\u0131n oradan yararlanmas\u0131n\u0131 da sa\u011fl\u0131yoruz&#8221; dedi.<br \/>\nMut \u00c7\u00f6melek&#8217;te &#8216;Jeo K\u00f6y&#8217;, Tarsus Ta\u015fkuyu&#8217;da ise &#8216;Eko K\u00f6y&#8217; projelerinin bulundu\u011funu ifade eden Ba\u015fkan Se\u00e7er, \u0130hsaniye Melemez&#8217;de ise &#8216;K\u00fclt\u00fcr K\u00f6y&#8217; i\u00e7in \u00f6n \u00e7al\u0131\u015fmalar\u0131 ba\u015flatt\u0131klar\u0131n\u0131 s\u00f6yledi. Se\u00e7er,  &#8220;Her alanda, Mersin&#8217;in her noktas\u0131nda, vatanda\u015f\u0131m\u0131za dokunan her konuda Mersin B\u00fcy\u00fck\u015fehir Belediyesi, yetkisi ve sorumluluklar\u0131 \u00e7er\u00e7evesinde &#8216;ama, lakin, fakat, yorulduk, terledik, b\u0131kt\u0131k, imkan\u0131m\u0131z yok&#8217; demeden \u00e7al\u0131\u015fmaya, bug\u00fcne kadar oldu\u011fu gibi bundan sonra da devam edece\u011fiz. Birli\u011fimiz daim olsun. Huzurumuz hep olsun. Sorunlar\u0131 a\u015far\u0131z; ekonomik, parasal, ge\u00e7ici sorunlar a\u015f\u0131l\u0131r. Biz kocaman bir aileyiz. \u00c7ok kadim bir milletiz&#8221; diye konu\u015ftu.<br \/>\nT\u00fcrkiye&#8217;nin kaynaklar\u0131n\u0131n da y\u00fcksek oldu\u011funu konu\u015fmalar\u0131nda s\u00fcrekli dile getirdi\u011fini s\u00f6yleyen Ba\u015fkan Se\u00e7er, &#8220;Mersin B\u00fcy\u00fck\u015fehir Belediyesi T\u00fcrkiye&#8217;nin en g\u00fc\u00e7l\u00fc 7 belediyesinden biri. Bak\u0131n; ahla, vahla olmaz, g\u00fcc\u00fcm\u00fcz\u00fc ortaya koyaca\u011f\u0131z, hi\u00e7bir bahanenin arkas\u0131na saklanmayaca\u011f\u0131z. \u0130sraf etmiyorsak, para kaynaklar\u0131n\u0131 \u00e7ar\u00e7ur etmiyorsak, zehirlenmi\u015f bir siyaset\u00e7i de\u011filsek, yani t\u00fcy\u00fc bitmemi\u015f yetimin hakk\u0131na tenezz\u00fcl etmiyorsak, vallahi de billahi de bu kaynaklar bu \u00fclkeyi u\u00e7urur, Mersin&#8217;i u\u00e7urur. Ben Ba\u015fkan\u0131n\u0131z olarak s\u00f6yl\u00fcyorum. Hi\u00e7 kimse endi\u015fe duymas\u0131n; g\u00f6revde kald\u0131\u011f\u0131m\u0131z s\u00fcre i\u00e7erisinde emanetimiz ba\u015f\u0131m\u0131z\u0131n tac\u0131d\u0131r. Milletin emaneti bizim namusumuzdur. Ona halel getirmeyiz. Hi\u00e7 kimse endi\u015fe etmesin&#8221; dedi.<br \/>\nMersinden Kad\u0131n Kooperatifi Ba\u015fkan\u0131 Meral Se\u00e7er, kooperatif orta\u011f\u0131 olan ve organik tar\u0131m yapan Ebru Tugay arac\u0131l\u0131\u011f\u0131yla Dar\u0131sekisi&#8217;ne geldi\u011fini belirterek, &#8220;Daha sonra Dar\u0131sekisi&#8217;nin yayla g\u00fczerg\u00e2h\u0131 \u00fczerinde olmas\u0131, kente olan ula\u015f\u0131m\u0131n\u0131n yak\u0131nl\u0131\u011f\u0131 ve kolayl\u0131\u011f\u0131, konaklama imk\u00e2nlar\u0131n\u0131n yak\u0131nda olmas\u0131 vesilesi ile \u00d6rnek K\u00f6y anlam\u0131nda buran\u0131n uygun olaca\u011f\u0131n\u0131 d\u00fc\u015f\u00fcnd\u00fck&#8221; diye konu\u015ftu. Meral Se\u00e7er, Dar\u0131sekisi&#8217;nin \u00e7evre k\u00f6ylere yak\u0131nl\u0131\u011f\u0131n\u0131n sa\u011flad\u0131\u011f\u0131 avantajdan s\u00f6z ederek, bu do\u011frultuda s\u00f6z konusu \u00e7al\u0131\u015fmalar\u0131n ba\u015flat\u0131ld\u0131\u011f\u0131n\u0131 aktard\u0131.<br \/>\nMuhtar Yetkin: &#8220;K\u0131rsal kesimdeki insanlara ger\u00e7ekten b\u00fcy\u00fck \u00f6nem veriyorlar&#8221;<br \/>\nDar\u0131sekisi Mahalle Muhtar\u0131 Yakup Yetkin de yapt\u0131\u011f\u0131 konu\u015fmada, &#8220;\u00c7ok de\u011ferli Belediye Ba\u015fkan\u0131m, de\u011ferli e\u015fleri Meral Han\u0131m, bug\u00fcn burada bizi sizler bir araya getiriyorsunuz. Sizler bizi buraya adapte ettiniz ve buray\u0131 bu \u015fekle getiren sizlersiniz&#8221; dedi. &#8216;Dar\u0131sekisi \u00d6rnek K\u00f6y&#8217; projesi i\u00e7in mahalleliler ad\u0131na eme\u011fi ge\u00e7enlere te\u015fekk\u00fcrlerini ileten Yetkin, &#8220;Mersin B\u00fcy\u00fck\u015fehir Belediye Ba\u015fkan\u0131m\u0131z sayesinde bu projeyle k\u0131rsal kesimdeki insanlar\u0131 bir araya toplamay\u0131 hedefliyorlar. K\u0131rsal kesimdeki insanlara ger\u00e7ekten b\u00fcy\u00fck \u00f6nem veriyorlar. \u00d6zellikle kad\u0131nlar\u0131m\u0131za i\u015f sahas\u0131, i\u015f g\u00fcc\u00fc sa\u011flamaya \u00e7al\u0131\u015f\u0131yorlar&#8221; diye konu\u015ftu.<\/p>\n","protected":false},"excerpt":{"rendered":"<p>Mersin B\u00fcy\u00fck\u015fehir Belediyesi ve Mersinden Kad\u0131n Kooperatifi&#8217;nin el birli\u011fi ile b\u00fcy\u00fcleyici bir g\u00fczelli\u011fe kavu\u015fan Dar\u0131sekisi \u00d6rnek K\u00f6y&#8217;de Toros \u00dcniversitesi&#8217;nin de katk\u0131lar\u0131yla &#8220;Y\u00f6r\u00fck K\u00fclt\u00fcr\u00fc ve Gastronomi G\u00fcnleri&#8221; etkinli\u011fi ba\u015flad\u0131. K\u00f6y turizminin &hellip; <a href=\"https:\/\/akdenizolaygazetesi.com\/?p=18865\" class=\"more-link\">Devam\u0131n\u0131 Oku&#8230;<\/a><\/p>\n","protected":false},"author":2,"featured_media":18866,"comment_status":"open","ping_status":"open","sticky":false,"template":"","format":"standard","meta":[],"categories":[2,3,5],"tags":[],"_links":{"self":[{"href":"https:\/\/akdenizolaygazetesi.com\/index.php?rest_route=\/wp\/v2\/posts\/18865"}],"collection":[{"href":"https:\/\/akdenizolaygazetesi.com\/index.php?rest_route=\/wp\/v2\/posts"}],"about":[{"href":"https:\/\/akdenizolaygazetesi.com\/index.php?rest_route=\/wp\/v2\/types\/post"}],"author":[{"embeddable":true,"href":"https:\/\/akdenizolaygazetesi.com\/index.php?rest_route=\/wp\/v2\/users\/2"}],"replies":[{"embeddable":true,"href":"https:\/\/akdenizolaygazetesi.com\/index.php?rest_route=%2Fwp%2Fv2%2Fcomments&post=18865"}],"version-history":[{"count":1,"href":"https:\/\/akdenizolaygazetesi.com\/index.php?rest_route=\/wp\/v2\/posts\/18865\/revisions"}],"predecessor-version":[{"id":18867,"href":"https:\/\/akdenizolaygazetesi.com\/index.php?rest_route=\/wp\/v2\/posts\/18865\/revisions\/18867"}],"wp:featuredmedia":[{"embeddable":true,"href":"https:\/\/akdenizolaygazetesi.com\/index.php?rest_route=\/wp\/v2\/media\/18866"}],"wp:attachment":[{"href":"https:\/\/akdenizolaygazetesi.com\/index.php?rest_route=%2Fwp%2Fv2%2Fmedia&parent=18865"}],"wp:term":[{"taxonomy":"category","embeddable":true,"href":"https:\/\/akdenizolaygazetesi.com\/index.php?rest_route=%2Fwp%2Fv2%2Fcategories&post=18865"},{"taxonomy":"post_tag","embeddable":true,"href":"https:\/\/akdenizolaygazetesi.com\/index.php?rest_route=%2Fwp%2Fv2%2Ftags&post=18865"}],"curies":[{"name":"wp","href":"https:\/\/api.w.org\/{rel}","templated":true}]}}