{"id":18868,"date":"2022-05-25T12:44:49","date_gmt":"2022-05-25T09:44:49","guid":{"rendered":"http:\/\/akdenizolaygazetesi.com\/?p=18868"},"modified":"2022-05-25T12:44:49","modified_gmt":"2022-05-25T09:44:49","slug":"baskan-secer-kentsel-donusum-yikimlarinda-asbest-konusunda-uyardi","status":"publish","type":"post","link":"https:\/\/akdenizolaygazetesi.com\/?p=18868","title":{"rendered":"BA\u015eKAN SE\u00c7ER, KENTSEL D\u00d6N\u00dc\u015e\u00dcM YIKIMLARINDA ASBEST KONUSUNDA UYARDI"},"content":{"rendered":"<p>Mersin B\u00fcy\u00fck\u015fehir Belediyesi Mersin Su ve Kanalizasyon \u0130daresi (MESK\u0130) Genel M\u00fcd\u00fcrl\u00fc\u011f\u00fc&#8217;n\u00fcn May\u0131s ay\u0131 Ola\u011fan Genel Kurul Toplant\u0131s\u0131 \u0130kinci Birle\u015fimi, Mersin B\u00fcy\u00fck\u015fehir Belediye Ba\u015fkan\u0131 Vahap Se\u00e7er ba\u015fkanl\u0131\u011f\u0131nda yap\u0131ld\u0131. Ba\u015fkan Se\u00e7er, MESK\u0130&#8217;nin 752 milyon liral\u0131k devral\u0131nan borcunun kur art\u0131\u015flar\u0131 sebebiyle 1 milyar 86 milyona y\u00fckseldi\u011fini belirterek, &#8220;% 168&#8217;lik bir kur art\u0131\u015f\u0131 olmasaym\u0131\u015f, yeni yapt\u0131\u011f\u0131m\u0131z yat\u0131r\u0131mlara ra\u011fmen i\u00e7 ve d\u0131\u015f bor\u00e7 toplam\u0131m\u0131z 1 milyar 86 milyon de\u011fil, 743 milyon seviyelerinde olacakm\u0131\u015f&#8221; diye konu\u015ftu.<br \/>\n&#8220;Vatanda\u015flar\u0131m\u0131z\u0131n su saya\u00e7lar\u0131 ve borular\u0131n\u0131 so\u011fuktan izole etmelerini istiyoruz&#8221;<br \/>\nToplant\u0131n\u0131n dilek ve temenniler b\u00f6l\u00fcm\u00fcnde de\u011ferlendirmelerde bulunan Ba\u015fkan Se\u00e7er, y\u00fcksek rak\u0131ml\u0131 b\u00f6lgelerde k\u0131\u015f aylar\u0131nda don olaylar\u0131n\u0131n su saya\u00e7lar\u0131na zarar verdi\u011fini ifade etti. Ba\u015fkan Se\u00e7er, vatanda\u015flar\u0131n saya\u00e7lar\u0131 do\u011fru ekipmanlarla koruyabileceklerini vurgulayarak, \u015funlar\u0131 s\u00f6yledi:<br \/>\n&#8220;Y\u00fcksek rak\u0131ml\u0131 b\u00f6lgelerde, \u00f6zellikle k\u0131\u015f\u0131n sert ge\u00e7ti\u011fi, don olaylar\u0131n\u0131n oldu\u011fu b\u00f6lgelerde su saya\u00e7lar\u0131m\u0131z buzlanma ve donma sebebiyle zarar g\u00f6r\u00fcyor. Ge\u00e7ti\u011fimiz k\u0131\u015f ay\u0131 da \u00e7ok \u015fiddetli ya\u015fand\u0131. 2021 y\u0131l\u0131 i\u00e7in 3 bin 99 adet su sayac\u0131 donarak zarar g\u00f6rd\u00fc. Bunlarla ilgili 2022 y\u0131l\u0131nda 2 bin 751 adet su sayac\u0131 i\u00e7in de\u011fi\u015fim talebi geldi. Biraz s\u0131k\u0131nt\u0131ya d\u00fc\u015ft\u00fck ama a\u015f\u0131yoruz. Bu de\u011fi\u015fimleri h\u0131zla ger\u00e7ekle\u015ftiriyoruz. \u00c7\u00fcnk\u00fc yayla sezonu da geldi. Uzun s\u00fcredir yaylalardaki evlerine gitmeyen yurtta\u015flar bu durumla kar\u015f\u0131la\u015f\u0131nca bize de d\u00f6n\u00fc\u015fleri, \u015fikayetleri artt\u0131. Biz de bu sorunun \u00fcstesinden gelece\u011fiz ancak gelecek y\u0131llar i\u00e7in bir uyar\u0131da bulunmak isteriz; su saya\u00e7lar\u0131n\u0131, su borular\u0131n\u0131 do\u011fru ekipmanlarla izole etmek gerekiyor. Yayla ini\u015flerinde, yaz sonlar\u0131nda vatanda\u015flar\u0131m\u0131z\u0131n hem su saya\u00e7lar\u0131 hem su borular\u0131n\u0131 uygun malzemelerle so\u011fuktan koruyacak \u015fekilde izole edip daha sonra yayla sezonunu bitirmelerini istiyoruz. Bu hem kendileri a\u00e7\u0131s\u0131ndan hem kurumumuz a\u00e7\u0131s\u0131ndan \u00f6nemli bir tedbir \u00e7al\u0131\u015fmas\u0131 olur.&#8221;<br \/>\n&#8220;Kentsel d\u00f6n\u00fc\u015f\u00fcmde y\u0131k\u0131m i\u015flemlerinin yasalara uygun \u015fekilde olmas\u0131 gerekiyor&#8221;<br \/>\nKentsel d\u00f6n\u00fc\u015f\u00fcm \u00e7al\u0131\u015fmalar\u0131yla ilgili de uyar\u0131da bulunan Ba\u015fkan Se\u00e7er, &#8220;Kentsel d\u00f6n\u00fc\u015f\u00fcmle ilgili bir uyar\u0131da bulunmak istiyorum. Eski alanlar\u0131 ortadan kald\u0131rma i\u015flemleri yani eski binalar\u0131n y\u0131k\u0131m i\u015flemleri \u00e7ok \u00f6nemli. Aletleri, makinalar\u0131 sokarak bilin\u00e7siz bir \u015fekilde yapt\u0131\u011f\u0131m\u0131z y\u0131k\u0131mlar \u00e7evre a\u00e7\u0131s\u0131ndan son derece s\u0131k\u0131nt\u0131l\u0131 olabilir. Asbest uyar\u0131s\u0131 yapmak istiyorum. Bu konuda da buradan Mersin B\u00fcy\u00fck\u015fehir Belediyesi de dahil t\u00fcm kurumlar\u0131 uyar\u0131yorum. Bu y\u0131k\u0131m i\u015flemlerinin yasalara uygun \u015fekilde olmas\u0131 gerekiyor. Daha \u00f6nce de farkl\u0131 yerlerde m\u00fcteaddit defalar bu uyar\u0131y\u0131 yapm\u0131\u015ft\u0131k. Yeni\u015fehir&#8217;de uyguland\u0131\u011f\u0131n\u0131 g\u00f6rd\u00fcm bir bina y\u0131k\u0131m\u0131 s\u0131ras\u0131nda, sahilde. Ayn\u0131 \u015fekilde kentsel d\u00f6n\u00fc\u015f\u00fcm alanlar\u0131nda da bu hassasiyetin olmas\u0131 kentimiz a\u00e7\u0131s\u0131ndan son derece \u00f6nemli&#8221; diye konu\u015ftu.<br \/>\n&#8220;\u0130ller Bankas\u0131, AFD ile ilgili belediye aras\u0131ndaki koordinasyonu sa\u011fl\u0131yor&#8221;<br \/>\nBir Meclis \u00fcyesinin ge\u00e7ti\u011fimiz hafta ger\u00e7ekle\u015fen \u00c7evre, \u015eehircilik ve \u0130klim De\u011fi\u015fikli\u011fi Bakan\u0131 ve \u0130ller Bankas\u0131 Genel M\u00fcd\u00fcr\u00fcn\u00fcn de yer ald\u0131\u011f\u0131 Mersin ziyaretinde, Mersin&#8217;in bekleyen altyap\u0131 projeleri ile ilgili bilgi ald\u0131klar\u0131n\u0131 ifade etmesi \u00fczerine Ba\u015fkan Se\u00e7er, giri\u015fimlerinden dolay\u0131 Meclis \u00fcyesine te\u015fekk\u00fcr etti. \u0130ller Bankas\u0131&#8217;nda bekleyen Mezitli \u0130\u00e7mesuyu Projesi&#8217;nde kamula\u015ft\u0131rma ile ilgili problem oldu\u011fu y\u00f6n\u00fcndeki ele\u015ftiriye yan\u0131t veren Ba\u015fkan Se\u00e7er, &#8220;Bizim orada imza alt\u0131na ald\u0131\u011f\u0131m\u0131z 39 milyon 150 bin Euro&#8217;luk bir yat\u0131r\u0131m kar\u015f\u0131l\u0131\u011f\u0131 hibe kredisi s\u00f6z konusu. Bunlardan bir tanesi 15 milyon Euro&#8217;luk kredi; T\u00f6m\u00fck&#8217;te Arpa\u00e7bah\u015fi\u015f b\u00f6lgesinde. Buras\u0131 da \u00e7ok \u00f6nemli. Ge\u00e7en yine genel kurulda bunu s\u00f6yledim. \u0130kincisi Kazanl\u0131-Homurlu hatt\u0131; burada 7 milyon hibe FRIT II kapsam\u0131nda. \u015eimdi buray\u0131 atlamamak laz\u0131m arkada\u015flar. Arada bir hat\u0131rlatma yapay\u0131m. Bu hibe, kredi \u0130ller Bankas\u0131&#8217;n\u0131n bize sa\u011flad\u0131\u011f\u0131 ya da T\u00fcrkiye Cumhuriyeti devletinin sa\u011flad\u0131\u011f\u0131 bir kredi ya da hibe de\u011fil. Bunun alt\u0131n\u0131 \u00e7izelim. Buras\u0131 \u00e7ok \u00f6nemli. Bizim Mersin&#8217;de \u00e7ekti\u011fimiz m\u00fclteci y\u00fck\u00fcne kar\u015f\u0131l\u0131k AFD&#8217;nin; Frans\u0131z Kalk\u0131nma Ajans\u0131&#8217;n\u0131n; Avrupa Birli\u011fi&#8217;nin sa\u011flad\u0131\u011f\u0131 krediler, hibeler. \u0130ller Bankas\u0131&#8217;n\u0131n ya da \u0130ller Bankas\u0131&#8217;n\u0131n ba\u011fl\u0131 oldu\u011fu Bakan\u0131n, Bakanl\u0131\u011f\u0131n buradaki rol\u00fc; koordinat\u00f6r g\u00f6revi. \u0130ller Bankas\u0131, AFD ile ilgili belediye aras\u0131ndaki koordinasyonu sa\u011fl\u0131yor. M\u00fc\u015favir firmalar\u0131 var AFD&#8217;nin. Onlar bu \u00e7al\u0131\u015fmalar\u0131 y\u00fcr\u00fct\u00fcyor. \u0130ller Bankas\u0131 da burada koordinasyon g\u00f6revini sa\u011fl\u0131yor&#8221; dedi.<br \/>\nHomurlu ve Kazanl\u0131 kanalizasyon projeleri ile T\u00f6m\u00fck ve Arpa\u00e7bah\u015fi\u015f projelerinin detaylar\u0131 hakk\u0131nda bilgi veren Ba\u015fkan Se\u00e7er, \u015f\u00f6yle devam etti:<br \/>\n&#8220;Di\u011fer \u00fc\u00e7\u00fcnc\u00fc bir hibe; Mezitli 17 milyon 150 bin Euro&#8217;luk. Hepsi \u00e7ok \u00f6nemli. T\u00f6m\u00fck-Arpa\u00e7bah\u015fi\u015f; \u00e7ok \u00f6nemli. N\u00fcfus \u00e7ok artt\u0131. Yazl\u0131k\u00e7\u0131 b\u00f6lge, tatil b\u00f6lgesi. \u00c7ok say\u0131da konut var, yenileri yap\u0131l\u0131yor, yeni g\u00f6\u00e7ler al\u0131yor. \u00d6nceden yaz n\u00fcfusu yo\u011fundu, \u015fimdi hem k\u0131\u015f hem yaz n\u00fcfusu yo\u011fun olmaya ba\u015flad\u0131. Orada kanalizasyon ar\u0131tma sistemimiz yok. Bu \u00e7ok \u00f6nemli. Yine Kazanl\u0131-Homurlu Akdeniz biliyorsunuz s\u00f6ylememe gerek yok. Ve Mezitli; yani \u015fehir merkezinde i\u00e7me suyu \u015febekesinde sa\u011flam hat kalmad\u0131. \u00c7ok ar\u0131za veriyor, \u00e7ok yoruyor bizi. Bunun yan\u0131nda vatanda\u015flar hakl\u0131 olarak y\u0131pranan yollar\u0131n B\u00fcy\u00fck\u015fehir&#8217;e ait olan ya da il\u00e7e belediyesine ait olan yollar\u0131n yap\u0131lmas\u0131n\u0131 geciktirdi\u011fimiz i\u00e7in tepki g\u00f6steriyor. Ama biz de \u015f\u00f6yle hakl\u0131 oldu\u011fumuzu g\u00f6r\u00fcyoruz; bu proje geciktik\u00e7e biz bu yolu yapmad\u0131k\u00e7a etrafa rahats\u0131zl\u0131k veriyoruz. Ancak ben girip o yollar\u0131 yapsam, 6 ay sonra da oray\u0131 kazsam, i\u00e7me suyu \u015febekesini d\u00f6\u015fesem, bu sefer vatanda\u015f yine hakl\u0131 olarak; &#8216;bu ciddi bir kaynak israf\u0131&#8217; diyecek. Asfalt\u0131 d\u00f6k, 6 ay sonra gir tekrar o g\u00fczelim \u00e7al\u0131\u015fmalar\u0131 yerle bir et. Bu bizi s\u0131k\u0131nt\u0131ya sokuyor; yani bir taraftan sistemin \u00e7\u00f6km\u00fc\u015f olmas\u0131, di\u011fer taraftan \u00fcst yap\u0131da bir hareket alan\u0131m\u0131z\u0131n olmamas\u0131, k\u0131s\u0131tlamas\u0131. B\u00fct\u00fcn mesele bundan ibaret. Giri\u015fimlerimizden dolay\u0131 te\u015fekk\u00fcr ediyorum. Umut ediyorum Bakanl\u0131k nezdindeki giri\u015fim bu sorunlar\u0131n \u00e7\u00f6z\u00fcm\u00fc a\u00e7\u0131s\u0131ndan bize zaman kazand\u0131racak, daha k\u0131sa bir s\u00fcrede olacakt\u0131r.&#8221;<br \/>\n&#8220;Y\u00f6r\u00fcklerimizin i\u015fini kolayla\u015ft\u0131racak \u00e7al\u0131\u015fmalar\u0131 yar\u0131n ba\u015flat\u0131yoruz&#8221;<br \/>\n\u00c7aml\u0131yayla&#8217;da Y\u00f6r\u00fcklerin k\u0131ra \u00e7\u0131kma sorunu ile ilgili de \u00e7al\u0131\u015fmalar yapacaklar\u0131n\u0131 ifade eden Ba\u015fkan Se\u00e7er, &#8220;Bu konuda malumat\u0131m\u0131z var zaten. Her y\u0131l oldu\u011fu gibi bu y\u0131l da bu \u00e7al\u0131\u015fmalar\u0131 arkada\u015flar\u0131m\u0131z yap\u0131yor. \u00c7aml\u0131yayla&#8217;da Y\u00f6r\u00fcklerin kulland\u0131klar\u0131 o g\u00fczergahta s\u0131k\u0131nt\u0131 ya\u015fand\u0131\u011f\u0131n\u0131 biliyoruz. Y\u00f6r\u00fcklerin i\u015fini kolayla\u015ft\u0131racak \u00e7al\u0131\u015fmalar\u0131 yar\u0131n ba\u015flat\u0131yoruz&#8221; diye konu\u015ftu.<br \/>\n&#8220;Gider b\u00fct\u00e7esinin ger\u00e7ekle\u015fme oran\u0131 % 94&#8217;e \u00e7\u0131kt\u0131&#8221;<br \/>\nMESK\u0130&#8217;nin 2021 Mali Y\u0131l\u0131 Kesin Hesab\u0131 ile ilgili bir de\u011ferlendirme yapan Ba\u015fkan Se\u00e7er, \u015funlar\u0131 s\u00f6yledi:<br \/>\n&#8220;2020 y\u0131l\u0131nda bizim gelir b\u00fct\u00e7esindeki ger\u00e7ekle\u015fme oran\u0131m\u0131z % 95&#8217;ti. Bu y\u0131l i\u00e7in % 89 d\u00fczeyinde ger\u00e7ekle\u015ftirmi\u015fiz. 2020 y\u0131l\u0131nda gider b\u00fct\u00e7emizin % 89&#8217;unu ger\u00e7ekle\u015ftirmi\u015fiz. 2021&#8217;de bu oran % 94&#8217;e \u00e7\u0131km\u0131\u015f. Daha y\u00fcksek bir ger\u00e7ekle\u015fme oran\u0131 var. 2 y\u0131l aras\u0131ndaki fark da gelir toplam\u0131nda % 26 art\u0131\u015f\u0131m\u0131z olmu\u015f ama giderlerimizde % 45 bir art\u0131\u015f s\u00f6z konusu. Te\u015febb\u00fcs ve m\u00fclkiyet gelirleri; en d\u00fc\u015f\u00fck ger\u00e7ekle\u015fme ya da bir \u00f6nceki y\u0131la g\u00f6re en d\u00fc\u015f\u00fck art\u0131\u015f oran\u0131n\u0131n g\u00f6zlendi\u011fi kalem % 12 ile bu. Bunun sebebi hibelerimizin ekledi\u011fimiz \u015fekilde ger\u00e7ekle\u015fmemesi, bir de yap\u0131land\u0131rmalardan kaynakl\u0131 gelir d\u00fc\u015f\u00fckl\u00fckleri. Tabi bunlar yasalar \u00e7er\u00e7evesinde yapt\u0131\u011f\u0131m\u0131z yap\u0131land\u0131rmalar. Giderlerimizde art\u0131\u015f var. Yaln\u0131z gider kalemleri i\u00e7erisinde olumlu g\u00f6rd\u00fc\u011f\u00fcm\u00fcz art\u0131\u015flar bunlar. Bir tanesi sermaye giderleri. Bunda % 98&#8217;lik bir art\u0131\u015f var. Sermaye giderleri demek yapt\u0131\u011f\u0131m\u0131z yat\u0131r\u0131m demek. 2 kat\u0131na \u00e7\u0131km\u0131\u015f. Yat\u0131r\u0131mlar i\u00e7erisinde burada kulland\u0131\u011f\u0131m\u0131z malzeme, alet, ekipman\u0131n da belli bir k\u0131sm\u0131n\u0131 kapsayan mal ve hizmet al\u0131m\u0131nda da % 30&#8217;luk bir art\u0131\u015f olmu\u015f ve faiz giderlerinde kur farklar\u0131ndan dolay\u0131 art\u0131\u015f olmu\u015f.&#8221;<br \/>\n\u0130\u00e7 ve d\u0131\u015f borcu birlikte de\u011ferlendirece\u011fini belirten Se\u00e7er, &#8220;2022&#8217;ye devreden bilan\u00e7omuz \u015fu. 538 milyon 688 bin TL baz\u0131nda bor\u00e7 devrimiz var. Cari bor\u00e7lar, emanetler k\u0131sm\u0131ndaki krediler ve cari harcamalar, hepsi bunun i\u00e7erisinde. 2019&#8217;da 330 milyon TL yuvarlak hesap devralm\u0131\u015f\u0131z. Bu 538 milyona evrilmi\u015f. Toplam olarak \u015fu an y\u0131lsonu itibari ile de 33 milyon 528 bin Euro borcumuz var, bu y\u0131lba\u015f\u0131 itibari ile 67 milyon Euro&#8217;dan kalan. Demek ki 33 milyon 410 bin Euro&#8217;luk k\u0131sm\u0131n\u0131 \u00f6demi\u015fiz. Ama gelin g\u00f6r\u00fcn ki TL baz\u0131nda 752 milyon lira devral\u0131nan bor\u00e7 1 milyar 45 milyon lira d\u00fczeyinde 31.12.2021 itibariyle. Ve bunun da Euro kar\u015f\u0131l\u0131\u011f\u0131 69 milyon&#8221; dedi.<br \/>\n&#8220;119 milyon Euro devrald\u0131k, 20 May\u0131s itibariyle 64 milyon borcumuz var&#8221;<br \/>\nBa\u015fkan Se\u00e7er, MESK\u0130&#8217;nin mali verilerini tablo \u00fczerinden tek tek anlatarak, \u015fu ifadeleri kulland\u0131:<br \/>\n&#8220;G\u00f6r\u00fcnd\u00fc\u011f\u00fc gibi 330 milyon liral\u0131k eski bor\u00e7tan 8 milyon lira kalm\u0131\u015f. Yeni yapt\u0131\u011f\u0131m\u0131z bor\u00e7lanmalardan 530 milyon lira, toplamda 538 milyon bir borcumuz var. 20 May\u0131s itibariyle, yani birka\u00e7 g\u00fcn \u00f6nce itibariyle MESK\u0130&#8217;nin tablosu. 32 milyon 446 bin Euro baz\u0131nda borcumuz var. Bunu da hat\u0131rlayaca\u011f\u0131n\u0131z gibi 67 milyon Euro olarak 2019&#8217;un 31 Mart sonras\u0131 devrald\u0131\u011f\u0131m\u0131z bor\u00e7 idi. Burada da g\u00f6r\u00fclece\u011fi gibi 752 milyon liral\u0131k devral\u0131nan bor\u00e7, 1 milyar 86 milyona evrilmi\u015f. 119 milyon devral\u0131nan Euro baz\u0131ndaki bor\u00e7, \u015fu anda 64 milyon Euro&#8217;ya d\u00fc\u015fm\u00fc\u015f. Euro baz\u0131nda bakarsan\u0131z bor\u00e7lar\u0131m\u0131z d\u00fc\u015f\u00fcyor. TL baz\u0131nda bakarsan\u0131z y\u00fckseliyor. % 168&#8217;lik bir kur art\u0131\u015f\u0131 olmasaym\u0131\u015f, yeni yapt\u0131\u011f\u0131m\u0131z yat\u0131r\u0131mlara ra\u011fmen i\u00e7 ve d\u0131\u015f bor\u00e7 toplam\u0131m\u0131z 1 milyar 86 milyon de\u011fil, 743 milyon seviyelerinde olacakm\u0131\u015f. Bizim \u00f6dedi\u011fimiz 3 y\u0131ldaki kur fark\u0131 tutar\u0131 TL baz\u0131nda 445 milyon 559 bin lira. Bu da her Euro ile bor\u00e7lu olan, Euro ile yat\u0131r\u0131m yapan, Euro bazl\u0131 emtia alan ya da Euro&#8217;dan, dolardan etkilenen, emtialarda \u00e7al\u0131\u015fan b\u00fct\u00fcn kurumlar\u0131 oldu\u011fu gibi Mersin Su ve Kanalizasyon \u0130daresi&#8217;ni de etkilemi\u015f durumda. Sabit fiyatlarla \u00e7ok iyi noktada oldu\u011fumuzu g\u00f6r\u00fcyorsunuz. Cari fiyatlarla art\u0131\u015f gibi g\u00f6r\u00fcn\u00fcyor ama oysa mukayese a\u00e7\u0131s\u0131ndan Euro bazl\u0131 de\u011ferlendirme yapacak olursak, \u015fu anda 64 milyon Euro seviyesinde bir borcumuz var 20 May\u0131s itibariyle. Zaten biz bunu o g\u00fcnk\u00fc d\u00f6viz kuruyla hesaplad\u0131\u011f\u0131n\u0131zda 119 milyon devralm\u0131\u015ft\u0131k. Devrald\u0131\u011f\u0131m\u0131zda tabii ki dolar kuru 6,3 TL \u015fu anda en son 16,8 TL. Mersin Su ve Kanalizasyon \u0130daresi&#8217;nin tablosu budur, mali verileri bundan ibarettir.&#8221;<br \/>\nBa\u015fkan Se\u00e7er, MESK\u0130 Genel M\u00fcd\u00fcrl\u00fc\u011f\u00fc 2021 Mali Y\u0131l\u0131 Kesin Hesab\u0131yla ilgili maddenin kabul edilmesi \u00fczerine; &#8220;Mersin Su ve Kanalizasyon \u0130daresi Genel M\u00fcd\u00fcrl\u00fc\u011f\u00fc 2021 y\u0131l\u0131 mali y\u0131l\u0131 kesin hesap oylamas\u0131n\u0131 tamamlad\u0131k. \u00c7ok te\u015fekk\u00fcr ediyorum Meclisimize, kabul edilmi\u015ftir&#8221; dedi.<br \/>\nGenel Kurul&#8217;da Devlet Su \u0130\u015fleri (DS\u0130) ile Mersin B\u00fcy\u00fck\u015fehir Belediyesi aras\u0131nda imzalanacak olan protokol i\u00e7in Ba\u015fkan Vahap Se\u00e7er&#8217;e yetki verilmesi konusu da g\u00fcndem d\u0131\u015f\u0131 g\u00f6r\u00fc\u015f\u00fclerek, oy birli\u011fiyle kabul edildi. Konu ile ilgili Meclis \u00fcyelerine detayl\u0131 bilgi veren Ba\u015fkan Se\u00e7er, \u015funlar\u0131 s\u00f6yledi:<br \/>\n&#8220;Konu; Mersin \u0130\u00e7me Suyu \u0130sale Hatt\u0131 2. K\u0131s\u0131m \u0130n\u015faat\u0131; Berdan Su Havzas\u0131&#8217;ndan al\u0131nan. Biliyorsunuz burayla ilgili ilk protokol 1975 y\u0131l\u0131nda DS\u0130 ile yap\u0131lm\u0131\u015f. O zaman\u0131n Mersin Belediyesi, 1975 y\u0131l\u0131. Yani B\u00fcy\u00fck\u015fehir olmadan \u00f6nce. Bu isale hatt\u0131 2. K\u0131s\u0131m in\u015faat\u0131n ihalesi 2003 y\u0131l\u0131nda yap\u0131lm\u0131\u015f; DS\u0130 yap\u0131yor. Ge\u00e7ici kabul\u00fcn\u00fc 2005 y\u0131l\u0131nda yap\u0131yor. Biz de herhangi bir protokol, mutabakata varmadan hizmete al\u0131yoruz 2006 y\u0131l\u0131nda; DS\u0130&#8217;nin 2003 y\u0131l\u0131nda ihale etti\u011fi bu isale hatt\u0131n\u0131. \u00c7\u00fcnk\u00fc bunun kesin kabul\u00fc 2019 y\u0131l\u0131nda yap\u0131lm\u0131\u015f. Bu kadar s\u00fcre ge\u00e7mi\u015f, ge\u00e7 yap\u0131lm\u0131\u015f. Ancak, 1975 y\u0131l\u0131nda yap\u0131lan protokol gere\u011fi vade tarihi diyor ki; &#8216;tesisi i\u015fletmeye ald\u0131\u011f\u0131n\u0131z andan itibaren 30 y\u0131l i\u00e7inde bunu \u00f6deyeceksiniz.&#8217; Bu tesisin kesin kabul\u00fc 2019&#8217;da yap\u0131ld\u0131\u011f\u0131 i\u00e7in bu s\u00fcre i\u00e7erisinde bu taksitlendirme protokol\u00fc yap\u0131lm\u0131yor ve belediye de hi\u00e7 para \u00f6demiyor. 2019 y\u0131l\u0131nda kesin kabul yap\u0131ld\u0131ktan sonra 2021 y\u0131l\u0131n\u0131n A\u011fustos&#8217;unda DS\u0130 MESK\u0130&#8217;ye diyor ki; &#8216;senin 2006&#8217;dan bu yana \u00f6deyece\u011fin taksit var; 6 milyon 543 bin lira. Bunu \u00f6de bize.&#8217; Biz de diyoruz ki; &#8216;ya bu hesapta olmayan bir \u015feydi. Bunu birden \u00f6dememiz bizi s\u0131k\u0131nt\u0131ya sokar.&#8217; G\u00f6r\u00fc\u015f\u00fcyoruz DS\u0130 ile. DS\u0130 de diyor ki; &#8216;o zaman aram\u0131zda bir protokol yapal\u0131m.&#8217; Geldik 2022 y\u0131l\u0131na; aradan 15 y\u0131l\u0131 bitirdik, 2006&#8217;dan bu yana. O 15 y\u0131ll\u0131k birikimi aram\u0131zda bir \u00f6deme plan\u0131 ile kar\u015f\u0131l\u0131kl\u0131 mutabakat yapaca\u011f\u0131z. 15 y\u0131ll\u0131k biriken 6 milyon 543 bin lira borcu bu \u015fekilde \u00f6deyece\u011fiz. Zaten kalan 15 y\u0131l. Kalan 15 y\u0131l\u0131 da bundan sonra yine her y\u0131l uygun taksitlerle \u00f6deyece\u011fiz. Bunun imza yetkisi Ba\u015fkan&#8217;a veriliyor. Konu bundan ibaret. Biz DS\u0130 ile de zaten konu\u015ftuk, mutabakata vard\u0131k. Bir protokol yapaca\u011f\u0131z. Haz\u0131rlam\u0131\u015f\u0131z da imza atmam laz\u0131m. Meclis yetkisine ihtiya\u00e7 var. Her \u015fey g\u00f6r\u00fc\u015f\u00fcld\u00fc, DS\u0130 ile anla\u015f\u0131ld\u0131. Bir sorun yok.&#8221;<\/p>\n","protected":false},"excerpt":{"rendered":"<p>Mersin B\u00fcy\u00fck\u015fehir Belediyesi Mersin Su ve Kanalizasyon \u0130daresi (MESK\u0130) Genel M\u00fcd\u00fcrl\u00fc\u011f\u00fc&#8217;n\u00fcn May\u0131s ay\u0131 Ola\u011fan Genel Kurul Toplant\u0131s\u0131 \u0130kinci Birle\u015fimi, Mersin B\u00fcy\u00fck\u015fehir Belediye Ba\u015fkan\u0131 Vahap Se\u00e7er ba\u015fkanl\u0131\u011f\u0131nda yap\u0131ld\u0131. Ba\u015fkan Se\u00e7er, MESK\u0130&#8217;nin &hellip; <a href=\"https:\/\/akdenizolaygazetesi.com\/?p=18868\" class=\"more-link\">Devam\u0131n\u0131 Oku&#8230;<\/a><\/p>\n","protected":false},"author":2,"featured_media":18869,"comment_status":"open","ping_status":"open","sticky":false,"template":"","format":"standard","meta":[],"categories":[2,3,5],"tags":[],"_links":{"self":[{"href":"https:\/\/akdenizolaygazetesi.com\/index.php?rest_route=\/wp\/v2\/posts\/18868"}],"collection":[{"href":"https:\/\/akdenizolaygazetesi.com\/index.php?rest_route=\/wp\/v2\/posts"}],"about":[{"href":"https:\/\/akdenizolaygazetesi.com\/index.php?rest_route=\/wp\/v2\/types\/post"}],"author":[{"embeddable":true,"href":"https:\/\/akdenizolaygazetesi.com\/index.php?rest_route=\/wp\/v2\/users\/2"}],"replies":[{"embeddable":true,"href":"https:\/\/akdenizolaygazetesi.com\/index.php?rest_route=%2Fwp%2Fv2%2Fcomments&post=18868"}],"version-history":[{"count":1,"href":"https:\/\/akdenizolaygazetesi.com\/index.php?rest_route=\/wp\/v2\/posts\/18868\/revisions"}],"predecessor-version":[{"id":18870,"href":"https:\/\/akdenizolaygazetesi.com\/index.php?rest_route=\/wp\/v2\/posts\/18868\/revisions\/18870"}],"wp:featuredmedia":[{"embeddable":true,"href":"https:\/\/akdenizolaygazetesi.com\/index.php?rest_route=\/wp\/v2\/media\/18869"}],"wp:attachment":[{"href":"https:\/\/akdenizolaygazetesi.com\/index.php?rest_route=%2Fwp%2Fv2%2Fmedia&parent=18868"}],"wp:term":[{"taxonomy":"category","embeddable":true,"href":"https:\/\/akdenizolaygazetesi.com\/index.php?rest_route=%2Fwp%2Fv2%2Fcategories&post=18868"},{"taxonomy":"post_tag","embeddable":true,"href":"https:\/\/akdenizolaygazetesi.com\/index.php?rest_route=%2Fwp%2Fv2%2Ftags&post=18868"}],"curies":[{"name":"wp","href":"https:\/\/api.w.org\/{rel}","templated":true}]}}