{"id":18877,"date":"2022-05-25T12:51:05","date_gmt":"2022-05-25T09:51:05","guid":{"rendered":"http:\/\/akdenizolaygazetesi.com\/?p=18877"},"modified":"2022-05-25T12:51:05","modified_gmt":"2022-05-25T09:51:05","slug":"frida-sanatseverler-ile-yeniden-bulusacak","status":"publish","type":"post","link":"https:\/\/akdenizolaygazetesi.com\/?p=18877","title":{"rendered":"\u201cFrida\u201d Sanatseverler ile yeniden bulu\u015facak"},"content":{"rendered":"<p>Mersin Devlet Opera ve Balesi, 28 May\u0131s 2022 Cumartesi g\u00fcn\u00fc saat 20:00\u2019da Opera Sahnesi\u2019nde \u2018\u2019Frida\u2018\u2019 balesini sahneliyor.<br \/>\nRepetit\u00f6rler; \u00d6zlem \u015eenormanl\u0131lar, Ender \u00dc\u00e7demir, Serb\u00fclent Bi\u00e7er, K\u00fcr\u015fat K\u0131l\u0131\u00e7. M\u00fczikleri Arturo Maquez, Jose Pablo Moncayo, Can Aksel Ak\u0131n\u2019 a, koreografi ve rejisi \u00d6zg\u00fcr Adam \u0130nan\u00e7\u2019 a, dramaturjisi  F\u00fcsun Ataman Berke\u2019ye  ait olan eserin dekor tasar\u0131m\u0131n\u0131 Aykut \u00d6z, kost\u00fcm tasar\u0131m\u0131n\u0131 T\u00fclay \u015eim\u015fek, \u0131\u015f\u0131k tasar\u0131m\u0131n\u0131 ise Tar\u0131 Deniz yapt\u0131.<br \/>\nFrida Kahlo\u2026 Meksikal\u0131 ressam\u2026. Babas\u0131n\u0131n hediye etti\u011fi boyalarla ba\u015flad\u0131\u011f\u0131 resme bir kurtar\u0131c\u0131 gibi sar\u0131l\u0131yor. Bu sayede \u00f6l\u00fcm\u00fcn her an yan\u0131 ba\u015f\u0131nda duran nefesini hissetmemeyi ba\u015faran bir kahramana d\u00f6n\u00fc\u015f\u00fcyor, ya\u015fama d\u00f6rt elle sar\u0131l\u0131yor.<br \/>\nOnun zaman\u0131n ve ac\u0131n\u0131n \u00f6tesine ge\u00e7mi\u015f, resmin kanatlar\u0131nda sonsuzlu\u011fa yelken a\u00e7m\u0131\u015f, \u00f6l\u00fcm tanr\u0131s\u0131yla dans edebilmi\u015f bir \u00f6l\u00fcml\u00fc oldu\u011fu s\u00f6ylenebilir\u2026<br \/>\nMersin Devlet Opera ve Balesi,  \u00f6l\u00fcme meydan okuyan, kendi ger\u00e7e\u011fini tablolara yans\u0131tan ve bu yolla insan\u0131n \u00f6l\u00fcml\u00fc yazg\u0131s\u0131n\u0131 a\u015fan bir sanat\u00e7\u0131y\u0131, onun \u00f6l\u00fcmle dans\u0131n\u0131 sizlere sunuyor.<br \/>\nMersin Devlet Opera ve Balesi bale sanat\u00e7\u0131lar\u0131n\u0131n yer ald\u0131\u011f\u0131 eserin ba\u015fl\u0131ca rolleri; Frida (\u00c7ocuklu\u011fu- Gen\u00e7li\u011fi): Tutku Bar\u0131n T\u00fcmen, Olgun Frida : \u00d6zlem \u015eenormanl\u0131lar , Diego Rivera  : Ozan Demirba\u015f, La Muerte (\u00d6l\u00fcm) : Burak Serkan Cebeci, Guillermo Kahlo (Baba)  : Ender \u00dc\u00e7demir , Matilde Calderon Gonzalez (Anne): Sel\u011fan \u00c7avdaro\u011flu, Cristina ( K\u0131z Karde\u015f)  : Meltem Ayar , Mathilda (K\u0131z Karde\u015f) : P\u0131nar Humar,  Alejandro Gomez Arias  : Niyazi Cing\u00f6z, Lupe Marin  : Risa Ochiai , Tina Modotti  : Seda Dereli , Micklantecuhtli : Ketevan Chkhikvadze , Quetzalcoatl : Miray Boyac\u0131o\u011flu, Breton: Tugay Ak, Doktor:Cem \u00c7ilingir, Matador:\u0130smail \u015eereflio\u011flu.<br \/>\n\tBiletler opera gi\u015fesinden ve biletinial.com internet adresinden temin edilebilecek<\/p>\n","protected":false},"excerpt":{"rendered":"<p>Mersin Devlet Opera ve Balesi, 28 May\u0131s 2022 Cumartesi g\u00fcn\u00fc saat 20:00\u2019da Opera Sahnesi\u2019nde \u2018\u2019Frida\u2018\u2019 balesini sahneliyor. Repetit\u00f6rler; \u00d6zlem \u015eenormanl\u0131lar, Ender \u00dc\u00e7demir, Serb\u00fclent Bi\u00e7er, K\u00fcr\u015fat K\u0131l\u0131\u00e7. M\u00fczikleri Arturo Maquez, Jose &hellip; <a href=\"https:\/\/akdenizolaygazetesi.com\/?p=18877\" class=\"more-link\">Devam\u0131n\u0131 Oku&#8230;<\/a><\/p>\n","protected":false},"author":2,"featured_media":18878,"comment_status":"open","ping_status":"open","sticky":false,"template":"","format":"standard","meta":[],"categories":[3],"tags":[],"_links":{"self":[{"href":"https:\/\/akdenizolaygazetesi.com\/index.php?rest_route=\/wp\/v2\/posts\/18877"}],"collection":[{"href":"https:\/\/akdenizolaygazetesi.com\/index.php?rest_route=\/wp\/v2\/posts"}],"about":[{"href":"https:\/\/akdenizolaygazetesi.com\/index.php?rest_route=\/wp\/v2\/types\/post"}],"author":[{"embeddable":true,"href":"https:\/\/akdenizolaygazetesi.com\/index.php?rest_route=\/wp\/v2\/users\/2"}],"replies":[{"embeddable":true,"href":"https:\/\/akdenizolaygazetesi.com\/index.php?rest_route=%2Fwp%2Fv2%2Fcomments&post=18877"}],"version-history":[{"count":1,"href":"https:\/\/akdenizolaygazetesi.com\/index.php?rest_route=\/wp\/v2\/posts\/18877\/revisions"}],"predecessor-version":[{"id":18879,"href":"https:\/\/akdenizolaygazetesi.com\/index.php?rest_route=\/wp\/v2\/posts\/18877\/revisions\/18879"}],"wp:featuredmedia":[{"embeddable":true,"href":"https:\/\/akdenizolaygazetesi.com\/index.php?rest_route=\/wp\/v2\/media\/18878"}],"wp:attachment":[{"href":"https:\/\/akdenizolaygazetesi.com\/index.php?rest_route=%2Fwp%2Fv2%2Fmedia&parent=18877"}],"wp:term":[{"taxonomy":"category","embeddable":true,"href":"https:\/\/akdenizolaygazetesi.com\/index.php?rest_route=%2Fwp%2Fv2%2Fcategories&post=18877"},{"taxonomy":"post_tag","embeddable":true,"href":"https:\/\/akdenizolaygazetesi.com\/index.php?rest_route=%2Fwp%2Fv2%2Ftags&post=18877"}],"curies":[{"name":"wp","href":"https:\/\/api.w.org\/{rel}","templated":true}]}}