{"id":18881,"date":"2022-05-26T13:06:41","date_gmt":"2022-05-26T10:06:41","guid":{"rendered":"http:\/\/akdenizolaygazetesi.com\/?p=18881"},"modified":"2022-05-26T13:06:41","modified_gmt":"2022-05-26T10:06:41","slug":"yoruk-kulturu-ve-gastronomi-gunlerinde-meral-secerle-soylesi-gerceklesti","status":"publish","type":"post","link":"https:\/\/akdenizolaygazetesi.com\/?p=18881","title":{"rendered":"Y\u00d6R\u00dcK K\u00dcLT\u00dcR\u00dc VE GASTRONOM\u0130 G\u00dcNLER\u0130&#8217;NDE MERAL SE\u00c7ER&#8217;LE S\u00d6YLE\u015e\u0130 GER\u00c7EKLE\u015eT\u0130"},"content":{"rendered":"<p>Mersin B\u00fcy\u00fck\u015fehir Belediyesi ve Mersinden Kad\u0131n Kooperatifi&#8217;nin y\u00fcr\u00fctt\u00fc\u011f\u00fc &#8220;Dar\u0131sekisi \u00d6rnek K\u00f6y Projesi&#8221; kapsam\u0131nda hayata ge\u00e7irilen Y\u00f6r\u00fck K\u00f6y\u00fc&#8217;nde 24-25 May\u0131s&#8217;ta &#8220;Y\u00f6r\u00fck K\u00fclt\u00fcr\u00fc ve Gastronomi G\u00fcnleri&#8221; ger\u00e7ekle\u015ftirildi. Program kapsam\u0131nda bir s\u00f6yle\u015fide konu\u015fmac\u0131 olarak yer alan Mersinden Kad\u0131n Kooperatifi Ba\u015fkan\u0131 Meral Se\u00e7er, Dar\u0131sekisi \u00d6rnek K\u00f6y Projesi&#8217;nin hikayesini anlatt\u0131.<br \/>\n&#8220;Buras\u0131 yayla yollar\u0131n\u0131n g\u00fczergah\u0131nda bulunan bir mekan&#8221;<br \/>\nMersin B\u00fcy\u00fck\u015fehir Belediyesi, Mersinden Kad\u0131n Kooperatifi ve Toros \u00dcniversitesi&#8217;nin i\u015f birli\u011fiyle ger\u00e7ekle\u015ftirilen &#8220;Y\u00f6r\u00fck K\u00fclt\u00fcr\u00fc ve Gastronomi G\u00fcnleri&#8221;nde Gazeteci Serdar Akinan&#8217;\u0131n moderat\u00f6rl\u00fc\u011f\u00fcnde Mersinden Kad\u0131n Kooperatifi Ba\u015fkan\u0131 Meral Se\u00e7er ile &#8220;Dar\u0131sekisi \u00d6rnek K\u00f6y Proje S\u00f6yle\u015fisi&#8221; yap\u0131ld\u0131. S\u00f6yle\u015fiyi siyasi parti temsilcileri, B\u00fcy\u00fck\u015fehir Belediyesi daire ba\u015fkanlar\u0131, Mersinden Kad\u0131n Kooperatifi ortaklar\u0131, muhtarlar ve \u00e7o\u011funlu\u011fu kad\u0131nlardan olu\u015fan vatanda\u015flar izledi.<br \/>\nMersin&#8217;in k\u00fclt\u00fcr ve kad\u0131nlar\u0131n \u00fcretim g\u00fcc\u00fc a\u00e7\u0131s\u0131ndan \u00e7ok zengin bir kent oldu\u011funu vurgulayan Meral Se\u00e7er, k\u0131rsal kalk\u0131nma \u00f6zelinde bu projenin s\u00fcrekli g\u00fcndemlerinde oldu\u011funu belirtti. Kooperatif ortaklar\u0131ndan Ebru Tugay&#8217;\u0131n organik tar\u0131m yapt\u0131\u011f\u0131 Dar\u0131sekisi&#8217;ne ger\u00e7ekle\u015ftirdikleri ziyaretle birlikte projenin ilk ad\u0131mlar\u0131n\u0131 atmaya ba\u015flad\u0131klar\u0131na dikkat \u00e7eken Se\u00e7er, &#8220;Kad\u0131nlar\u0131m\u0131z\u0131n burada \u00e7ok \u00fcretken olmas\u0131, \u00e7e\u015fitlili\u011fin \u00e7ok olmas\u0131, buran\u0131n bir merkez olmas\u0131; ba\u015fta Dar\u0131sekisi olmak \u00fczere di\u011fer k\u00f6ylerin kad\u0131nlar\u0131na, o k\u00f6ylerde ya\u015fayan ailelere faydas\u0131 olmas\u0131 a\u00e7\u0131s\u0131ndan uygun bir yer oldu\u011funu d\u00fc\u015f\u00fcnd\u00fck. Bu alan di\u011fer yayla yollar\u0131n\u0131n g\u00fczergah\u0131nda bulunan, konaklamas\u0131 olan, Mersin&#8217;e ula\u015f\u0131m konusunda da \u00e7ok rahat olan bir mekan&#8221; dedi.<br \/>\n&#8220;Kendi \u00f6zellikleriyle olu\u015fturulan mekanlar insanlar\u0131n oraya gelmesine sebep oluyor&#8221;<br \/>\nMersin&#8217;in \u00f6rnek k\u00f6y a\u00e7\u0131s\u0131ndan eksik oldu\u011funu belirten Meral Se\u00e7er, &#8220;Ege&#8217;ye gitti\u011fimizde kendi k\u00fclt\u00fcr\u00fcn\u00fc, \u00f6zelli\u011fini ta\u015f\u0131yan k\u00f6ylerin oldu\u011funu g\u00f6r\u00fcyoruz ve bunun turizm a\u00e7\u0131s\u0131ndan da kente \u00e7ok faydas\u0131 oldu\u011funu g\u00f6r\u00fcyoruz. Bizler bile buradan oralara gidip g\u00f6rmek istiyoruz. Dolay\u0131s\u0131yla yerelin kendi \u00f6zellikleriyle olu\u015fturulan mekanlar daima insanlar\u0131n oraya gelmesine sebep oluyor. \u0130\u015fte Toroslar da Y\u00f6r\u00fck k\u00fclt\u00fcr\u00fcn\u00fcn hakim oldu\u011fu bir yer. \u00c7ok kadim bir k\u00fclt\u00fcr. Daha \u00f6nceden yerle\u015fik ya\u015famayan ama \u015fu anda yerle\u015fik olarak ya\u015fayan pek \u00e7ok aileyi bar\u0131nd\u0131ran bir b\u00f6lge. Bu kadim k\u00fclt\u00fcr\u00fcn ya\u015fayarak, anlatarak, anla\u015f\u0131l\u0131r hale getirilerek insanlara, gelecek nesillere aktar\u0131lmas\u0131 \u00e7ok \u00f6nemli&#8221; diye konu\u015ftu.<br \/>\n&#8220;Mersinden Kad\u0131n Kooperatifi olarak buran\u0131n \u00fcretim aya\u011f\u0131nday\u0131z&#8221;<br \/>\nMersin B\u00fcy\u00fck\u015fehir Belediyesi ve Mersinden Kad\u0131n Kooperatifi olarak projeyi ortak bir \u015fekilde y\u00fcr\u00fctt\u00fcklerini kaydeden Meral Se\u00e7er, &#8220;Bu alan\u0131n yap\u0131lmas\u0131, faaliyetlerin d\u00fczenlenmesi konusunda B\u00fcy\u00fck\u015fehir rol oynayacak. Alanda bir K\u00f6y Meydan\u0131 olu\u015fturuldu ve kad\u0131nlar\u0131n ek gelir elde edebilmesi i\u00e7in de kal\u0131c\u0131 stantlar kuruldu. Biz Mersinden Kad\u0131n Kooperatifi olarak buran\u0131n \u00fcretim aya\u011f\u0131nday\u0131z&#8221; dedi. Se\u00e7er, alanda eskiden ilkokul, \u015fu anda ise \u00dcretim Binas\u0131 olarak kullan\u0131lan binan\u0131n \u00fcretim izinlerinin al\u0131nd\u0131\u011f\u0131n\u0131; yan\u0131na bir Pi\u015firim Alan\u0131 kuruldu\u011funu, eski lojman\u0131n ise Y\u00f6r\u00fck k\u00fclt\u00fcr\u00fcnden fig\u00fcrlerle haz\u0131rlanm\u0131\u015f bir E\u011fitim Binas\u0131&#8217;na d\u00f6n\u00fc\u015ft\u00fcr\u00fcld\u00fc\u011f\u00fcn\u00fc anlatt\u0131. Se\u00e7er, bu alanlarda kad\u0131nlara ambalajlamadan paketlemeye kadar pek \u00e7ok e\u011fitimin verilece\u011fini s\u00f6yledi.<br \/>\n&#8220;Buras\u0131 bir cazibe merkezi olacak&#8221;<br \/>\nDar\u0131sekisi \u00d6rnek K\u00f6y&#8217;le ilgili bundan sonraki s\u00fcre\u00e7teki planlar\u0131ndan da bahseden Meral Se\u00e7er, &#8220;Buras\u0131 bir cazibe merkezi olacak. Y\u0131l\u0131n 12 ay\u0131nda do\u011fa takvimine g\u00f6re etkinlikler yap\u0131lacak. Bu etkinlikleri PR \u00e7al\u0131\u015fmalar\u0131yla duyurarak, insanlar\u0131 buraya \u00e7ekece\u011fiz&#8221; dedi. Bu sayede civar mahallelerin de k\u00fclt\u00fcr\u00fc, tarihi ve do\u011fal g\u00fczellikleriyle ziyaret\u00e7ilerin ilgi oda\u011f\u0131 haline gelece\u011fini vurgulayan Se\u00e7er, &#8220;Gelen, burada g\u00f6rd\u00fc\u011f\u00fcyle di\u011fer tarafa gidecek. Bir G\u00f6zne Kalesi&#8217;ni g\u00f6recek. Do\u011fal g\u00fczellikleriyle zengin \u00c7aml\u0131dere k\u00f6y\u00fcm\u00fcz var. Yani Dar\u0131sekisi ba\u015fta olmak \u00fczere, kad\u0131nlar\u0131m\u0131z\u0131n ve k\u00f6y\u00fcn kalk\u0131nmas\u0131na katk\u0131 sunacak. \u00c7\u00fcnk\u00fc \u00fcrettikleri \u00fcr\u00fcnlerin sat\u0131\u015fa sunulaca\u011f\u0131, geli\u015ftirilece\u011fi ortamlar olacak&#8221; ifadelerine yer verdi.<br \/>\n&#8220;Buradaki \u00f6zel \u00fcr\u00fcnleri bulmak ve bunlar\u0131 ulusal alanda pazarlama hedefindeyiz&#8221;<br \/>\nMeral Se\u00e7er, \u00fcretim aya\u011f\u0131nda yer ald\u0131klar\u0131 Dar\u0131sekisi \u00d6rnek K\u00f6y&#8217;de geleneksel y\u00f6ntemlerle yap\u0131lan \u00fcretimleri kooperatif olarak inovatif hale getireceklerini ve pazar pay\u0131n\u0131n artmas\u0131na katk\u0131 sunacaklar\u0131n\u0131 vurgulad\u0131. Tescilini ald\u0131klar\u0131 &#8220;Mersinden&#8221; markas\u0131yla kentin tan\u0131n\u0131rl\u0131\u011f\u0131na da katk\u0131 sa\u011flad\u0131klar\u0131n\u0131n alt\u0131n\u0131 \u00e7izen Se\u00e7er, yapt\u0131klar\u0131 ilk \u00e7al\u0131\u015fmalardan birisini anlatarak, &#8220;Mersin B\u00fcy\u00fck\u015fehir&#8217;in Silifke&#8217;deki Atal\u0131k Sar\u0131 Bu\u011fday projesine payda\u015f olduk. Bunu al\u0131p katma de\u011ferli \u00fcr\u00fcne \u00e7evirdik. \u015eu anda zincir bir markette T\u00fcrkiye&#8217;nin her yerinde &#8216;Mersinden&#8217; markas\u0131yla sat\u0131\u015fa sunuluyor. Silifke Baland\u0131z&#8217;da Ata Tohumu Sar\u0131 Bu\u011fday \u00f6zel bir \u00fcr\u00fcn. Burada da \u00e7ok \u00f6zel \u00fcr\u00fcnler var. Bu \u00f6zel \u00fcr\u00fcnleri bulmak ve bunlar\u0131 ulusal alanda pazarlama hedefindeyiz&#8221; diye konu\u015ftu.<br \/>\n&#8220;K\u0131rsalda kalk\u0131nman\u0131n temelinin buradan ba\u015flad\u0131\u011f\u0131n\u0131 d\u00fc\u015f\u00fcn\u00fcyorum&#8221;<br \/>\nMeral Se\u00e7er, farkl\u0131 noktalardaki kad\u0131nlar\u0131n bir araya geldi\u011finde sosyalle\u015ftiklerini, kendini geli\u015ftirdikleri i\u00e7in mutlu olduklar\u0131n\u0131 ve farkl\u0131 fikirlerin ortaya \u00e7\u0131kt\u0131\u011f\u0131n\u0131 vurgulad\u0131. Kad\u0131nlardan ald\u0131klar\u0131 bilgilerle b\u00f6lgenin \u00f6nemli \u00fcr\u00fcnlerini ke\u015ffedip ulusal pazara sunmay\u0131 hedeflediklerini s\u00f6zlerine ekleyen Se\u00e7er, &#8220;Amac\u0131m\u0131z y\u00f6renin geli\u015fmesine katk\u0131 sunmak, kad\u0131nlar\u0131n ekonomik ve sosyal y\u00f6nden g\u00fc\u00e7lenmesi. Buras\u0131, Mersin&#8217;de bir \u00f6rnek k\u00f6y rotas\u0131n\u0131n ba\u015flang\u0131c\u0131 olmas\u0131 noktas\u0131nda \u00e7ok \u00f6nemli. \u00c7\u00fcnk\u00fc insanlar Mersin&#8217;e gelmek istediklerinde &#8216;nereye gelece\u011fiz?&#8217; diyorlard\u0131. Gidecek \u00e7ok yer var ama bir rota \u015feklinde oldu\u011funda k\u0131rsalda kalk\u0131nman\u0131n temelinin buradan ba\u015flad\u0131\u011f\u0131n\u0131 d\u00fc\u015f\u00fcn\u00fcyorum&#8221; dedi.<br \/>\nS\u00f6zl\u00fc k\u00fclt\u00fcrlerin kendilerine \u0131\u015f\u0131k tuttu\u011funu vurgulayan Meral Se\u00e7er, Y\u00f6r\u00fck k\u00fclt\u00fcr\u00fcnde de do\u011fa ve insan sevgisinin a\u00e7\u0131k\u00e7a g\u00f6r\u00fcld\u00fc\u011f\u00fcn\u00fc s\u00f6yledi. Projeyle bu k\u00fclt\u00fcrleri de ya\u015fatmak istediklerinin alt\u0131n\u0131 \u00e7izen Se\u00e7er, &#8220;Maksat o k\u00fclt\u00fcr\u00fcn ya\u015fat\u0131l\u0131p anlat\u0131lmas\u0131, onun hissettirilmesi. Do\u011fa sevgisinin hissettirilmesi, insan sevgisinin hissettirilmesi. O etkinlikler de do\u011fa takvimi i\u00e7erisinde yap\u0131lacak&#8221; diyerek, bu konuda Mersin \u00dcniversitesi&#8217;nden hocalar\u0131n da kendilerine katk\u0131 sunduklar\u0131n\u0131 belirtti.<br \/>\nMeral Se\u00e7er, ba\u015flatt\u0131klar\u0131 yeni bir \u00e7al\u0131\u015fmay\u0131 da duyurdu<br \/>\n\u00c7aml\u0131yayla&#8217;da ya\u015fayan kad\u0131nlarla birlikte &#8216;Anne Sevgisi&#8217; tablosundaki papatya fig\u00fcr\u00fcn\u00fcn hikayesiyle yola \u00e7\u0131kt\u0131klar\u0131n\u0131 ve kad\u0131nlar\u0131n bu fig\u00fcr\u00fc geleneksel i\u011fne oyas\u0131yla i\u015fledi\u011fini anlatan Meral Se\u00e7er, ortaya \u00e7\u0131kan kolye, bileklik ve k\u00fcpe gibi \u00fcr\u00fcnlerin &#8216;Mersinden&#8217; markas\u0131yla Dolmabah\u00e7e Saray\u0131&#8217;nda ziyaret\u00e7ilere sunuldu\u011funu s\u00f6yledi. Meral Se\u00e7er, Dar\u0131sekisi&#8217;nde de bir \u00e7al\u0131\u015fma ba\u015flatt\u0131klar\u0131n\u0131 belirterek, &#8220;Y\u00f6r\u00fckler&#8217;in geleneksel el i\u015fleri \u00e7arpanal\u0131 kolan var.  \u00c7ocuklar\u0131n\u0131 s\u0131rtlar\u0131nda ta\u015f\u0131mak ve hayvanlar\u0131 i\u00e7in yapt\u0131klar\u0131 el i\u015fleri var. Biz Mersinden Kad\u0131n Kooperatifi olarak bunu inovatif hale getirmek i\u00e7in Halk E\u011fitim ve Olgunla\u015fma Enstit\u00fcs\u00fc&#8217;n\u00fcn de i\u00e7inde oldu\u011fu \u00e7al\u0131\u015fmalar\u0131m\u0131z\u0131 ba\u015flatt\u0131k&#8221; dedi.<br \/>\nKad\u0131nlar Dar\u0131sekisi \u00d6rnek K\u00f6y&#8217;le ilgili d\u00fc\u015f\u00fcncelerini payla\u015ft\u0131<br \/>\nB\u00f6lgedeki kad\u0131nlar \u00fcrettikleri \u00fcr\u00fcnleri stantlarda sat\u0131\u015fa sunarak \u00d6rnek K\u00f6y Projesi&#8217;yle ilgili g\u00f6r\u00fc\u015flerini aktard\u0131. Kad\u0131nlardan Muazzez Zengin, &#8220;Ekmek yap\u0131yorlar, bazlama yap\u0131yorlar. \u015eimdi de sat\u0131\u015f yap\u0131yoruz. Bize sat\u0131\u015f imkan\u0131 sa\u011flad\u0131lar. Sa\u011f olsun Meral Han\u0131m&#8221; derken, Elife Yetkin de &#8220;K\u00f6y\u00fcme, evime, kazanc\u0131ma, emekli kocama katk\u0131da bulunuyoruz. Emekli param\u0131z yetmiyor. Ne yapal\u0131m? Hi\u00e7 olmazsa mutfak masraf\u0131m\u0131z \u00e7\u0131k\u0131yor. Buras\u0131 sayesinde cebimiz para g\u00f6rd\u00fc&#8221; diye konu\u015ftu.<br \/>\nCivar mahallelerden olan Dalakderesi&#8217;nden geldi\u011fini vurgulayan Vildan Do\u011fan, &#8220;K\u00fclt\u00fcr\u00fcm\u00fcz\u00fcn aktar\u0131lmas\u0131, ya\u015fat\u0131lmas\u0131 \u00e7ok de\u011ferli bizler i\u00e7in. B\u00f6lge i\u00e7in de buras\u0131 bir merkez&#8221; dedi. G\u00f6zne&#8217;den gelen Necla Duramaz ise &#8220;\u00dcrettiklerimizi satmaktan memnuniyet duyuyoruz. Ba\u015fkan\u0131m\u0131za bunun i\u00e7in \u00e7ok te\u015fekk\u00fcr ediyoruz. Bir ba\u015fkas\u0131na el a\u00e7maktansa kendi kazanc\u0131nla ge\u00e7inmek daha g\u00fczel&#8221; ifadelerine yer verdi.<\/p>\n","protected":false},"excerpt":{"rendered":"<p>Mersin B\u00fcy\u00fck\u015fehir Belediyesi ve Mersinden Kad\u0131n Kooperatifi&#8217;nin y\u00fcr\u00fctt\u00fc\u011f\u00fc &#8220;Dar\u0131sekisi \u00d6rnek K\u00f6y Projesi&#8221; kapsam\u0131nda hayata ge\u00e7irilen Y\u00f6r\u00fck K\u00f6y\u00fc&#8217;nde 24-25 May\u0131s&#8217;ta &#8220;Y\u00f6r\u00fck K\u00fclt\u00fcr\u00fc ve Gastronomi G\u00fcnleri&#8221; ger\u00e7ekle\u015ftirildi. Program kapsam\u0131nda bir s\u00f6yle\u015fide konu\u015fmac\u0131 &hellip; <a href=\"https:\/\/akdenizolaygazetesi.com\/?p=18881\" class=\"more-link\">Devam\u0131n\u0131 Oku&#8230;<\/a><\/p>\n","protected":false},"author":2,"featured_media":18882,"comment_status":"open","ping_status":"open","sticky":false,"template":"","format":"standard","meta":[],"categories":[2,3],"tags":[],"_links":{"self":[{"href":"https:\/\/akdenizolaygazetesi.com\/index.php?rest_route=\/wp\/v2\/posts\/18881"}],"collection":[{"href":"https:\/\/akdenizolaygazetesi.com\/index.php?rest_route=\/wp\/v2\/posts"}],"about":[{"href":"https:\/\/akdenizolaygazetesi.com\/index.php?rest_route=\/wp\/v2\/types\/post"}],"author":[{"embeddable":true,"href":"https:\/\/akdenizolaygazetesi.com\/index.php?rest_route=\/wp\/v2\/users\/2"}],"replies":[{"embeddable":true,"href":"https:\/\/akdenizolaygazetesi.com\/index.php?rest_route=%2Fwp%2Fv2%2Fcomments&post=18881"}],"version-history":[{"count":1,"href":"https:\/\/akdenizolaygazetesi.com\/index.php?rest_route=\/wp\/v2\/posts\/18881\/revisions"}],"predecessor-version":[{"id":18883,"href":"https:\/\/akdenizolaygazetesi.com\/index.php?rest_route=\/wp\/v2\/posts\/18881\/revisions\/18883"}],"wp:featuredmedia":[{"embeddable":true,"href":"https:\/\/akdenizolaygazetesi.com\/index.php?rest_route=\/wp\/v2\/media\/18882"}],"wp:attachment":[{"href":"https:\/\/akdenizolaygazetesi.com\/index.php?rest_route=%2Fwp%2Fv2%2Fmedia&parent=18881"}],"wp:term":[{"taxonomy":"category","embeddable":true,"href":"https:\/\/akdenizolaygazetesi.com\/index.php?rest_route=%2Fwp%2Fv2%2Fcategories&post=18881"},{"taxonomy":"post_tag","embeddable":true,"href":"https:\/\/akdenizolaygazetesi.com\/index.php?rest_route=%2Fwp%2Fv2%2Ftags&post=18881"}],"curies":[{"name":"wp","href":"https:\/\/api.w.org\/{rel}","templated":true}]}}