{"id":18884,"date":"2022-05-26T13:09:09","date_gmt":"2022-05-26T10:09:09","guid":{"rendered":"http:\/\/akdenizolaygazetesi.com\/?p=18884"},"modified":"2022-05-26T13:09:09","modified_gmt":"2022-05-26T10:09:09","slug":"simulatorlu-vinc-operatorlugu-kursu-turkiyede-bir-ilk","status":"publish","type":"post","link":"https:\/\/akdenizolaygazetesi.com\/?p=18884","title":{"rendered":"\u201cSim\u00fclat\u00f6rl\u00fc vin\u00e7 operat\u00f6rl\u00fc\u011f\u00fc kursu T\u00fcrkiye\u2019de bir ilk\u201d"},"content":{"rendered":"<p>Akdeniz Belediyesi Proje E\u011fitim ve Uygulama Merkezi\u2019nde mesleki e\u011fitim ve kurs alan gen\u00e7ler, merkezin hizmete a\u00e7\u0131ld\u0131\u011f\u0131 4 ayl\u0131k s\u00fcrede \u00f6\u011frendikleri mesleki ve teknik bilgi ve becerilerini, haz\u0131rlad\u0131klar\u0131 bir sergi ile be\u011feniye sundu.<br \/>\nAkdeniz Belediyesi K\u00fclt\u00fcr ve Sosyal \u0130\u015fler M\u00fcd\u00fcrl\u00fc\u011f\u00fc Proje E\u011fitim ve Uygulama Merkezi\u2019nde; Grafik Tasar\u0131m ve Foto\u011fraf\u00e7\u0131l\u0131k, Autocad \/ 3DS Max, Halkla \u0130li\u015fkiler ve M\u00fc\u015fteri Hizmetleri ile \u00d6n Muhasebe alanlar\u0131nda kurs ve e\u011fitim alan gen\u00e7ler, haz\u0131rlad\u0131klar\u0131 etkinlik ile merkezde \u00f6\u011frendikleri teknik ve mesleki yeteneklerini sergiledi. Etkinli\u011fe, Akdeniz Belediyesi Ba\u015fkanvekili Ayd\u0131n Egin, \u0130l\u00e7e Milli E\u011fitim M\u00fcd\u00fcr\u00fc \u00c2dem \u015eim\u015fek, Mersin \u00dcniversitesi, \u0130\u015e-KUR ve Halk E\u011fitim Merkezi temsilcileri, kurs e\u011fitmenleri, \u00f6\u011frenciler ve veliler kat\u0131ld\u0131.<br \/>\n\u201cSim\u00fclat\u00f6rl\u00fc vin\u00e7 operat\u00f6rl\u00fc\u011f\u00fc kursu T\u00fcrkiye\u2019de bir ilk\u201d<br \/>\nEtkinlikte bir konu\u015fma yapan Akdeniz Belediye Ba\u015fkanvekili Ayd\u0131n Egin, projenin en \u00f6nemli \u00f6zelli\u011finin, kurs ve e\u011fitim alan gen\u00e7lerin y\u00fczde 20\u2019sinin istihdam imk\u00e2n\u0131 elde etmesi oldu\u011funu vurgulad\u0131. Egin; \u201c\u00dclkemiz \u00e7ap\u0131nda ses getiren projemiz ile birlikte ayr\u0131ca T\u00fcrkiye\u2019de ilk kez gen\u00e7lerimize sim\u00fclat\u00f6r destekli vin\u00e7 operat\u00f6rl\u00fc\u011f\u00fc kursu verilmi\u015ftir. Kursu ba\u015far\u0131yla bitiren gen\u00e7lerimiz, Mersin, T\u00fcrkiye ve d\u00fcnyan\u0131n farkl\u0131 limanlar\u0131nda i\u015f bulma imk\u00e2n\u0131 elde etmi\u015ftir. Gelece\u011fimiz olan gen\u00e7lerimizin e\u011fitimi, meslek ve beceri kazanmalar\u0131 amac\u0131yla \u00e7al\u0131\u015fmaya ve projeler \u00fcretmeye devam edece\u011fiz. Yetkin Belgeli \u0130\u015f G\u00fcc\u00fc; Akdeniz\u2019in Dinamik G\u00fcc\u00fc slogan\u0131 ile ba\u015flayan e\u011fitimlerimizin hay\u0131rl\u0131 olmas\u0131n\u0131 temenni ediyor; kurs ve e\u011fitimlere kat\u0131lacak gen\u00e7lerimize, gelecek hayatlar\u0131nda sa\u011fl\u0131k, mutluluk ve ba\u015far\u0131lar diliyorum\u201d dedi.<br \/>\n\u201c\u0130ki ayr\u0131 projedeki e\u011fitimlere 152 kursiyer kat\u0131l\u0131yor\u201d<br \/>\nAkdeniz Belediyesi Proje E\u011fitim ve Uygulama Merkezi\u2019nin 4 ay \u00f6nce hizmete girdi\u011fini belirten K\u00fclt\u00fcr ve Sosyal \u0130\u015fler M\u00fcd\u00fcr\u00fc Ali U\u00e7ar; merkezde e\u015f zamanl\u0131 lojistik mesleki e\u011fitim merkezi projesi, bir de mesleki beceri at\u00f6lyeleri projesini y\u00fcr\u00fctt\u00fcklerini anlatt\u0131. Proje ortaklar\u0131 ve e\u011fitmenlere te\u015fekk\u00fcr eden U\u00e7ar; lojistik mesleki e\u011fitim merkezi projesine 80; mesleki beceri at\u00f6lyeleri projesine de 72 \u00f6\u011frencinin kat\u0131larak kurs ve e\u011fitim ald\u0131klar\u0131n\u0131 ifade etti. U\u00e7ar; \u201cMesleki beceri at\u00f6lyeleri kursunda y\u00fczde 20 istihdam sa\u011flanacakt\u0131r. Lojistik mesleki e\u011fitim merkezi projesi ise bir e\u011fitim projesidir. Onun de\u011feri, T\u00fcrkiye\u2019de sim\u00fclat\u00f6rl\u00fc e\u011fitim verilen, liman vin\u00e7 operat\u00f6r\u00fc yeti\u015ftiren ilk projedir. Bu a\u00e7\u0131dan kentimize ve \u00fclkemize farkl\u0131 bir de\u011fer katmaktad\u0131r\u201d diye konu\u015ftu.<br \/>\n\u0130\u015e-KUR \u0130l M\u00fcd\u00fcr Yard\u0131mc\u0131s\u0131 Halil Bozkurt da, i\u015f g\u00fcc\u00fc piyasas\u0131 analizi kapsam\u0131nda her y\u0131l sahada 120 personel arac\u0131l\u0131\u011f\u0131yla 5 bin firma ile g\u00f6r\u00fc\u015ferek, hangi alanda eksik ve ihtiya\u00e7lar\u0131 oldu\u011funu tespit ettiklerini belirtti. Bozkurt; \u201c\u0130\u015f g\u00fcc\u00fc piyasas\u0131 analizini \u00f6nemsiyoruz. Nitekim merkezimizde verilen kurslar da i\u015fg\u00fcc\u00fc piyasas\u0131 analizi sonucunda ortaya \u00e7\u0131kt\u0131. Yeterli bilgi ve beceriyi burada elde edeceksiniz ve i\u015fg\u00fcc\u00fcne 1 ad\u0131m \u00f6nde ba\u015flayacaks\u0131n\u0131z\u201d \u015feklinde konu\u015ftu.<br \/>\nAkdeniz Belediyesi\u2019ne te\u015fekk\u00fcr\u2026<br \/>\nAkdeniz \u0130l\u00e7e Milli E\u011fitim M\u00fcd\u00fcr\u00fc \u00c2dem \u015eim\u015fek de konu\u015fmas\u0131nda, il\u00e7e genelinde 126 okul ve kurumda 65 bin \u00f6\u011frenciye, 4 bin personel ile \u00f6rg\u00fcn e\u011fitim verdiklerini; yayg\u0131n e\u011fitimde de Nisan ay\u0131 sonu itibariyle 80 bin kursiyere ula\u015ft\u0131klar\u0131n\u0131 belirtti. \u015eim\u015fek; gen\u00e7ler ve \u00e7ocuklar\u0131n e\u011fitim s\u00fcrecine verdi\u011fi deste\u011fin yan\u0131 s\u0131ra, e\u011fitim yuvalar\u0131na y\u00f6nelik yenileme hizmetleri nedeniyle Akdeniz Belediye Ba\u015fkan\u0131 Mustafa G\u00fcltak\u2019a te\u015fekk\u00fcr etti.<br \/>\nGen\u00e7ler, becerilerini d\u00fczenledikleri sergiyle be\u011feniye sundu<br \/>\nMerkezde verilen AutocCAD\u2013 3Ds Max, Grafik Tasar\u0131m ve Foto\u011fraf\u00e7\u0131l\u0131k, M\u00fc\u015fteri Hizmetleri, Halkla \u0130li\u015fkiler ve Bilgisayar Destekli Muhasebe e\u011fitimi alan gen\u00e7ler de elde ettikleri kazan\u0131m ve becerileri anlatt\u0131. Etkinlik, protokol \u00fcyelerinin, merkezde verilen kurslara kat\u0131lan gen\u00e7lerin elde ettikleri teknik ve mesleki becerileri yans\u0131tt\u0131klar\u0131 sergiyi gezmelerinin ard\u0131ndan sona erdi.<\/p>\n","protected":false},"excerpt":{"rendered":"<p>Akdeniz Belediyesi Proje E\u011fitim ve Uygulama Merkezi\u2019nde mesleki e\u011fitim ve kurs alan gen\u00e7ler, merkezin hizmete a\u00e7\u0131ld\u0131\u011f\u0131 4 ayl\u0131k s\u00fcrede \u00f6\u011frendikleri mesleki ve teknik bilgi ve becerilerini, haz\u0131rlad\u0131klar\u0131 bir sergi ile &hellip; <a href=\"https:\/\/akdenizolaygazetesi.com\/?p=18884\" class=\"more-link\">Devam\u0131n\u0131 Oku&#8230;<\/a><\/p>\n","protected":false},"author":2,"featured_media":18885,"comment_status":"open","ping_status":"open","sticky":false,"template":"","format":"standard","meta":[],"categories":[1,2,3],"tags":[],"_links":{"self":[{"href":"https:\/\/akdenizolaygazetesi.com\/index.php?rest_route=\/wp\/v2\/posts\/18884"}],"collection":[{"href":"https:\/\/akdenizolaygazetesi.com\/index.php?rest_route=\/wp\/v2\/posts"}],"about":[{"href":"https:\/\/akdenizolaygazetesi.com\/index.php?rest_route=\/wp\/v2\/types\/post"}],"author":[{"embeddable":true,"href":"https:\/\/akdenizolaygazetesi.com\/index.php?rest_route=\/wp\/v2\/users\/2"}],"replies":[{"embeddable":true,"href":"https:\/\/akdenizolaygazetesi.com\/index.php?rest_route=%2Fwp%2Fv2%2Fcomments&post=18884"}],"version-history":[{"count":1,"href":"https:\/\/akdenizolaygazetesi.com\/index.php?rest_route=\/wp\/v2\/posts\/18884\/revisions"}],"predecessor-version":[{"id":18886,"href":"https:\/\/akdenizolaygazetesi.com\/index.php?rest_route=\/wp\/v2\/posts\/18884\/revisions\/18886"}],"wp:featuredmedia":[{"embeddable":true,"href":"https:\/\/akdenizolaygazetesi.com\/index.php?rest_route=\/wp\/v2\/media\/18885"}],"wp:attachment":[{"href":"https:\/\/akdenizolaygazetesi.com\/index.php?rest_route=%2Fwp%2Fv2%2Fmedia&parent=18884"}],"wp:term":[{"taxonomy":"category","embeddable":true,"href":"https:\/\/akdenizolaygazetesi.com\/index.php?rest_route=%2Fwp%2Fv2%2Fcategories&post=18884"},{"taxonomy":"post_tag","embeddable":true,"href":"https:\/\/akdenizolaygazetesi.com\/index.php?rest_route=%2Fwp%2Fv2%2Ftags&post=18884"}],"curies":[{"name":"wp","href":"https:\/\/api.w.org\/{rel}","templated":true}]}}