{"id":18890,"date":"2022-05-26T13:17:27","date_gmt":"2022-05-26T10:17:27","guid":{"rendered":"http:\/\/akdenizolaygazetesi.com\/?p=18890"},"modified":"2022-05-26T13:17:27","modified_gmt":"2022-05-26T10:17:27","slug":"yoruk-kulturu-ve-gastronomi-gunleri-dolu-dolu-gecti","status":"publish","type":"post","link":"https:\/\/akdenizolaygazetesi.com\/?p=18890","title":{"rendered":"&#8220;Y\u00d6R\u00dcK K\u00dcLT\u00dcR\u00dc VE GASTRONOM\u0130 G\u00dcNLER\u0130&#8221; DOLU DOLU GE\u00c7T\u0130"},"content":{"rendered":"<p>Toroslar&#8217;\u0131n eteklerindeki Dar\u0131sekisi Mahallesi ekoturizme kazand\u0131r\u0131ld\u0131. Mersin B\u00fcy\u00fck\u015fehir Belediyesi ve Mersinden Kad\u0131n Kooperatifi&#8217;nin y\u00fcr\u00fctt\u00fc\u011f\u00fc &#8220;Dar\u0131sekisi \u00d6rnek K\u00f6y Projesi&#8221; kapsam\u0131nda kurulan Y\u00f6r\u00fck K\u00f6y\u00fc&#8217;nde ger\u00e7ekle\u015ftirilen &#8220;Y\u00f6r\u00fck K\u00fclt\u00fcr\u00fc ve Gastronomi G\u00fcnleri&#8221;nde Y\u00f6r\u00fck k\u00fclt\u00fcr\u00fc ve lezzetleriyle dolu 2 g\u00fcn ge\u00e7irildi.<br \/>\nB\u00fcy\u00fck\u015fehir&#8217;in projesi Toroslar&#8217;a \u00f6rnek oldu<br \/>\nMersin&#8217;in merkezine yakla\u015f\u0131k 30 kilometre uzakl\u0131kta yer alan ve \u00c7aml\u0131dere ile Dalakderesi&#8217;nden ge\u00e7erek G\u00f6zne ve Ayvagedi\u011fi Mahalleleri&#8217;ne uzanan yayla yolu \u00fczerinde bulunan Dar\u0131sekisi Mahallesi, \u00f6rnek k\u00f6ye d\u00f6n\u00fc\u015ft\u00fc. Mersin B\u00fcy\u00fck\u015fehir Belediyesi ve Mersinden Kad\u0131n Kooperatifi&#8217;nin y\u00fcr\u00fctt\u00fc\u011f\u00fc projeye kentteki bir\u00e7ok kurum katk\u0131 sundu. Toros \u00dcniversitesi ise bu sene 3&#8217;\u00fcnc\u00fcs\u00fcn\u00fc ger\u00e7ekle\u015ftirdi\u011fi Geleneksel Gastronomi \u015eenli\u011fi&#8217;ni B\u00fcy\u00fck\u015fehir Belediyesi ve Mersinden Kad\u0131n Kooperatifi&#8217;nin \u00f6nc\u00fcl\u00fc\u011f\u00fcnde Y\u00f6r\u00fck temas\u0131yla \u00d6rnek K\u00f6y Dar\u0131sekisi&#8217;nde ger\u00e7ekle\u015ftirdi.<br \/>\nBa\u015fkan Se\u00e7er: &#8220;Milyonlarca lira yat\u0131r\u0131m\u0131n \u00e7ok daha \u00f6tesinde de\u011fer atfetti\u011fim bir \u00e7al\u0131\u015fma&#8221;<br \/>\nY\u00f6r\u00fck K\u00fclt\u00fcr\u00fc ve Gastronomi G\u00fcnleri&#8217;nin a\u00e7\u0131l\u0131\u015f\u0131na Mersin B\u00fcy\u00fck\u015fehir Belediye Ba\u015fkan\u0131 Vahap Se\u00e7er, Mersinden Kad\u0131n Kooperatifi Ba\u015fkan\u0131 Meral Se\u00e7er ve Toros \u00dcniversitesi Rekt\u00f6r\u00fc Prof. Dr. \u00d6mer Ar\u0131\u00f6z de kat\u0131ld\u0131. Ba\u015fkan Se\u00e7er, &#8220;Dar\u0131sekisi \u00d6rnek K\u00f6y, milyonlarca lira yat\u0131r\u0131m\u0131n \u00e7ok daha \u00f6tesinde de\u011fer atfetti\u011fim bir \u00e7al\u0131\u015fma. Burada b\u00fct\u00fcn yap\u0131lanlar, topyek\u00fbn bu \u00e7evrede bir k\u0131rsal kalk\u0131nmay\u0131 \u00f6ne \u00e7\u0131karmak, tar\u0131m\u0131n fark\u0131ndal\u0131\u011f\u0131n\u0131 yaratmak, gastronomiyi, turizmi geli\u015ftirmek i\u00e7in&#8221; dedi.<br \/>\nDar\u0131sekisi \u00d6rnek K\u00f6y ziyarete a\u00e7\u0131ld\u0131<br \/>\nDar\u0131sekisi \u00d6rnek K\u00f6y Projesi&#8217;nin uyguland\u0131\u011f\u0131 b\u00f6lgede bir K\u00f6y Meydan\u0131 kuruldu. Meydan\u0131n yan\u0131ndaki eski ilkokul binas\u0131 \u00dcretim Binas\u0131&#8217;na d\u00f6n\u00fc\u015ft\u00fcr\u00fcl\u00fcrken, biti\u015fi\u011fine Pi\u015firim Alan\u0131 kuruldu. Alandaki eski lojman, i\u00e7erisinde Y\u00f6r\u00fck temal\u0131 fig\u00fcrlerin ve k\u00fct\u00fcphanenin de yer ald\u0131\u011f\u0131 E\u011fitim Binas\u0131 yap\u0131ld\u0131. \u00dcretici stantlar\u0131, Y\u00f6r\u00fck \u00e7ad\u0131r\u0131, seyir teras\u0131, i\u00e7ecek alan\u0131, t\u0131bbi aromatik bitki alan\u0131 ve nergis bah\u00e7esinin de yer ald\u0131\u011f\u0131 Dar\u0131sekisi \u00d6rnek K\u00f6y&#8217;deki Ortanca Sokak ziyaret\u00e7ilerin be\u011fenisini toplad\u0131. Afet ma\u011fduru ailelerin ya\u015fad\u0131\u011f\u0131 13 evi onaran B\u00fcy\u00fck\u015fehir Belediyesi, DYO Boya&#8217;n\u0131n katk\u0131lar\u0131yla evlerin yer ald\u0131\u011f\u0131 soka\u011f\u0131 rengarenk bir hale getirdi.<br \/>\nDar\u0131sekisi \u00d6rnek K\u00f6y, 2 g\u00fcn s\u00fcren etkinliklere ev sahipli\u011fi yapt\u0131<br \/>\nB\u00fcy\u00fck\u015fehir Belediyesi Tar\u0131msal ve Veteriner Hizmetleri Dairesi, K\u00fclt\u00fcr ve Sosyal \u0130\u015fler Dairesi, Sosyal Hizmetler Dairesi ile Kad\u0131n ve Aile Hizmetleri Dairesi&#8217;nin ortak \u00e7al\u0131\u015fmas\u0131yla Dar\u0131sekisi \u00d6rnek K\u00f6y&#8217;de 24-25 May\u0131s&#8217;ta ger\u00e7ekle\u015ftirilen Y\u00f6r\u00fck K\u00fclt\u00fcr\u00fc ve Gastronomi G\u00fcnleri etkinli\u011fi civar k\u00f6ylerden y\u00fczlerce ziyaret\u00e7iyi a\u011f\u0131rlad\u0131. \u0130lk g\u00fcn B\u00fcy\u00fck\u015fehir&#8217;in Halk Danslar\u0131 Toplulu\u011fu&#8217;nun g\u00f6sterisi ve Olgunla\u015fma Enstit\u00fcs\u00fc&#8217;n\u00fcn Y\u00f6r\u00fck Giysileri Defilesi&#8217;yle ba\u015flayan etkinlikler, Abdullah Toroslu ve D\u00f6nd\u00fc Can&#8217;\u0131n Mersin Efsane-Masal Anlat\u0131m\u0131, B\u00fcy\u00fck\u015fehir&#8217;in Halk M\u00fczi\u011fi Toplulu\u011fu&#8217;nun konseri, Hilmi Dulkadir ve Turan Ali \u00c7a\u011flar&#8217;\u0131n Mersin Y\u00f6r\u00fckleri S\u00f6yle\u015fisi ve Grup Duvar&#8217;\u0131n konseriyle devam etti. \u00dcretici stantlar\u0131nda ise civar mahallelerdeki \u00fcreticiler y\u00f6reye \u00f6zg\u00fc \u00fcr\u00fcnlerin sat\u0131\u015f\u0131n\u0131 yapt\u0131.<br \/>\nMeral Se\u00e7er: &#8220;K\u0131rsalda kalk\u0131nman\u0131n temelinin buradan ba\u015flad\u0131\u011f\u0131n\u0131 d\u00fc\u015f\u00fcn\u00fcyorum&#8221;<br \/>\nMersinden Kad\u0131n Kooperatifi Ba\u015fkan\u0131 Meral Se\u00e7er de 2 g\u00fcn boyunca etkinliklere kat\u0131larak workshoplarda \u015feflere sahnede e\u015flik edip plaket takdiminde bulundu. Meral Se\u00e7er, ilk g\u00fcn Dar\u0131sekisi \u00d6rnek K\u00f6y Projesi S\u00f6yle\u015fisi&#8217;ne konu\u015fmac\u0131 olarak da kat\u0131larak, projenin ortaya \u00e7\u0131k\u0131\u015f hikayesini anlatt\u0131. Kooperatif olarak Dar\u0131sekisi \u00d6rnek K\u00f6y&#8217;\u00fcn \u00fcretim aya\u011f\u0131nda \u00e7al\u0131\u015fmalar ger\u00e7ekle\u015ftireceklerini vurgulayan Meral Se\u00e7er, &#8220;Amac\u0131m\u0131z y\u00f6renin geli\u015fmesine katk\u0131 sunmak, kad\u0131nlar\u0131n ekonomik ve sosyal y\u00f6nden g\u00fc\u00e7lenmesi. Buras\u0131, Mersin&#8217;de bir \u00f6rnek k\u00f6y rotas\u0131n\u0131n ba\u015flang\u0131c\u0131 olmas\u0131 noktas\u0131nda \u00e7ok \u00f6nemli. K\u0131rsalda kalk\u0131nman\u0131n temelinin buradan ba\u015flad\u0131\u011f\u0131n\u0131 d\u00fc\u015f\u00fcn\u00fcyorum&#8221; dedi.<br \/>\nDeneyimli \u015fefler haz\u0131rlad\u0131, Y\u00f6r\u00fck kad\u0131nlar tam not verdi<br \/>\nY\u00f6r\u00fck K\u00fclt\u00fcr\u00fc ve Gastronomi G\u00fcnleri&#8217;nin ikinci g\u00fcn\u00fc Toros \u00dcniversitesi&#8217;nin Gastronomi ve A\u015f\u00e7\u0131l\u0131k b\u00f6l\u00fcmlerinin katk\u0131lar\u0131yla lezzet \u015f\u00f6lenine d\u00f6n\u00fc\u015ft\u00fc. Sac tavadan topalak \u00e7orbas\u0131na kadar Y\u00f6r\u00fck k\u00fclt\u00fcr\u00fcne ait pek \u00e7ok lezzetin workshoplar\u0131n\u0131n yap\u0131ld\u0131\u011f\u0131 etkinliklerde, Toros \u00dcniversitesi ve Harran \u00dcniversitesi&#8217;nden uzman isimlerle Y\u00f6r\u00fck k\u00fclt\u00fcr\u00fcne ait lezzetler ve co\u011frafi i\u015faret gibi konularda s\u00f6yle\u015filer ger\u00e7ekle\u015ftirildi. Deneyimli \u015feflerin yapt\u0131\u011f\u0131 Y\u00f6r\u00fck k\u00fclt\u00fcr\u00fcne ait lezzetleri Y\u00f6r\u00fck kad\u0131nlar tadarak tam not verdi. \u00dcniversite ve lise \u00f6\u011frencilerinin kat\u0131l\u0131m\u0131yla Y\u00f6r\u00fck yemekleri ana yemek yar\u0131\u015fmalar\u0131n\u0131n da yap\u0131ld\u0131\u011f\u0131 etkinlikte ziyaret\u00e7ilere kenger kahvesi, ayran a\u015f\u0131 \u00e7orbas\u0131, firik pilav\u0131, yay\u0131n ayran, irmik helvas\u0131 ve s\u0131kma gibi \u00e7e\u015fitli lezzetler de ikram edildi.<br \/>\nGen\u00e7 a\u015f\u00e7\u0131lar Y\u00f6r\u00fck yemekleri ile yar\u0131\u015ft\u0131<br \/>\nY\u00f6r\u00fck yemekleri ana yemek yar\u0131\u015fmas\u0131nda lise ve \u00fcniversite \u00f6\u011frencilerinin performanslar\u0131 takdir toplad\u0131. J\u00fcrinin titiz de\u011ferlendirmeleri sonucu Erg\u00fcn ve Cuma birinci, Huri ve Meryem ile Zinnur ve Fevziye ikinci, Hilal ve I\u015f\u0131l da \u00fc\u00e7\u00fcnc\u00fc oldu. Rojda ve Nazl\u0131 ise j\u00fcri \u00f6zel \u00f6d\u00fcl\u00fcn\u00fc almaya hak kazand\u0131. Kat\u0131l\u0131mc\u0131lara kat\u0131l\u0131m belgeleri verilirken, kazananlara ise \u00f6d\u00fclleri takdim edildi. Meral Se\u00e7er, \u00f6nemli olan\u0131n dereceye girmek olmad\u0131\u011f\u0131n\u0131 belirterek, &#8220;Bu t\u00fcr yar\u0131\u015fmalar\u0131n sizlerin \u00e7al\u0131\u015fmalar\u0131n\u0131z\u0131 te\u015fvik edici olaca\u011f\u0131n\u0131 d\u00fc\u015f\u00fcn\u00fcyorum&#8221; dedi ve birincilere madalyalar\u0131n\u0131 takt\u0131.<br \/>\n&#8220;Temam\u0131z unutulmaya y\u00fcz tutmu\u015f Y\u00f6r\u00fck yemekleri&#8221;<br \/>\nToros \u00dcniversitesi A\u015f\u00e7\u0131l\u0131k Program Sorumlusu \u00d6\u011fretim G\u00f6revlisi U\u011furcan Metin, 3. Geleneksel Gastronomi Festivali&#8217;ni bu y\u0131l Dar\u0131sekisi \u00d6rnek K\u00f6y&#8217;de yapt\u0131klar\u0131n\u0131 belirterek, &#8220;Temam\u0131z unutulmaya y\u00fcz tutmu\u015f Y\u00f6r\u00fck yemekleri. Y\u00f6r\u00fck yemeklerini ortaya \u00e7\u0131kartmak i\u00e7in bir\u00e7ok etkinli\u011fimiz var. Bunlardan bir tanesi yemek yar\u0131\u015fmas\u0131. Di\u011feri Bozyaz\u0131 kavutu yani co\u011frafi i\u015faretli \u00fcr\u00fcnler. Y\u00f6r\u00fck \u00e7orbalar\u0131, b\u00f6rekleri ve otlar\u0131yla; so\u011fuk \u00e7orbalar, akdar\u0131lar, workshoplar ve uzmanlarla yap\u0131lan Y\u00f6r\u00fck g\u00f6\u00e7\u00fcyle ve beslenmesiyle ilgili s\u00f6yle\u015filerle bug\u00fcn g\u00fczel bir gastrofest yap\u0131yoruz&#8221; dedi.<br \/>\n&#8220;Ekme\u011fimiz, s\u0131kmam\u0131z, b\u00f6re\u011fimiz her zaman \u00e7ok g\u00fczel ve vazge\u00e7ilmezimizdir&#8221;<br \/>\nDar\u0131sekisi \u00d6rnek K\u00f6y&#8217;\u00fcn Pi\u015firim Alan\u0131&#8217;nda \u00fcretim yapan kad\u0131nlardan Fatma Yaz, &#8220;Y\u00f6r\u00fck k\u00fclt\u00fcr\u00fcn\u00fc b\u00f6yle ya\u015fatmak \u00e7ok g\u00fczel bir \u015fey. Ekme\u011fimiz, s\u0131kmam\u0131z, b\u00f6re\u011fimiz her zaman \u00e7ok g\u00fczel ve vazge\u00e7ilmezimizdir. Vahap Ba\u015fkan ve Meral Han\u0131m&#8217;\u0131n sayesinde buray\u0131 a\u00e7t\u0131k. Bize bir katk\u0131 oluyor. El birli\u011fiyle \u00e7al\u0131\u015f\u0131yoruz. Hem \u00e7al\u0131\u015f\u0131yoruz hem buradan faydalan\u0131yoruz hem de k\u00fclt\u00fcr\u00fcm\u00fcz\u00fc ya\u015fat\u0131yoruz&#8221; diye konu\u015ftu.<br \/>\n&#8220;\u0130lk kez standa \u00e7\u0131kt\u0131m, \u00fcr\u00fcnlerimi ilk kez sergiledim&#8221;<br \/>\nDalakderesi&#8217;nden gelen \u00fcretici kad\u0131nlardan Sevil Keser, b\u00f6lgede yeti\u015fen ada \u00e7aylar\u0131, naneler, kekikler ve bal mumundan kremlerle stant a\u00e7t\u0131. Keser, &#8220;Otlarla u\u011fra\u015f\u0131yorum, bitkileri seviyorum. Hobi olarak yap\u0131yordum ve ho\u015fuma gidiyordu. \u00c7aylar kurutuyordum. \u00d6yle ba\u015flad\u0131m ve geli\u015fti. Bizlere b\u00f6yle stant verdiler, Belediyemize te\u015fekk\u00fcr ederiz. \u0130lk kez standa \u00e7\u0131kt\u0131m, \u00fcr\u00fcnlerimi ilk kez sergiledim. Ekonomik olarak da katk\u0131 oluyor&#8221; ifadelerine yer verdi.<br \/>\n&#8220;Daha \u00f6nce hi\u00e7 gelmemi\u015ftim, her \u015fey \u00e7ok g\u00fczeldi&#8221;<br \/>\nZiyaret\u00e7ilerden Bet\u00fcl Sandaltepe ise Mezitli&#8217;den geldi\u011fini belirterek, &#8220;Daha \u00f6nce buraya hi\u00e7 gelmemi\u015ftim. Sosyal medyadan g\u00f6rd\u00fcm, gelip g\u00f6rd\u00fck. Her \u015fey \u00e7ok g\u00fczeldi. B\u00f6rek yapanlar ilk defa geldi\u011fimizi fark edip ilgilendiler. Di\u011fer k\u00f6ylere gitti\u011fimizde daha farkl\u0131 ama buraya geldi\u011fimizde o \u00d6rnek K\u00f6y kendini belli ediyor. Bence Mersin&#8217;e g\u00fczel bir katk\u0131s\u0131 olur. \u00c7\u00fcnk\u00fc art\u0131k insanlar hem do\u011faya hem b\u00f6yle y\u00f6resel yemeklere y\u00f6neliyor&#8221; dedi.<\/p>\n","protected":false},"excerpt":{"rendered":"<p>Toroslar&#8217;\u0131n eteklerindeki Dar\u0131sekisi Mahallesi ekoturizme kazand\u0131r\u0131ld\u0131. Mersin B\u00fcy\u00fck\u015fehir Belediyesi ve Mersinden Kad\u0131n Kooperatifi&#8217;nin y\u00fcr\u00fctt\u00fc\u011f\u00fc &#8220;Dar\u0131sekisi \u00d6rnek K\u00f6y Projesi&#8221; kapsam\u0131nda kurulan Y\u00f6r\u00fck K\u00f6y\u00fc&#8217;nde ger\u00e7ekle\u015ftirilen &#8220;Y\u00f6r\u00fck K\u00fclt\u00fcr\u00fc ve Gastronomi G\u00fcnleri&#8221;nde Y\u00f6r\u00fck k\u00fclt\u00fcr\u00fc &hellip; <a href=\"https:\/\/akdenizolaygazetesi.com\/?p=18890\" class=\"more-link\">Devam\u0131n\u0131 Oku&#8230;<\/a><\/p>\n","protected":false},"author":2,"featured_media":18891,"comment_status":"open","ping_status":"open","sticky":false,"template":"","format":"standard","meta":[],"categories":[2,3,5],"tags":[],"_links":{"self":[{"href":"https:\/\/akdenizolaygazetesi.com\/index.php?rest_route=\/wp\/v2\/posts\/18890"}],"collection":[{"href":"https:\/\/akdenizolaygazetesi.com\/index.php?rest_route=\/wp\/v2\/posts"}],"about":[{"href":"https:\/\/akdenizolaygazetesi.com\/index.php?rest_route=\/wp\/v2\/types\/post"}],"author":[{"embeddable":true,"href":"https:\/\/akdenizolaygazetesi.com\/index.php?rest_route=\/wp\/v2\/users\/2"}],"replies":[{"embeddable":true,"href":"https:\/\/akdenizolaygazetesi.com\/index.php?rest_route=%2Fwp%2Fv2%2Fcomments&post=18890"}],"version-history":[{"count":1,"href":"https:\/\/akdenizolaygazetesi.com\/index.php?rest_route=\/wp\/v2\/posts\/18890\/revisions"}],"predecessor-version":[{"id":18892,"href":"https:\/\/akdenizolaygazetesi.com\/index.php?rest_route=\/wp\/v2\/posts\/18890\/revisions\/18892"}],"wp:featuredmedia":[{"embeddable":true,"href":"https:\/\/akdenizolaygazetesi.com\/index.php?rest_route=\/wp\/v2\/media\/18891"}],"wp:attachment":[{"href":"https:\/\/akdenizolaygazetesi.com\/index.php?rest_route=%2Fwp%2Fv2%2Fmedia&parent=18890"}],"wp:term":[{"taxonomy":"category","embeddable":true,"href":"https:\/\/akdenizolaygazetesi.com\/index.php?rest_route=%2Fwp%2Fv2%2Fcategories&post=18890"},{"taxonomy":"post_tag","embeddable":true,"href":"https:\/\/akdenizolaygazetesi.com\/index.php?rest_route=%2Fwp%2Fv2%2Ftags&post=18890"}],"curies":[{"name":"wp","href":"https:\/\/api.w.org\/{rel}","templated":true}]}}