{"id":18893,"date":"2022-05-26T13:19:57","date_gmt":"2022-05-26T10:19:57","guid":{"rendered":"http:\/\/akdenizolaygazetesi.com\/?p=18893"},"modified":"2022-05-26T13:19:57","modified_gmt":"2022-05-26T10:19:57","slug":"ekipler-anamurda-4-caddede-yol-calismasi-yurutuyor","status":"publish","type":"post","link":"https:\/\/akdenizolaygazetesi.com\/?p=18893","title":{"rendered":"EK\u0130PLER, ANAMUR&#8217;DA 4 CADDEDE YOL \u00c7ALI\u015eMASI Y\u00dcR\u00dcT\u00dcYOR"},"content":{"rendered":"<p>Mersin B\u00fcy\u00fck\u015fehir Belediyesi ekipleri, Anamur&#8217;da 4 caddede y\u00fcr\u00fctt\u00fc\u011f\u00fc \u00e7al\u0131\u015fmalarla Anamurlu vatanda\u015flar\u0131 tarihinde g\u00f6rmedi\u011fi konforlu yollara kavu\u015fturuyor. Yaz aylar\u0131nda n\u00fcfusu artan ve turistlerin tercih etti\u011fi b\u00f6lgelerden biri olan Anamur&#8217;da, il\u00e7enin kalbi say\u0131labilecek noktalarda \u00e7al\u0131\u015fma yapan B\u00fcy\u00fck\u015fehir ekipleri, il\u00e7enin tozlu yollar\u0131n\u0131 Avrupa standartlar\u0131na kavu\u015fturdu. Kald\u0131r\u0131mlar\u0131 da \u00f6zel gereksinimli bireylerin kullan\u0131m\u0131na uygun hale getiren ekipler, Anamur&#8217;un \u00e7ehresini de\u011fi\u015ftirdi.<br \/>\nYol \u00e7al\u0131\u015fmalar\u0131 ile Anamur&#8217;un \u00e7ehresi de\u011fi\u015fti<br \/>\nAnamur&#8217;da; B\u00fcy\u00fck\u015fehir Belediyesi Yol Yap\u0131m Bak\u0131m ve Onar\u0131m Dairesi ile Muhtarl\u0131k \u0130\u015fleri Dairesi&#8217;nin koordinasyonunda y\u00fcr\u00fct\u00fclen ve Mare\u015fal Fevzi \u00c7akmak, \u0130n\u00f6n\u00fc, Adnan Menderes ve Turgut Reis Caddelerini kapsayan \u00e7al\u0131\u015fmalarda toplam 9 bin 547 ton s\u0131cak asfalt serimi yap\u0131ld\u0131. Ayn\u0131 zamanda ekipler, 20 bin 912 metrekare kald\u0131r\u0131m d\u00f6\u015femesi ger\u00e7ekle\u015ftirdi. Ekipler, daha sonra caddelerde 6 bin 800 ton a\u015f\u0131nma imalat\u0131 da yapacak. Yol Yap\u0131m Bak\u0131m ve Onar\u0131m Dairesi ekipleri taraf\u0131ndan Anamur&#8217;un bir di\u011fer \u00f6nemli caddesi olan 19 May\u0131s Caddesi&#8217;nde de \u00e7al\u0131\u015fma yap\u0131lmas\u0131 planlan\u0131yor.<br \/>\n&#8220;Y\u0131llard\u0131r s\u00f6yl\u00fcyorduk ama bir t\u00fcrl\u00fc yapt\u0131ram\u0131yorduk&#8221;<br \/>\nYol \u00e7al\u0131\u015fmalar\u0131 hakk\u0131nda bilgi veren Mersin B\u00fcy\u00fck\u015fehir Belediyesi CHP Anamur Meclis \u00dcyesi Erdal Karan, &#8220;\u0130n\u00f6n\u00fc Caddesi&#8217;ndeki ve yukar\u0131da Anamur&#8217;dan giri\u015fteki yolu bitirmek \u00fczereyiz. Son nokta zaten buras\u0131. Bu yolun \u00f6nemi o kadar y\u00fcksekti ki y\u0131llard\u0131r s\u00f6yl\u00fcyorduk ama bir t\u00fcrl\u00fc yapt\u0131ram\u0131yorduk&#8221; dedi.<br \/>\nYolda sadece asfalt \u00e7al\u0131\u015fmas\u0131 de\u011fil ayn\u0131 zamanda altyap\u0131 \u00e7al\u0131\u015fmas\u0131 yap\u0131ld\u0131\u011f\u0131n\u0131 da s\u00f6zlerine ekleyen Karan, &#8220;\u00c7ok da g\u00fczel oluyor. Halk taraf\u0131ndan da \u00e7ok memnuniyetle kar\u015f\u0131lan\u0131yor. Vahap Ba\u015fkan\u0131m\u0131z\u0131n sayesinde Avrupa&#8217;daki yolun ayn\u0131s\u0131n\u0131 buraya d\u00f6kt\u00fcr\u00fcyoruz. \u0130skele; Anamur&#8217;un can damar\u0131. Y\u0131llard\u0131r burada bu yol yap\u0131ls\u0131n diye \u00e7ok m\u00fccadeleler verildi. Biz y\u00f6netime geldikten sonra Vahap Ba\u015fkan\u0131m\u0131z\u0131n \u00f6nc\u00fcl\u00fc\u011f\u00fcnde yap\u0131ld\u0131. Bu konuda da \u00e7ok mutluyuz&#8221; ifadelerini kulland\u0131.<br \/>\n&#8220;Anamur&#8217;un \u00f6zellikle yaz mevsiminde turizm i\u00e7in b\u00fcy\u00fck bir \u00f6nemi var&#8221;<br \/>\nAnamur&#8217;da turizm i\u015fletmecili\u011fi yapan Erol Tuna, yap\u0131lan yolun Anamur ve \u0130skele halk\u0131 i\u00e7in olduk\u00e7a \u00f6nemli oldu\u011funu belirterek, \u00e7ektikleri yol \u00e7ilesini &#8220;Y\u0131llard\u0131r bug\u00fcnleri bekliyorduk. Buras\u0131 Anamur&#8217;un en \u00f6nemli noktas\u0131. Gerek il\u00e7emizin tan\u0131t\u0131m\u0131 gerekse Anamur halk\u0131 i\u00e7in son derede \u00f6nemli. Anamur&#8217;un \u00f6zellikle yaz mevsiminde turizm i\u00e7in de b\u00fcy\u00fck bir \u00f6nemi var. Burada yaz aylar\u0131nda i\u011fne atsan yere d\u00fc\u015fmez. B\u00f6yle \u00f6nemli bir yerde y\u0131llard\u0131r toz toprakla bo\u011fu\u015fuyorduk. Ama \u015fimdi buraya Londra asfalt\u0131 gibi yol yap\u0131ld\u0131. Bizim yol hasretimizi bitiren ve sesimize kulak veren Ba\u015fkan\u0131m\u0131z Vahap Se\u00e7er&#8217;e ve ekibine te\u015fekk\u00fcr ederiz. Yollar\u0131m\u0131z g\u00fczelle\u015fiyor, Anamur g\u00fczelle\u015fiyor. Anamur&#8217;a \u015fu yap\u0131lan hizmet b\u00fcy\u00fck bir hizmet&#8221; ifadelerini kulland\u0131.<br \/>\n&#8220;Anamur&#8217;da gelinen ilk yer buras\u0131. \u00d6nemli bir g\u00fczergah&#8221;<br \/>\n\u0130skele Mahallesi&#8217;nde 30 y\u0131ld\u0131r esnafl\u0131k yapan Nadir T\u00fcrkay, yap\u0131lan \u00e7al\u0131\u015fmadan dolay\u0131 \u00e7ok memnun olduklar\u0131n\u0131 ifade ederek , &#8220;Her \u015fey \u00e7ok g\u00fczel oldu, bundan daha iyi olamazd\u0131. Bundan sonras\u0131nda hizmetlerin devam\u0131n\u0131 bekliyoruz. Yol konusunda m\u00fcte\u015fekkiriz. Bu cadde \u0130skele&#8217;nin kalbi. Anamur&#8217;da gelinen ilk yer buras\u0131. \u00d6nemli bir g\u00fczergah. G\u00fczel oldu. Daha \u00f6ncesinden hi\u00e7 bahsetmemeyeyim. \u0130lk defa bu \u015fekilde g\u00fczel bir \u015fey yap\u0131ld\u0131 buraya. Allah raz\u0131 olsun diyoruz. \u0130skele esnaf\u0131 olarak \u015f\u00fckranlar\u0131m\u0131z\u0131 sunuyoruz Vahap Ba\u015fkan\u0131ma&#8221; diye konu\u015ftu.<br \/>\n&#8220;Ba\u015far\u0131l\u0131 bir \u00e7al\u0131\u015fma oldu. Yollar\u0131m\u0131z geni\u015fledi&#8221;<br \/>\nB\u00f6lge sakinlerinden Ye\u015fim K\u00fc\u00e7\u00fck ise yap\u0131lan \u00e7al\u0131\u015fmay\u0131 &#8220;Uzun zamandan sonra \u00e7ok g\u00fczel bir yol oldu. \u00d6ncelikle Vahap Se\u00e7er&#8217;e \u00e7ok te\u015fekk\u00fcr ederim. Ger\u00e7ekten ba\u015far\u0131l\u0131 bir \u00e7al\u0131\u015fma oldu. Yollar\u0131m\u0131z geni\u015fledi, \u00e7ukurlar kapat\u0131ld\u0131. Gayet memnunuz. \u00c7ukur ve toprak \u00e7ok vard\u0131. Herkesin \u00fcst\u00fc toz oluyordu. \u015eu an gayet g\u00fczel&#8221; c\u00fcmleleriyle de\u011ferlendirdi.<br \/>\nTatil i\u00e7in gelen misafirlerin de s\u0131kl\u0131kla kulland\u0131\u011f\u0131 yolda kazalar\u0131n \u00e7ok fazla oldu\u011funu dile getiren K\u00fc\u00e7\u00fck, &#8220;Yunuslu Kav\u015fak buras\u0131. Ge\u00e7en sene \u00e7ok kaza oldu. Ama \u015fu an o kaza riski \u00e7ok azald\u0131. I\u015f\u0131klar\u0131m\u0131z, her \u015feyimiz mevcut. D\u0131\u015far\u0131dan gelenler bu \u00e7al\u0131\u015fman\u0131n ba\u015far\u0131l\u0131 oldu\u011funu g\u00f6recek. Yollar ger\u00e7ekten geni\u015f oldu ve arabalar\u0131n kaza riski azald\u0131\u011f\u0131 i\u00e7in daha rahat, daha ferah bir tatil ge\u00e7irecekler bu yaz&#8221; ifadelerini kulland\u0131.<br \/>\n&#8220;Yollar g\u00fczel oldu\u011fu i\u00e7in Anamur&#8217;a daha \u00e7ok insan gelecek&#8221;<br \/>\n20 y\u0131ld\u0131r muhtarl\u0131k yapan Yal\u0131evleri Muhtar\u0131 Sami Oktan, Fevzi \u00c7akmak Caddesi&#8217;nde yap\u0131lan \u00e7al\u0131\u015fmay\u0131 de\u011ferlendirdi. Oktan, Anamur Belediye eski ba\u015fkan\u0131 Suphi Alp d\u00f6neminde bir yol \u00e7al\u0131\u015fmas\u0131 yap\u0131ld\u0131\u011f\u0131n\u0131 belirterek, &#8220;\u0130kinci olarak da Vahap Ba\u015fkan\u0131m\u0131zdan geliyor bu hizmetler. Ger\u00e7ekten g\u00fczel bir hizmet. Bu yolun \u00f6nemi \u00e7ok b\u00fcy\u00fck. Anamur&#8217;a gelen herkes buradan bir ge\u00e7iyor. Fevzi \u00c7akmak Caddesi; iki mahallenin s\u0131n\u0131r\u0131d\u0131r buras\u0131. Ana arterlerden biri buras\u0131. Bu yollar g\u00fczel oldu\u011fu i\u00e7in daha \u00e7ok insan gelecek. Turizm esnaf\u0131n\u0131n daha \u00e7ok m\u00fc\u015fterisi olacak, \u00e7ok faydas\u0131 var&#8221; diye konu\u015ftu.<\/p>\n","protected":false},"excerpt":{"rendered":"<p>Mersin B\u00fcy\u00fck\u015fehir Belediyesi ekipleri, Anamur&#8217;da 4 caddede y\u00fcr\u00fctt\u00fc\u011f\u00fc \u00e7al\u0131\u015fmalarla Anamurlu vatanda\u015flar\u0131 tarihinde g\u00f6rmedi\u011fi konforlu yollara kavu\u015fturuyor. Yaz aylar\u0131nda n\u00fcfusu artan ve turistlerin tercih etti\u011fi b\u00f6lgelerden biri olan Anamur&#8217;da, il\u00e7enin kalbi &hellip; <a href=\"https:\/\/akdenizolaygazetesi.com\/?p=18893\" class=\"more-link\">Devam\u0131n\u0131 Oku&#8230;<\/a><\/p>\n","protected":false},"author":2,"featured_media":18894,"comment_status":"open","ping_status":"open","sticky":false,"template":"","format":"standard","meta":[],"categories":[2,3],"tags":[],"_links":{"self":[{"href":"https:\/\/akdenizolaygazetesi.com\/index.php?rest_route=\/wp\/v2\/posts\/18893"}],"collection":[{"href":"https:\/\/akdenizolaygazetesi.com\/index.php?rest_route=\/wp\/v2\/posts"}],"about":[{"href":"https:\/\/akdenizolaygazetesi.com\/index.php?rest_route=\/wp\/v2\/types\/post"}],"author":[{"embeddable":true,"href":"https:\/\/akdenizolaygazetesi.com\/index.php?rest_route=\/wp\/v2\/users\/2"}],"replies":[{"embeddable":true,"href":"https:\/\/akdenizolaygazetesi.com\/index.php?rest_route=%2Fwp%2Fv2%2Fcomments&post=18893"}],"version-history":[{"count":1,"href":"https:\/\/akdenizolaygazetesi.com\/index.php?rest_route=\/wp\/v2\/posts\/18893\/revisions"}],"predecessor-version":[{"id":18895,"href":"https:\/\/akdenizolaygazetesi.com\/index.php?rest_route=\/wp\/v2\/posts\/18893\/revisions\/18895"}],"wp:featuredmedia":[{"embeddable":true,"href":"https:\/\/akdenizolaygazetesi.com\/index.php?rest_route=\/wp\/v2\/media\/18894"}],"wp:attachment":[{"href":"https:\/\/akdenizolaygazetesi.com\/index.php?rest_route=%2Fwp%2Fv2%2Fmedia&parent=18893"}],"wp:term":[{"taxonomy":"category","embeddable":true,"href":"https:\/\/akdenizolaygazetesi.com\/index.php?rest_route=%2Fwp%2Fv2%2Fcategories&post=18893"},{"taxonomy":"post_tag","embeddable":true,"href":"https:\/\/akdenizolaygazetesi.com\/index.php?rest_route=%2Fwp%2Fv2%2Ftags&post=18893"}],"curies":[{"name":"wp","href":"https:\/\/api.w.org\/{rel}","templated":true}]}}