{"id":18899,"date":"2022-05-26T13:23:55","date_gmt":"2022-05-26T10:23:55","guid":{"rendered":"http:\/\/akdenizolaygazetesi.com\/?p=18899"},"modified":"2022-05-26T13:23:55","modified_gmt":"2022-05-26T10:23:55","slug":"baskan-secer-mtso-mayis-ayi-olagan-meclis-toplantisina-katildi","status":"publish","type":"post","link":"https:\/\/akdenizolaygazetesi.com\/?p=18899","title":{"rendered":"BA\u015eKAN SE\u00c7ER, MTSO MAYIS AYI OLA\u011eAN MECL\u0130S TOPLANTISI&#8217;NA KATILDI"},"content":{"rendered":"<p>Mersin B\u00fcy\u00fck\u015fehir Belediye Ba\u015fkan\u0131 Vahap Se\u00e7er, Mersin Ticaret ve Sanayi Odas\u0131 (MTSO) May\u0131s ay\u0131 Ola\u011fan Meclis Toplant\u0131s\u0131&#8217;na kat\u0131ld\u0131. MTSO Meclis Ba\u015fkan\u0131 Hamit \u0130zol ba\u015fkanl\u0131\u011f\u0131nda yap\u0131lan toplant\u0131da Ba\u015fkan Se\u00e7er, hayata ge\u00e7irdikleri projeler ve yat\u0131r\u0131mlar\u0131 anlatt\u0131. Mersin&#8217;i markala\u015ft\u0131racak yat\u0131r\u0131mlarda herkesin el birli\u011fi yapmas\u0131 gerekti\u011fini belirten Ba\u015fkan Se\u00e7er, &#8220;En modern toplu ta\u015f\u0131may\u0131 sa\u011flayacaks\u0131n\u0131z, k\u00fclt\u00fcr\u00fcn\u00fcz sanat\u0131n\u0131z olacak, bir sembol yap\u0131n\u0131z olacak, standard\u0131n\u0131z y\u00fcksek olacak, imar\u0131n\u0131z \u00e7arp\u0131k olmayacak, sokaklar temiz olacak. Marka kent, elinizi ta\u015f\u0131n alt\u0131na koyarak olunuyor&#8221; dedi.<\/p>\n<p>&#8220;Pandemide en iyi s\u0131nav veren belediyelerin ba\u015f\u0131nda Mersin B\u00fcy\u00fck\u015fehir geliyor&#8221;<\/p>\n<p>Ba\u015fkan Se\u00e7er, B\u00fcy\u00fck\u015fehir Belediyesi ve MESK\u0130&#8217;nin b\u00fcrokratlar\u0131 ve daire ba\u015fkanlar\u0131yla birlikte kat\u0131ld\u0131\u011f\u0131 toplant\u0131da Meclis \u00fcyelerinin sorular\u0131n\u0131 da yan\u0131tlad\u0131. T\u00fcrkiye&#8217;nin en sayg\u0131n kurumlar\u0131ndan biri olan MTSO&#8217;nun \u00e7at\u0131s\u0131 alt\u0131nda bulunmaktan mutluluk duydu\u011funu dile getiren Ba\u015fkan Se\u00e7er, ekonominin insan ya\u015fam\u0131ndaki \u00f6nemini anlatt\u0131. Mersin B\u00fcy\u00fck\u015fehir Belediye Ba\u015fkan\u0131 olarak 3&#8217;\u00fcnc\u00fc y\u0131l\u0131n\u0131 tamamlad\u0131\u011f\u0131n\u0131 an\u0131msatan Ba\u015fkan Se\u00e7er, &#8220;Koltu\u011fa oturduktan k\u0131sa s\u00fcre sonra, kendimi 30 y\u0131ld\u0131r orada g\u00f6rev yapan bir g\u00f6revli gibi hissettim. Bu bir duygu. Bu duyguyu sizinle payla\u015fmak istedim. \u00c7\u00fcnk\u00fc kenti tan\u0131y\u0131p biliyorum. Kentin son y\u0131llar\u0131nda t\u00fcm sorunlar\u0131n i\u00e7inde olmu\u015fum. Ben 2007-2019 y\u0131llar\u0131 aras\u0131nda o 12 y\u0131l ya milletvekiliydim ya da halk\u0131n sorunlar\u0131yla ilgiliydim. Bu rahatlat\u0131c\u0131 unsur oldu ve sorunlara \u00e7ok daha hakim olma ve m\u00fcdahale imkan\u0131 sa\u011flad\u0131&#8221; dedi. S\u00fcre\u00e7 i\u00e7erisinde pandemiyi de ya\u015fad\u0131klar\u0131n\u0131 s\u00f6yleyen Ba\u015fkan Se\u00e7er, sosyal politikalara b\u00fcy\u00fck \u00f6nem verdiklerini, bu \u00e7al\u0131\u015fmalar\u0131n se\u00e7im bildirisinde de yer ald\u0131\u011f\u0131n\u0131 s\u00f6yledi. Se\u00e7er, &#8220;\u00d6zellikle sosyal politikalar konusunda a\u011f\u0131rl\u0131kl\u0131 bir belediyecilik anlay\u0131\u015f\u0131 ve ilk i\u015fe sosyal politikalarla ba\u015flamam\u0131z pandemi ile \u00e7ak\u0131\u015ft\u0131. Bu konuda en iyi s\u0131nav veren belediyelerin ba\u015f\u0131nda T\u00fcrkiye&#8217;de Mersin B\u00fcy\u00fck\u015fehir Belediyesi geliyor&#8221; diye konu\u015ftu.<\/p>\n<p>Pandeminin hafiflemesi ile &#8220;ger\u00e7ek g\u00fcndemleri&#8221; konu\u015fmaya ba\u015flad\u0131klar\u0131n\u0131 aktaran Ba\u015fkan Se\u00e7er, Mersin&#8217;in geli\u015fen, i\u015f ve ticaret sahalar\u0131 a\u00e7\u0131s\u0131ndan her ge\u00e7en g\u00fcn art\u0131 y\u00f6nde b\u00fcy\u00fcyen bir kent oldu\u011funu belirtti. Mersin&#8217;de yap\u0131sal sorunlar\u0131n \u00e7\u00f6z\u00fcm\u00fc noktas\u0131nda da beklentilerin oldu\u011funu dile getiren Ba\u015fkan Se\u00e7er, bunlar\u0131n imar, nakliyeciler sitesi, lojistik merkezi, bulvarlar, k\u00f6pr\u00fcl\u00fc kav\u015faklar gibi konular oldu\u011funun alt\u0131n\u0131 \u00e7izdi. Mersin&#8217;de y\u0131llarca metronun konu\u015fuldu\u011funu da s\u00f6zlerine ekleyen Ba\u015fkan Se\u00e7er, &#8220;Parasal anlamda a\u011f\u0131rl\u0131\u011f\u0131 olan ve kentte kal\u0131c\u0131 olabilecek projelere ba\u015flad\u0131k&#8221; dedi.<\/p>\n<p>&#8220;Elinizi ta\u015f\u0131n alt\u0131na koyarak marka kent olunuyor&#8221;<\/p>\n<p>Metro in\u015faat\u0131n\u0131n ba\u015flad\u0131\u011f\u0131n\u0131 ve devam etti\u011fini an\u0131msatan Ba\u015fkan Se\u00e7er, \u00e7al\u0131\u015fmalar\u0131n \u00f6z kaynaklarla ilerledi\u011fi bilgisini payla\u015farak, &#8220;Bu ay ikinci hak edi\u015f \u00f6denecek. Daha h\u0131zl\u0131 olamaz m\u0131? Asl\u0131nda daha h\u0131zl\u0131 olacak. \u015eu anda ona engel sadece bizim finansman kullanamamam\u0131z de\u011fil. Do\u011fal olarak s\u00f6zle\u015fme yapt\u0131 bu firma, her \u015feyi garanti alt\u0131na ald\u0131. \u0130n\u015faat ba\u015flad\u0131 ve bu proje ger\u00e7ekle\u015fir. Neden? \u00c7\u00fcnk\u00fc yapt\u0131\u011f\u0131m\u0131z \u00e7ok ke\u015ffedilmemi\u015f, ne olaca\u011f\u0131 belli olmayan bir proje de\u011fil. Marka kentlerin 150 y\u0131l \u00f6nce yapt\u0131\u011f\u0131 projeleri biz 150 y\u0131l sonra yap\u0131yoruz&#8221; diye konu\u015ftu. Ba\u015fkan Se\u00e7er, Mersin&#8217;i markala\u015ft\u0131racak yat\u0131r\u0131mlarda herkesin el birli\u011fi yapmas\u0131 gerekti\u011fini belirterek, &#8220;En modern toplu ta\u015f\u0131may\u0131 sa\u011flayacaks\u0131n\u0131z, k\u00fclt\u00fcr\u00fcn\u00fcz sanat\u0131n\u0131z, bir simgeniz, sembol yap\u0131n\u0131z olacak, standard\u0131n\u0131z y\u00fcksek olacak, imar\u0131n\u0131z \u00e7arp\u0131k olmayacak, sokaklar temiz olacak. Marka kent b\u00f6yle olunuyor, elinizi ta\u015f\u0131n alt\u0131na koyarak olunuyor&#8221; dedi. Ba\u015fkan Se\u00e7er, metro yap\u0131m\u0131nda B\u00fcy\u00fck\u015fehir Belediyesi&#8217;nin mali b\u00fct\u00e7e konusunda iyi oldu\u011funu ancak b\u00fcrokraside zaman kaybedildi\u011fini s\u00f6zlerine ekledi.<\/p>\n<p>&#8220;\u015eu anda 6 bin 75 metrelik 3. \u00c7evre Yolu yap\u0131l\u0131yor&#8221;<\/p>\n<p>Grup yollar\u0131 hakk\u0131nda da konu\u015fan Ba\u015fkan Se\u00e7er, &#8220;Kent i\u00e7i ve bize ba\u011fl\u0131 \u00e7evre grup yollar\u0131nda son bir y\u0131ld\u0131r \u00e7ok ciddi atak yapt\u0131k. Yapt\u0131\u011f\u0131m\u0131z i\u015fi kaliteli yapmak istiyoruz ve bu konuda epey yol ald\u0131k. Anamur&#8217;da yol \u00e7al\u0131\u015fmam\u0131z var ve il\u00e7emiz i\u00e7in \u00e7ok \u00f6nemli bir proje. Mersin merkezde de var. \u015eu anda 6 bin 75 metrelik 3. \u00c7evre Yolu yap\u0131l\u0131yor. 4. \u00c7evre Yolu&#8217;nu bitirdik. Ayn\u0131 model. Yine Tarsus merkezde \u00e7al\u0131\u015fmalar\u0131m\u0131z var. Her noktada grup yollar\u0131nda \u00e7al\u0131\u015fmalar\u0131m\u0131z devam ediyor&#8221; ifadelerini kulland\u0131.<\/p>\n<p>Ba\u015fkan Se\u00e7er, B\u00fcy\u00fck\u015fehir Belediyesi&#8217;nin hizmetlerinde sosyal projeleri \u00f6ncelediklerini vurgulayarak, &#8216;Hamile Bak\u0131m S\u00fct\u00fc&#8217;, &#8216;Hadi Gel K\u00f6y\u00fcm\u00fcze Destek Verelim&#8217;, &#8216;El Bebek G\u00fcl Bebek&#8217;, &#8216;Evde Sa\u011fl\u0131k ve Bak\u0131m&#8217;, &#8216;Dosthane&#8217; gibi hayata ge\u00e7irdikleri \u00f6nemli sosyal projeleri anlatt\u0131. Se\u00e7er, &#8220;Samimiyetimle s\u00f6yl\u00fcyorum; T\u00fcrkiye&#8217;de sosyal belediyecilik konusunda Mersin B\u00fcy\u00fck\u015fehir Belediyesi \u00f6rnek g\u00f6sterilen bir belediye haline gelmi\u015ftir&#8221; ifadesini kulland\u0131.<\/p>\n<p>&#8220;G\u00fclnar&#8217;daki yurdu a\u00e7t\u0131k, eski \u00fcniversite hastanesinde yeni yurt da bitti&#8221;<\/p>\n<p>E\u011fitim konusuna da a\u011f\u0131rl\u0131k verdiklerini s\u00f6zlerine ekleyen Ba\u015fkan Se\u00e7er, &#8220;E\u011fitim, vazge\u00e7emedi\u011fimiz bir konu ve bu alanda her ge\u00e7en g\u00fcn yat\u0131r\u0131mlar\u0131m\u0131z\u0131 art\u0131raca\u011f\u0131z. Mersin \u00dcniversitemizin deste\u011fiyle; m\u00fcte\u015fekkiriz Say\u0131n Rekt\u00f6r\u00fcm\u00fcze; hem G\u00fclnar&#8217;da hem Mersin merkezde at\u0131l vaziyette duran \u00fcniversitenin binalar\u0131n\u0131 y\u00f6netime gelir gelmez ald\u0131k. Bu e\u011fitim ve \u00f6\u011fretim sezonun ba\u015f\u0131nda G\u00fclnar&#8217;da 108 yatakl\u0131 yurdumuz faaliyete girdi. 5 y\u0131ld\u0131zl\u0131 otel gibi. G\u00fclnarl\u0131lar \u00e7ok memnun. \u015eu anda 120 yatakl\u0131 merkezde bitirdik. Eski \u00fcniversite hastanesi bitti. \u015eu anda mefru\u015fatlar\u0131 tamamlan\u0131yor ve gelecek e\u011fitim ve \u00f6\u011fretim y\u0131l\u0131na da haz\u0131r olmu\u015f olacak. Yurt konusunu \u00f6nemsiyoruz. Bizimkiler ticari yurtlar de\u011fil, yani \u00f6zel yurtlar tarifesinde de\u011fil. Bizim yurtlar\u0131m\u0131z son derece sembolik \u00fccretlerle hizmet veriyor&#8221; dedi.<\/p>\n<p>Ba\u015fkan Se\u00e7er, de\u011ferlendirmelerinin ard\u0131ndan Meclis \u00fcyelerinin sorular\u0131n\u0131 da yan\u0131tlad\u0131. Mersin liman\u0131n\u0131n Atat\u00fcrk Park\u0131&#8217;na do\u011fru geni\u015flemesi y\u00f6n\u00fcndeki geli\u015fmeyi de\u011ferlendiren Ba\u015fkan Se\u00e7er, B\u00fcy\u00fck\u015fehir Belediyesi olarak net bir tav\u0131r ortaya koyduklar\u0131n\u0131 ve bu konuda yap\u0131lmak istenenin uygun olmad\u0131\u011f\u0131n\u0131 s\u00f6ylediklerini belirtti. Se\u00e7er, &#8220;\u0130kinci liman\u0131n, ana konteyner liman\u0131n\u0131n \u00f6n\u00fcn\u00fc kesece\u011fi d\u00fc\u015f\u00fcncesiyle de biz buna kar\u015f\u0131 \u00e7\u0131k\u0131yoruz. Biz b\u00fcy\u00fcmeye kar\u015f\u0131 de\u011filiz. \u0130stihdam alan\u0131 olsun, d\u00fcnya ticareti gelsin, merkez olsun Mersin. Bizim gayretimiz bu y\u00f6nde&#8221; dedi.<\/p>\n<p>MTSO Ba\u015fkan\u0131 Ayhan K\u0131z\u0131ltan, sohbet havas\u0131nda geli\u015fen toplant\u0131n\u0131n Mersin B\u00fcy\u00fck\u015fehir Belediye Ba\u015fkan\u0131 Vahap Se\u00e7er&#8217;in samimi ve ileti\u015fimi g\u00fc\u00e7l\u00fc ki\u015fili\u011finden kaynakland\u0131\u011f\u0131n\u0131 s\u00f6yleyerek, Mersin&#8217;in daha da geli\u015fmesi noktas\u0131nda yap\u0131lmas\u0131 gerekenlere ili\u015fkin \u015fu g\u00f6r\u00fc\u015fleri payla\u015ft\u0131:<\/p>\n<p>&#8220;Daha \u00f6nce de birka\u00e7 kez dile getirmi\u015ftik. Mersin&#8217;in kalbi olan \u00e7ar\u015f\u0131n\u0131n canlanmas\u0131 i\u00e7in yap\u0131lmas\u0131 gereken en \u00f6nemli \u015fey; Sakarya Caddesi&#8217;nin kesintisiz \u015fekilde otoyola uzanmas\u0131. \u00c7al\u0131\u015f\u0131yorsunuz biliyorum. Caddenin kesintisiz otoyola \u00e7\u0131kmas\u0131 Adana, Mara\u015f, Antep&#8217;ten gelen yazl\u0131k\u00e7\u0131lar\u0131n k\u0131sa s\u00fcrede \u015fehir merkezine girmesini sa\u011flayacak. B\u00fcy\u00fck otoparklarla desteklenmesi laz\u0131m \u015fehir merkezinin. Kasaplar \u00c7ar\u015f\u0131s\u0131 ile ilgili \u00e7al\u0131\u015fma ba\u015flatt\u0131n\u0131z kamula\u015ft\u0131r\u0131lmas\u0131yla ilgili. Biz her t\u00fcrl\u00fc deste\u011fi veririz bu konuda. Sizin kararl\u0131 tavr\u0131n\u0131z bu duruma getiriyor. \u00c7ar\u015f\u0131y\u0131 a\u00e7\u0131k hava al\u0131\u015fveri\u015f merkezine d\u00f6n\u00fc\u015ft\u00fcrmek istedi\u011finizi de biliyorum.&#8221;<\/p>\n<p>MTSO Meclis Ba\u015fkan\u0131 Hamit \u0130zol da &#8220;B\u00fcy\u00fck\u015fehir Belediye Ba\u015fkan\u0131 Say\u0131n Vahap Se\u00e7er ve ekibi bizi bu toplant\u0131da \u015fereflendirdi. Kendi ad\u0131ma ve divan\u0131m ad\u0131na Say\u0131n Ba\u015fkan\u0131m ho\u015f geldiniz, ekibinizle birlikte \u015feref verdiniz&#8221; dedi.<\/p>\n<p>Toplant\u0131, Meclis \u00fcyelerinin Ba\u015fkan Se\u00e7er&#8217;e kent g\u00fcndemi ve sekt\u00f6rel sorunlar\u0131 aktarmas\u0131 ve Ba\u015fkan Se\u00e7er&#8217;in de bilgi aktarmas\u0131yla devam etti.<\/p>\n","protected":false},"excerpt":{"rendered":"<p>Mersin B\u00fcy\u00fck\u015fehir Belediye Ba\u015fkan\u0131 Vahap Se\u00e7er, Mersin Ticaret ve Sanayi Odas\u0131 (MTSO) May\u0131s ay\u0131 Ola\u011fan Meclis Toplant\u0131s\u0131&#8217;na kat\u0131ld\u0131. MTSO Meclis Ba\u015fkan\u0131 Hamit \u0130zol ba\u015fkanl\u0131\u011f\u0131nda yap\u0131lan toplant\u0131da Ba\u015fkan Se\u00e7er, hayata ge\u00e7irdikleri &hellip; <a href=\"https:\/\/akdenizolaygazetesi.com\/?p=18899\" class=\"more-link\">Devam\u0131n\u0131 Oku&#8230;<\/a><\/p>\n","protected":false},"author":2,"featured_media":18900,"comment_status":"open","ping_status":"open","sticky":false,"template":"","format":"standard","meta":[],"categories":[1,2,3],"tags":[],"_links":{"self":[{"href":"https:\/\/akdenizolaygazetesi.com\/index.php?rest_route=\/wp\/v2\/posts\/18899"}],"collection":[{"href":"https:\/\/akdenizolaygazetesi.com\/index.php?rest_route=\/wp\/v2\/posts"}],"about":[{"href":"https:\/\/akdenizolaygazetesi.com\/index.php?rest_route=\/wp\/v2\/types\/post"}],"author":[{"embeddable":true,"href":"https:\/\/akdenizolaygazetesi.com\/index.php?rest_route=\/wp\/v2\/users\/2"}],"replies":[{"embeddable":true,"href":"https:\/\/akdenizolaygazetesi.com\/index.php?rest_route=%2Fwp%2Fv2%2Fcomments&post=18899"}],"version-history":[{"count":1,"href":"https:\/\/akdenizolaygazetesi.com\/index.php?rest_route=\/wp\/v2\/posts\/18899\/revisions"}],"predecessor-version":[{"id":18901,"href":"https:\/\/akdenizolaygazetesi.com\/index.php?rest_route=\/wp\/v2\/posts\/18899\/revisions\/18901"}],"wp:featuredmedia":[{"embeddable":true,"href":"https:\/\/akdenizolaygazetesi.com\/index.php?rest_route=\/wp\/v2\/media\/18900"}],"wp:attachment":[{"href":"https:\/\/akdenizolaygazetesi.com\/index.php?rest_route=%2Fwp%2Fv2%2Fmedia&parent=18899"}],"wp:term":[{"taxonomy":"category","embeddable":true,"href":"https:\/\/akdenizolaygazetesi.com\/index.php?rest_route=%2Fwp%2Fv2%2Fcategories&post=18899"},{"taxonomy":"post_tag","embeddable":true,"href":"https:\/\/akdenizolaygazetesi.com\/index.php?rest_route=%2Fwp%2Fv2%2Ftags&post=18899"}],"curies":[{"name":"wp","href":"https:\/\/api.w.org\/{rel}","templated":true}]}}