{"id":1891,"date":"2020-11-04T18:22:25","date_gmt":"2020-11-04T15:22:25","guid":{"rendered":"http:\/\/mersinekonomipolitikagazetesi.com\/?p=1891"},"modified":"2020-11-04T18:22:25","modified_gmt":"2020-11-04T15:22:25","slug":"mgc-baskanligi-icin-adaylar-gun-sayiyor","status":"publish","type":"post","link":"https:\/\/akdenizolaygazetesi.com\/?p=1891","title":{"rendered":"MGC BA\u015eKANLI\u011eI \u0130\u00c7\u0130N ADAYLAR G\u00dcN SAYIYOR"},"content":{"rendered":"<p>5 May\u0131s Cumartesi g\u00fcn\u00fc yap\u0131lacak olan  MGC\u2019nin ba\u015fkanl\u0131\u011f\u0131na adayl\u0131\u011f\u0131n\u0131 a\u00e7\u0131klayan Ali Ekber \u015een: \u201cBiz bir aile olmay\u0131 beceremezsek ba\u015far\u0131l\u0131 olamay\u0131z\u201d dedi.<\/p>\n<blockquote type=\"cite\">\n<div dir=\"ltr\">\n<p><span style=\"font-size:16px;\">Mersin\u00a0 Gazeteciler Cemiyeti\u2019nde se\u00e7im heyecan\u0131 devam ediyor. MGC se\u00e7imlerinin yakla\u015fmas\u0131yla birlikte Zeliha Akku\u015f, Turgay Demirta\u015f, Kemal \u0130stek, Fatih \u015eahin\u2019in ard\u0131ndan Ali Ekber \u015een de adayl\u0131\u011f\u0131n\u0131 a\u00e7\u0131klad\u0131.<\/span><\/p>\n<p><span style=\"font-size:16px;\">Ali Ekber \u015een, ilk olarak s\u00f6zlerine gazetecili\u011fin ne oldu\u011funa de\u011finerek ba\u015flad\u0131.<\/span><\/p>\n<p><span style=\"font-size:16px;\">S\u00f6zlerine devam eden \u015een, toplumsal bar\u0131\u015f, huzur ve g\u00fcven ortam\u0131n\u0131n g\u00fc\u00e7lenmesinde \u00f6nemli bir g\u00f6rev \u00fcstlenen bas\u0131n emek\u00e7ilerinin farkl\u0131 g\u00f6r\u00fc\u015f ve d\u00fc\u015f\u00fcnceleri objektif ve tarafs\u0131z yay\u0131n anlay\u0131\u015f\u0131yla ele almas\u0131 gerekti\u011fini vurgulad\u0131.<\/span><\/p>\n<p>\u00a0<\/p>\n<p><span style=\"font-size:16px;\">\u201cS\u00dcRE\u00c7LERDEN B\u00dcY\u00dcK DERSLER \u00c7IKARDIM\u201d<\/span><\/p>\n<p>\u00a0<\/p>\n<p><span style=\"font-size:16px;\">T\u00fcrkiye\u2019nin se\u00e7ime girdi\u011fi s\u00fcre\u00e7te, MGC kongresinin de yap\u0131lacak olmas\u0131n\u0131n b\u00fcy\u00fck \u00f6nem ta\u015f\u0131d\u0131\u011f\u0131n\u0131 kaydeden \u015een: \u201cYakla\u015f\u0131k 3 ay\u0131 geride b\u0131rakt\u0131\u011f\u0131m\u0131z bu genel kurul s\u00fcrecinde k\u0131rg\u0131nl\u0131klar\u0131m\u0131z, k\u00fcsk\u00fcnl\u00fcklerimiz olabilir. Ancak kendi ad\u0131ma \u015funu net olarak ifade ediyorum ki; ya\u015fanan bu s\u00fcre\u00e7ten b\u00fcy\u00fck dersler \u00e7\u0131kard\u0131m. \u00c7\u0131kard\u0131\u011f\u0131m bu dersler gelecekte benim yol haritam\u0131 \u00e7izmemde \u00f6nc\u00fcl\u00fck edecektir. Bu s\u00fcre\u00e7te gerek tabandan ve gerekse kamuoyunun tek liste halinde birlik ve beraberlik i\u00e7erisinde se\u00e7ime gidilmesi y\u00f6n\u00fcndeki taleplerini, T\u00fcrkiye\u2019nin bu zor d\u00f6nemecinde g\u00f6z ard\u0131 etmemizin mesleki a\u00e7\u0131dan bize bir yarar getirmeyece\u011fi inanc\u0131nday\u0131m. Bu a\u00e7\u0131dan \u00fczerime d\u00fc\u015fen sorumlulu\u011funda bilincinde hareket ederek, Mersin bas\u0131n\u0131n yar\u0131nlar\u0131 anlam\u0131nda birlikten yana bir tav\u0131r sergilemeye karar k\u0131ld\u0131m\u201d ifadelerini kulland\u0131.<\/span><\/p>\n<p>\u00a0<\/p>\n<p><span style=\"font-size:16px;\">\u201cEL ELE G\u00d6N\u00dcL G\u00d6NLE VER\u0130RSEK BA\u015eARILI OLURUZ\u201d<\/span><\/p>\n<p>\u00a0<\/p>\n<p><span style=\"font-size:16px;\">Mersin bas\u0131n\u0131n\u0131 dizayn etmeye \u00e7al\u0131\u015fanlar\u0131n da uykular\u0131n\u0131n ka\u00e7\u0131rd\u0131\u011f\u0131n\u0131, heveslerinin de kursa\u011f\u0131nda b\u0131rakt\u0131\u011f\u0131n\u0131n fark\u0131nda oldu\u011funu belirten \u015een: \u201cAncak bu \u00e7evrelerde \u015funu bilmelidir ki; bu birlikten kazanan Mersin bas\u0131n\u0131 ve bu kent olacakt\u0131r. Bununda camiam\u0131za katk\u0131s\u0131n\u0131 ileriki zaman diliminde g\u00f6rece\u011fimize inan\u0131yorum. Bu \u00f6nemli g\u00f6rev i\u00e7in yola \u00e7\u0131karken hayat\u0131m\u0131n anlam\u0131 niteli\u011findeki gazetecilik mesle\u011fin ilk y\u0131llar\u0131 olan 1989\u2019lardaki heyecan\u0131, \u015fu an hala ya\u015fayan bir karde\u015finizim.\u201d \u015feklinde konu\u015ftu.<\/span><\/p>\n<p><span style=\"font-size:16px;\">S\u00f6zlerine devam eden \u015een, birlik ve beraberli\u011fin g\u00fc\u00e7 getirece\u011fine dikkat \u00e7ekerek \u201cBug\u00fcn sorunlar\u0131m\u0131z olabilir. Ancak bu sorunlar\u0131n \u00e7\u00f6z\u00fcm\u00fc noktas\u0131nda alt\u0131n\u0131 \u00e7izerek s\u00f6yl\u00fcyorum ki, biz bir aile olmay\u0131 beceremezsek ba\u015far\u0131l\u0131 olamay\u0131z. Bunun i\u00e7in de \u00f6nce ki\u015fisel ve mesleki sorunlar\u0131m\u0131z\u0131n a\u015f\u0131lmas\u0131nda el ele verece\u011fiz. Buradan a\u00e7\u0131k ve net bir \u015fekilde ifade ediyorum, bizim kimse ile bir kavgam\u0131z yok. Bizim kavgam\u0131z, ekme\u011fimizin, a\u015f\u0131m\u0131z\u0131n ve mesle\u011fimizin onurunun korunmas\u0131 kavgas\u0131d\u0131r. El ele g\u00f6n\u00fcl g\u00f6nle verirsek ba\u015far\u0131l\u0131 oluruz.\u201d diye konu\u015ftu.\u00a0<\/span><\/p>\n<\/div>\n<\/blockquote>\n","protected":false},"excerpt":{"rendered":"<p>5 May\u0131s Cumartesi g\u00fcn\u00fc yap\u0131lacak olan MGC\u2019nin ba\u015fkanl\u0131\u011f\u0131na adayl\u0131\u011f\u0131n\u0131 a\u00e7\u0131klayan Ali Ekber \u015een: \u201cBiz bir aile olmay\u0131 beceremezsek ba\u015far\u0131l\u0131 olamay\u0131z\u201d dedi. Mersin\u00a0 Gazeteciler Cemiyeti\u2019nde se\u00e7im heyecan\u0131 devam ediyor. MGC se\u00e7imlerinin &hellip; <a href=\"https:\/\/akdenizolaygazetesi.com\/?p=1891\" class=\"more-link\">Devam\u0131n\u0131 Oku&#8230;<\/a><\/p>\n","protected":false},"author":1,"featured_media":0,"comment_status":"open","ping_status":"open","sticky":false,"template":"","format":"standard","meta":[],"categories":[],"tags":[],"_links":{"self":[{"href":"https:\/\/akdenizolaygazetesi.com\/index.php?rest_route=\/wp\/v2\/posts\/1891"}],"collection":[{"href":"https:\/\/akdenizolaygazetesi.com\/index.php?rest_route=\/wp\/v2\/posts"}],"about":[{"href":"https:\/\/akdenizolaygazetesi.com\/index.php?rest_route=\/wp\/v2\/types\/post"}],"author":[{"embeddable":true,"href":"https:\/\/akdenizolaygazetesi.com\/index.php?rest_route=\/wp\/v2\/users\/1"}],"replies":[{"embeddable":true,"href":"https:\/\/akdenizolaygazetesi.com\/index.php?rest_route=%2Fwp%2Fv2%2Fcomments&post=1891"}],"version-history":[{"count":0,"href":"https:\/\/akdenizolaygazetesi.com\/index.php?rest_route=\/wp\/v2\/posts\/1891\/revisions"}],"wp:attachment":[{"href":"https:\/\/akdenizolaygazetesi.com\/index.php?rest_route=%2Fwp%2Fv2%2Fmedia&parent=1891"}],"wp:term":[{"taxonomy":"category","embeddable":true,"href":"https:\/\/akdenizolaygazetesi.com\/index.php?rest_route=%2Fwp%2Fv2%2Fcategories&post=1891"},{"taxonomy":"post_tag","embeddable":true,"href":"https:\/\/akdenizolaygazetesi.com\/index.php?rest_route=%2Fwp%2Fv2%2Ftags&post=1891"}],"curies":[{"name":"wp","href":"https:\/\/api.w.org\/{rel}","templated":true}]}}