{"id":18925,"date":"2022-05-27T12:48:21","date_gmt":"2022-05-27T09:48:21","guid":{"rendered":"http:\/\/akdenizolaygazetesi.com\/?p=18925"},"modified":"2022-05-27T12:48:21","modified_gmt":"2022-05-27T09:48:21","slug":"ak-partili-yilmaz-kilicdaroglunun-cumhurbaskanimiz-icin-kacacak-ifadesi-kullanmasi-tam-bir-hezeyandir","status":"publish","type":"post","link":"https:\/\/akdenizolaygazetesi.com\/?p=18925","title":{"rendered":"AK Parti&#8217;li Y\u0131lmaz: K\u0131l\u0131\u00e7daro\u011flu&#8217;nun Cumhurba\u015fkan\u0131m\u0131z i\u00e7in &#8216;ka\u00e7acak&#8217; ifadesi kullanmas\u0131 tam bir hezeyand\u0131r"},"content":{"rendered":"<p>TBMM Anayasa Komisyonu Katip \u00dcyesi ve AK Parti Mersin Milletvekili Zeynep G\u00fcl Y\u0131lmaz, CHP Genel Ba\u015fkan\u0131 Kemal K\u0131l\u0131\u00e7daro\u011flu&#8217;nun, Cumhurba\u015fkan\u0131 Recep Tayyip Erdo\u011fan ve ailesine y\u00f6nelik s\u00f6zlerini k\u0131nad\u0131.<br \/>\nTBMM Genel Kurulunda s\u00f6z alan Mersin Milletvekili Zeynep G\u00fcl Y\u0131lmaz, Kemal K\u0131l\u0131\u00e7daro\u011flu&#8217;nun, yalanlar \u00fczerine kurgulad\u0131\u011f\u0131 nefret siyasetinin, milletin nezdinde kar\u015f\u0131l\u0131k bulamad\u0131\u011f\u0131n\u0131 s\u00f6yledi. K\u0131l\u0131\u00e7daro\u011flu&#8217;nun a\u00e7\u0131klamalar\u0131na tepki g\u00f6steren Milletvekili Y\u0131lmaz, &#8220;CHP Genel Ba\u015fkan\u0131 Kemal K\u0131l\u0131\u00e7daro\u011flu&#8217;nun Cumhurba\u015fkan\u0131m\u0131z Say\u0131n Recep Tayyip Erdo\u011fan ve ailesine y\u00f6nelik s\u00fcrd\u00fcrd\u00fc\u011f\u00fc iftira kampanyas\u0131n\u0131 esefle k\u0131n\u0131yorum. K\u0131l\u0131\u00e7daro\u011flu&#8217;nun Cumhurba\u015fkan\u0131m\u0131z i\u00e7in &#8216;ka\u00e7acak&#8217; ifadesi kullanmas\u0131 tam bir hezeyand\u0131r. Aziz milletimiz 15 Temmuz hain darbe giri\u015fiminde kimin tanklara kar\u015f\u0131 milletiyle beraber direndi\u011fini, kimin de tanklar\u0131n yol vermesiyle ka\u00e7t\u0131\u011f\u0131n\u0131 g\u00f6rm\u00fc\u015ft\u00fcr.&#8221; dedi.<br \/>\n&#8220;CUMHURBA\u015eKANIMIZ M\u0130LLET\u0130M\u0130Z \u0130\u00c7\u0130N \u00d6MR\u00dcN\u00dc VERM\u0130\u015e, M\u0130LLET\u0130M\u0130Z DE ONU BA\u011eRINA BASMI\u015eTIR&#8221;<br \/>\nAK Parti&#8217;li Y\u0131lmaz, Kemal K\u0131l\u0131\u00e7daro\u011flu&#8217;nun a\u00e7\u0131klamalar\u0131n\u0131n kabul edilemez oldu\u011funu vurgulad\u0131. Cumhurba\u015fkan\u0131 Erdo\u011fan&#8217;\u0131n, milletin g\u00f6nl\u00fcnde m\u00fcstesna bir yerde bulundu\u011funu ifade eden Y\u0131lmaz, s\u00f6zlerini \u015f\u00f6yle s\u00fcrd\u00fcrd\u00fc:<br \/>\n&#8220;FET\u00d6 a\u011fz\u0131yla konu\u015fan, FET\u00d6&#8217;n\u00fcn kampanyas\u0131n\u0131n par\u00e7as\u0131 olan, T\u00fcrkiye d\u00fc\u015fmanlar\u0131n\u0131n propagandas\u0131n\u0131 dillendiren K\u0131l\u0131\u00e7daro\u011flu, yalan ve iftiralarla Cumhurba\u015fkanl\u0131\u011f\u0131 makam\u0131n\u0131n itibar\u0131n\u0131 zedelemeye \u00e7al\u0131\u015fmaktad\u0131r. Cumhurba\u015fkan\u0131m\u0131z bayra\u011f\u0131m\u0131z inmesin, ezan\u0131m\u0131z dinmesin, vatan\u0131m\u0131z b\u00f6l\u00fcnmesin, aziz milletimiz var olsun, devletimiz payidar olsun diye \u00f6mr\u00fcn\u00fc vermi\u015ftir. Aziz milletimiz de Cumhurba\u015fkan\u0131m\u0131z\u0131 ba\u011fr\u0131na basm\u0131\u015ft\u0131r. K\u0131l\u0131\u00e7daro\u011flu&#8217;nun yalanlar \u00fczerine kurgulad\u0131\u011f\u0131 nefret siyaseti, milletimiz nezdinde hi\u00e7bir zaman kar\u015f\u0131l\u0131k bulamayacakt\u0131r.&#8221;<\/p>\n","protected":false},"excerpt":{"rendered":"<p>TBMM Anayasa Komisyonu Katip \u00dcyesi ve AK Parti Mersin Milletvekili Zeynep G\u00fcl Y\u0131lmaz, CHP Genel Ba\u015fkan\u0131 Kemal K\u0131l\u0131\u00e7daro\u011flu&#8217;nun, Cumhurba\u015fkan\u0131 Recep Tayyip Erdo\u011fan ve ailesine y\u00f6nelik s\u00f6zlerini k\u0131nad\u0131. TBMM Genel Kurulunda &hellip; <a href=\"https:\/\/akdenizolaygazetesi.com\/?p=18925\" class=\"more-link\">Devam\u0131n\u0131 Oku&#8230;<\/a><\/p>\n","protected":false},"author":2,"featured_media":18926,"comment_status":"open","ping_status":"open","sticky":false,"template":"","format":"standard","meta":[],"categories":[3,5],"tags":[],"_links":{"self":[{"href":"https:\/\/akdenizolaygazetesi.com\/index.php?rest_route=\/wp\/v2\/posts\/18925"}],"collection":[{"href":"https:\/\/akdenizolaygazetesi.com\/index.php?rest_route=\/wp\/v2\/posts"}],"about":[{"href":"https:\/\/akdenizolaygazetesi.com\/index.php?rest_route=\/wp\/v2\/types\/post"}],"author":[{"embeddable":true,"href":"https:\/\/akdenizolaygazetesi.com\/index.php?rest_route=\/wp\/v2\/users\/2"}],"replies":[{"embeddable":true,"href":"https:\/\/akdenizolaygazetesi.com\/index.php?rest_route=%2Fwp%2Fv2%2Fcomments&post=18925"}],"version-history":[{"count":1,"href":"https:\/\/akdenizolaygazetesi.com\/index.php?rest_route=\/wp\/v2\/posts\/18925\/revisions"}],"predecessor-version":[{"id":18927,"href":"https:\/\/akdenizolaygazetesi.com\/index.php?rest_route=\/wp\/v2\/posts\/18925\/revisions\/18927"}],"wp:featuredmedia":[{"embeddable":true,"href":"https:\/\/akdenizolaygazetesi.com\/index.php?rest_route=\/wp\/v2\/media\/18926"}],"wp:attachment":[{"href":"https:\/\/akdenizolaygazetesi.com\/index.php?rest_route=%2Fwp%2Fv2%2Fmedia&parent=18925"}],"wp:term":[{"taxonomy":"category","embeddable":true,"href":"https:\/\/akdenizolaygazetesi.com\/index.php?rest_route=%2Fwp%2Fv2%2Fcategories&post=18925"},{"taxonomy":"post_tag","embeddable":true,"href":"https:\/\/akdenizolaygazetesi.com\/index.php?rest_route=%2Fwp%2Fv2%2Ftags&post=18925"}],"curies":[{"name":"wp","href":"https:\/\/api.w.org\/{rel}","templated":true}]}}