{"id":18928,"date":"2022-05-27T12:50:30","date_gmt":"2022-05-27T09:50:30","guid":{"rendered":"http:\/\/akdenizolaygazetesi.com\/?p=18928"},"modified":"2022-05-27T12:50:30","modified_gmt":"2022-05-27T09:50:30","slug":"ogrenciler-tarsus-genclik-kampinda-moral-buldu","status":"publish","type":"post","link":"https:\/\/akdenizolaygazetesi.com\/?p=18928","title":{"rendered":"\u00d6\u011eRENC\u0130LER, TARSUS GEN\u00c7L\u0130K KAMPI&#8217;NDA MORAL BULDU"},"content":{"rendered":"<p>Mersin B\u00fcy\u00fck\u015fehir Belediyesi Sosyal Hizmetler Dairesi E\u011fitim Hizmetleri \u015eube M\u00fcd\u00fcrl\u00fc\u011f\u00fc b\u00fcnyesinde faaliyet g\u00f6steren E\u011fitim ve \u00d6\u011fretimi Destekleme Kurs Merkezleri, yakla\u015fan kritik s\u0131navlar \u00f6ncesinde \u00f6\u011frencilere y\u00f6nelik sosyal faaliyetlerini s\u00fcrd\u00fcr\u00fcyor.<br \/>\nB\u00fcy\u00fck\u015fehir&#8217;in Tarsus, Toroslar ve Akdeniz il\u00e7elerinde YKS ve LGS \u00f6\u011frencilerine y\u00f6nelik a\u00e7t\u0131\u011f\u0131 Kurs Merkezleri&#8217;nden faydalanan yakla\u015f\u0131k 600 \u00f6\u011frenci, Tarsus Gen\u00e7lik Kamp\u0131&#8217;nda ger\u00e7ekle\u015ftirilen motivasyon etkinli\u011finde moral buldu.<br \/>\nKamp\u0131n do\u011fal ortam\u0131nda gezinti yapan y\u00fczlerce \u00f6\u011frenci, survivor parkurlar\u0131nda yar\u0131\u015fman\u0131n heyecan\u0131n\u0131 ya\u015fad\u0131. Parkur alan\u0131nda oyunlar oynayan \u00f6\u011frenciler, halay \u00e7ekip, dans etti. Yemek ikram\u0131 da yap\u0131lan \u00f6\u011frenciler, program\u0131n son b\u00f6l\u00fcm\u00fcnde sahne alan Grup Soundrock&#8217;\u0131n seslendirdi\u011fi \u015fark\u0131larla doyas\u0131ya e\u011flendi.<br \/>\n&#8220;Yakla\u015fan s\u0131nav \u00f6ncesi g\u00fczel bir etkinlik oldu&#8221;<br \/>\nB\u00fcy\u00fck\u015fehir Belediyesi E\u011fitim Hizmetleri \u015eube M\u00fcd\u00fcr\u00fc Cem Karaku\u015f, s\u0131nav \u00f6ncesi \u00f6\u011frencilerin moral bulmas\u0131n\u0131 istediklerini belirterek, &#8220;\u00d6\u011frencilerimizin moral ve motivasyonunu artt\u0131r\u0131c\u0131 etkinliklerimizi d\u00fczenledik. T\u00fcm kurs merkezlerimizde motivasyon etkinliklerimizi tamamlad\u0131k. \u015eimdi de bir yenisini hem YGS hem de YKS \u00f6\u011frencilerimize y\u00f6nelik Gen\u00e7lik Kamp\u0131&#8217;nda ger\u00e7ekle\u015ftiriyoruz. A\u00e7\u0131k havada \u00f6\u011frencilerimiz streslerini att\u0131, yakla\u015fan s\u0131nav \u00f6ncesi g\u00fczel bir etkinlik oldu&#8221; dedi.<br \/>\n&#8220;\u0130lk defa geliyorum buraya, ger\u00e7ekten de \u00e7ok g\u00fczel bir yer&#8221;<br \/>\nToroslar Turgut T\u00fcrkalp Mahallesi&#8217;nde bulunan B\u00fcy\u00fck\u015fehir LGS Kurs Merkezi&#8217;nden faydalanan \u00f6\u011frencilerden Fatma Atilla, s\u0131nav \u00f6ncesi kayg\u0131l\u0131 oldu\u011funu ve bu etkinliklerle moral buldu\u011funu s\u00f6yleyerek, &#8220;Son g\u00fcnlere \u00e7ok yakla\u015ft\u0131k. Vahap Ba\u015fkan\u0131m\u0131za \u00e7ok te\u015fekk\u00fcr ederiz b\u00f6yle etkinlikler haz\u0131rlad\u0131\u011f\u0131 ve bizi b\u00f6yle yerlere getirdi\u011fi i\u00e7in. Ben ilk defa geliyorum buraya, ger\u00e7ekten de \u00e7ok g\u00fczel bir yer&#8221; ifadelerini kulland\u0131.<br \/>\nBir di\u011fer LGS \u00f6\u011frencisi Ceren Arslanta\u015f ise &#8220;\u0130lk defa geldim. Bize bu olanaklar\u0131 sundu\u011fu, \u00f6\u011fretmenlerimizle, arkada\u015flar\u0131m\u0131zla bize motivasyon sa\u011flad\u0131\u011f\u0131 i\u00e7in Vahap Ba\u015fkan\u0131m\u0131za te\u015fekk\u00fcr ediyorum&#8221; diye konu\u015ftu.<br \/>\n&#8220;Ba\u015fkan\u0131m\u0131z Vahap Se\u00e7er bizim her t\u00fcrl\u00fc yan\u0131m\u0131zda&#8221;<br \/>\nYKS&#8217;ye girecek \u00f6\u011frencilerden Umut Bak\u0131r, okuma \u015fartlar\u0131n\u0131n her ge\u00e7en g\u00fcn a\u011f\u0131rla\u015ft\u0131\u011f\u0131 bir d\u00f6nemde B\u00fcy\u00fck\u015fehir&#8217;in sundu\u011fu imkanlardan faydaland\u0131\u011f\u0131n\u0131 belirterek, &#8220;G\u00fcn\u00fcm\u00fcz\u00fcn \u015fartlar\u0131ndan dolay\u0131 her \u00f6\u011frencinin \u00e7ekti\u011fi s\u0131k\u0131nt\u0131lar var. Mersin B\u00fcy\u00fck\u015fehir Belediyemiz, Ba\u015fkan\u0131m\u0131z Vahap Se\u00e7er bizim her t\u00fcrl\u00fc yan\u0131m\u0131zda. Ona \u00f6ncelikle \u00e7ok te\u015fekk\u00fcr ederim. Bir sene boyunca kursta \u00f6\u011frenim g\u00f6rd\u00fcm. Kurs; gerek hocalar\u0131m\u0131zla, gerek deneme s\u0131navlar\u0131yla bize baya\u011f\u0131 katk\u0131da bulundu&#8221; dedi.<br \/>\n&#8220;Bir\u00e7ok dershanenin yapmad\u0131\u011f\u0131 \u015feyleri ben orada g\u00f6rd\u00fcm&#8221;<br \/>\nB\u00fcy\u00fck\u015fehir Tarsus Kurs Merkezi&#8217;nden faydalanan ve YKS&#8217;ye haz\u0131rlanan Emre G\u00fcltekin, &#8220;Bize \u00e7ok b\u00fcy\u00fck katk\u0131lar\u0131 bulundu&#8221; dedi\u011fi kurs merkezi ile ilgili olarak, &#8220;Dershaneye gidemeyen \u00f6\u011frenciler olarak \u00fccretsiz e\u011fitim ald\u0131\u011f\u0131m\u0131z i\u00e7in ger\u00e7ekten g\u00fczel bir proje oldu. Bir\u00e7ok dershanenin yapmad\u0131\u011f\u0131 \u015feyleri ben orada g\u00f6rd\u00fcm. Bizzat kendim ya\u015fad\u0131m&#8221; diye konu\u015ftu.<\/p>\n","protected":false},"excerpt":{"rendered":"<p>Mersin B\u00fcy\u00fck\u015fehir Belediyesi Sosyal Hizmetler Dairesi E\u011fitim Hizmetleri \u015eube M\u00fcd\u00fcrl\u00fc\u011f\u00fc b\u00fcnyesinde faaliyet g\u00f6steren E\u011fitim ve \u00d6\u011fretimi Destekleme Kurs Merkezleri, yakla\u015fan kritik s\u0131navlar \u00f6ncesinde \u00f6\u011frencilere y\u00f6nelik sosyal faaliyetlerini s\u00fcrd\u00fcr\u00fcyor. B\u00fcy\u00fck\u015fehir&#8217;in Tarsus, &hellip; <a href=\"https:\/\/akdenizolaygazetesi.com\/?p=18928\" class=\"more-link\">Devam\u0131n\u0131 Oku&#8230;<\/a><\/p>\n","protected":false},"author":2,"featured_media":18929,"comment_status":"open","ping_status":"open","sticky":false,"template":"","format":"standard","meta":[],"categories":[1,2,3,5],"tags":[],"_links":{"self":[{"href":"https:\/\/akdenizolaygazetesi.com\/index.php?rest_route=\/wp\/v2\/posts\/18928"}],"collection":[{"href":"https:\/\/akdenizolaygazetesi.com\/index.php?rest_route=\/wp\/v2\/posts"}],"about":[{"href":"https:\/\/akdenizolaygazetesi.com\/index.php?rest_route=\/wp\/v2\/types\/post"}],"author":[{"embeddable":true,"href":"https:\/\/akdenizolaygazetesi.com\/index.php?rest_route=\/wp\/v2\/users\/2"}],"replies":[{"embeddable":true,"href":"https:\/\/akdenizolaygazetesi.com\/index.php?rest_route=%2Fwp%2Fv2%2Fcomments&post=18928"}],"version-history":[{"count":1,"href":"https:\/\/akdenizolaygazetesi.com\/index.php?rest_route=\/wp\/v2\/posts\/18928\/revisions"}],"predecessor-version":[{"id":18930,"href":"https:\/\/akdenizolaygazetesi.com\/index.php?rest_route=\/wp\/v2\/posts\/18928\/revisions\/18930"}],"wp:featuredmedia":[{"embeddable":true,"href":"https:\/\/akdenizolaygazetesi.com\/index.php?rest_route=\/wp\/v2\/media\/18929"}],"wp:attachment":[{"href":"https:\/\/akdenizolaygazetesi.com\/index.php?rest_route=%2Fwp%2Fv2%2Fmedia&parent=18928"}],"wp:term":[{"taxonomy":"category","embeddable":true,"href":"https:\/\/akdenizolaygazetesi.com\/index.php?rest_route=%2Fwp%2Fv2%2Fcategories&post=18928"},{"taxonomy":"post_tag","embeddable":true,"href":"https:\/\/akdenizolaygazetesi.com\/index.php?rest_route=%2Fwp%2Fv2%2Ftags&post=18928"}],"curies":[{"name":"wp","href":"https:\/\/api.w.org\/{rel}","templated":true}]}}