{"id":1893,"date":"2020-11-04T18:22:25","date_gmt":"2020-11-04T15:22:25","guid":{"rendered":"http:\/\/mersinekonomipolitikagazetesi.com\/?p=1893"},"modified":"2020-11-04T18:22:25","modified_gmt":"2020-11-04T15:22:25","slug":"buyuksehir-belediyesi-tesislerini-ozellikle-sectik","status":"publish","type":"post","link":"https:\/\/akdenizolaygazetesi.com\/?p=1893","title":{"rendered":"\u201cB\u00dcY\u00dcK\u015eEH\u0130R BELED\u0130YES\u0130 TES\u0130SLER\u0130N\u0130 \u00d6ZELL\u0130KLE SE\u00c7T\u0130K\u201d"},"content":{"rendered":"<p>F\u0131rat \u00dcniversitesi \u00c7evre M\u00fchendisli\u011fi B\u00f6l\u00fcm\u00fc \u00f6\u011frencileri Mersin B\u00fcy\u00fck\u015fehir Belediyesi tesislerine teknik gezi d\u00fczenledi.<\/p>\n<blockquote type=\"cite\">\n<div dir=\"ltr\">\n<p><span style=\"font-size:16px;\">F\u0131rat \u00dcniversitesi\u2019nden 40 ki\u015filik bir \u00f6\u011frenci grubu, \u00a0B\u00fcy\u00fck\u015fehir Belediyesi Kat\u0131 At\u0131k D\u00fczenli Depolama ve Bertaraf Tesisi\u2019nde inceleme yaparak personel taraf\u0131ndan teknik ve g\u00f6rsel \u015fekilde bilgi ald\u0131.<\/span><\/p>\n<p><span style=\"font-size:16px;\">Ard\u0131ndan Mersin Su ve Kanalizasyon \u0130daresi (MESK\u0130)\u2019nin Filtre Su M\u00fczesi ve Berdan \u0130\u00e7me Suyu Ar\u0131tma Tesisini gezdiler.<\/span><\/p>\n<p><span style=\"font-family: sans-serif, Arial, Verdana, 'Trebuchet MS'; font-size: 16px; line-height: 1.6em;\">Teknik gezi ile ilgili a\u00e7\u0131klamalarda bulunan F\u0131rat \u00dcniversitesi \u00d6\u011fretim \u00dcyesi ve Gezi Ekibi Sorumlusu Prof. Dr. Mehmet Erdem \u00f6\u011frencilerin mesleki hayatlar\u0131na haz\u0131rlanmak amac\u0131yla bu gibi geziler faydal\u0131 oldu\u011funu ifade etti.<\/span><\/p>\n<div>\n<p><span style=\"font-size:16px;\">\u0130yi projelendirilmi\u015f ve i\u015fletilen \u00f6rnek tesislere gezi d\u00fczenlediklerini belirten Erdem B\u00fcy\u00fck\u015fehir Belediyesi\u2019ne ait Entegre At\u0131k Y\u00f6netim Merkezi ve \u0130\u00e7me Suyu Ar\u0131tma Tesislerinin iyi \u00f6rnekler oldu\u011funu kaydetti.<\/span><\/p>\n<p>\u00a0<\/p>\n<p><span style=\"font-size:16px;\">\u201cTEKN\u0130K GEZ\u0130M\u0130Z\u0130 BU B\u00d6LGEYE YAPMAYA KARAR VERD\u0130K\u201d<\/span><\/p>\n<p>\u00a0<\/p>\n<p><span style=\"font-size:16px;\">A\u00e7\u0131klama konu\u015fmas\u0131na devam eden Erdem: \u201cB\u00fcy\u00fck bir emekle 1938 y\u0131l\u0131nda kurulmu\u015f ve belirli bir s\u00fcre hizmet vermi\u015f olan \u00fclkemizin en eski i\u00e7me suyu ar\u0131tma tesisinin de tarihe \u0131\u015f\u0131k tutmas\u0131 ad\u0131na, belediyenin kaynaklar\u0131yla o g\u00fcn\u00fcn teknolojisine g\u00f6re restore edilerek su m\u00fczesine d\u00f6n\u00fc\u015ft\u00fcr\u00fcld\u00fc\u011f\u00fcn\u00fc tespit ettik ve teknik gezimizi bu b\u00f6lgeye yapmaya karar verdik\u201d \u015feklinde konu\u015ftu.<\/span><\/p>\n<p>\u00a0<\/p>\n<p><span style=\"font-size:16px;\">\u201cB\u0130ZLER \u0130\u00c7\u0130N SON DERECE ANLAMLI OLMU\u015eTUR\u201d<\/span><\/p>\n<p>\u00a0<\/p>\n<p><span style=\"font-size:16px;\">Erdem gezi konusunda Mersin B\u00fcy\u00fck\u015fehir Belediye Ba\u015fkan\u0131 Burhanettin Kocamaz\u2019\u0131n faydas\u0131n\u0131n \u00e7ok oldu\u011funu belirten Erdem: \u201cBug\u00fcn burada s\u00f6z konusu tesisleri gezdik ve \u00f6\u011frencilerimize k\u0131sa s\u00fcreli bir uygulama deneyimi kazand\u0131rd\u0131k. \u00d6zellikle yap\u0131m\u0131 tamamlanm\u0131\u015f ve hizmete al\u0131nma a\u015famas\u0131nda olan geri d\u00f6n\u00fc\u015f\u00fcm tesisleri, d\u00fczenli depolama alanlar\u0131 ve enerji kazan\u0131m \u00fcniteleriyle \u00f6rnek tesisler ger\u00e7ekten iyi \u00f6rnekler oldu\u011fu, \u00f6zellikle t\u0131bbi at\u0131k sterilizasyon \u00fcnitesinin m\u00fckemmel i\u015fletildi\u011finin \u00f6\u011frencilerimiz taraf\u0131ndan g\u00f6r\u00fclmesi bizler i\u00e7in son derece anlaml\u0131 olmu\u015ftur.\u201d ifadelerini kulland\u0131.<\/span><\/p>\n<p><span style=\"font-size:16px;\">Konu\u015fmas\u0131n\u0131n son b\u00f6l\u00fcm\u00fcnde Erdem: \u201cRestore edilen ve o g\u00fcn\u00fcn teknolojisiyle \u00e7al\u0131\u015f\u0131r halde tutulan MESK\u0130 Filtre Su M\u00fczesi ile i\u00e7me suyu ar\u0131t\u0131m\u0131n\u0131n \u00fclkede hangi tarihlere dayand\u0131\u011f\u0131, \u00fcnitelerin zaman i\u00e7erisinde nas\u0131l de\u011fi\u015fimler g\u00f6sterdi\u011fi de m\u00fchendislik a\u00e7\u0131s\u0131ndan fakl\u0131 bir\u00a0 bak\u0131\u015f a\u00e7\u0131s\u0131yla de\u011ferlendirilmi\u015f oldu.\u201d \u015feklinde belirtti.<\/span><\/p>\n<\/div>\n<\/div>\n<\/blockquote>\n","protected":false},"excerpt":{"rendered":"<p>F\u0131rat \u00dcniversitesi \u00c7evre M\u00fchendisli\u011fi B\u00f6l\u00fcm\u00fc \u00f6\u011frencileri Mersin B\u00fcy\u00fck\u015fehir Belediyesi tesislerine teknik gezi d\u00fczenledi. F\u0131rat \u00dcniversitesi\u2019nden 40 ki\u015filik bir \u00f6\u011frenci grubu, \u00a0B\u00fcy\u00fck\u015fehir Belediyesi Kat\u0131 At\u0131k D\u00fczenli Depolama ve Bertaraf Tesisi\u2019nde inceleme &hellip; <a href=\"https:\/\/akdenizolaygazetesi.com\/?p=1893\" class=\"more-link\">Devam\u0131n\u0131 Oku&#8230;<\/a><\/p>\n","protected":false},"author":1,"featured_media":0,"comment_status":"open","ping_status":"open","sticky":false,"template":"","format":"standard","meta":[],"categories":[],"tags":[],"_links":{"self":[{"href":"https:\/\/akdenizolaygazetesi.com\/index.php?rest_route=\/wp\/v2\/posts\/1893"}],"collection":[{"href":"https:\/\/akdenizolaygazetesi.com\/index.php?rest_route=\/wp\/v2\/posts"}],"about":[{"href":"https:\/\/akdenizolaygazetesi.com\/index.php?rest_route=\/wp\/v2\/types\/post"}],"author":[{"embeddable":true,"href":"https:\/\/akdenizolaygazetesi.com\/index.php?rest_route=\/wp\/v2\/users\/1"}],"replies":[{"embeddable":true,"href":"https:\/\/akdenizolaygazetesi.com\/index.php?rest_route=%2Fwp%2Fv2%2Fcomments&post=1893"}],"version-history":[{"count":0,"href":"https:\/\/akdenizolaygazetesi.com\/index.php?rest_route=\/wp\/v2\/posts\/1893\/revisions"}],"wp:attachment":[{"href":"https:\/\/akdenizolaygazetesi.com\/index.php?rest_route=%2Fwp%2Fv2%2Fmedia&parent=1893"}],"wp:term":[{"taxonomy":"category","embeddable":true,"href":"https:\/\/akdenizolaygazetesi.com\/index.php?rest_route=%2Fwp%2Fv2%2Fcategories&post=1893"},{"taxonomy":"post_tag","embeddable":true,"href":"https:\/\/akdenizolaygazetesi.com\/index.php?rest_route=%2Fwp%2Fv2%2Ftags&post=1893"}],"curies":[{"name":"wp","href":"https:\/\/api.w.org\/{rel}","templated":true}]}}