{"id":18931,"date":"2022-05-27T12:52:24","date_gmt":"2022-05-27T09:52:24","guid":{"rendered":"http:\/\/akdenizolaygazetesi.com\/?p=18931"},"modified":"2022-05-27T12:52:24","modified_gmt":"2022-05-27T09:52:24","slug":"mersinin-sadece-turkiyede-degil-dunyada-onemi-her-gecen-gun-artan-bir-kent-huviyetinde-olacagini-dusunuyorum","status":"publish","type":"post","link":"https:\/\/akdenizolaygazetesi.com\/?p=18931","title":{"rendered":"&#8220;MERS\u0130N&#8217;\u0130N, SADECE T\u00dcRK\u0130YE&#8217;DE DE\u011e\u0130L D\u00dcNYADA \u00d6NEM\u0130 HER GE\u00c7EN G\u00dcN ARTAN B\u0130R KENT H\u00dcV\u0130YET\u0130NDE OLACA\u011eINI D\u00dc\u015e\u00dcN\u00dcYORUM&#8221;"},"content":{"rendered":"<p>Mersin B\u00fcy\u00fck\u015fehir Belediye Ba\u015fkan\u0131 Vahap Se\u00e7er, Mersin Ticaret ve Sanayi Odas\u0131 (MTSO) ile Uluslararas\u0131 \u0130li\u015fkiler Konseyi i\u015f birli\u011finde 9. Uluslararas\u0131 \u0130li\u015fkiler \u00c7al\u0131\u015fmalar\u0131 ve E\u011fitim Kongresi kapsam\u0131nda d\u00fczenlenen &#8220;K\u00fcresel D\u00f6n\u00fc\u015f\u00fcm Oda\u011f\u0131nda T\u00fcrkiye&#8221; konferans\u0131na kat\u0131ld\u0131. Akademisyenler, i\u015f insanlar\u0131 ve kurum temsilcilerinin yer ald\u0131\u011f\u0131 toplant\u0131da, k\u00fcresel d\u00fcnyaya dair \u00f6nemli fikirler ortaya konuldu. K\u00fcresel d\u00fcnyan\u0131n Mersin \u00f6zelindeki yans\u0131mas\u0131n\u0131 de\u011ferlendiren Ba\u015fkan Se\u00e7er, &#8220;Mersin, \u015fu anda T\u00fcrkiye&#8217;nin en stratejik b\u00f6lgesi&#8221; dedi.<br \/>\nBa\u015fkan Se\u00e7er, bu tarz toplant\u0131lar\u0131 Mersin&#8217;de daha \u00e7ok yapmak istediklerini ifade ederek, &#8220;Bu de\u011ferli insanlar\u0131 kentimizde g\u00f6rmek istiyoruz ve bu toplant\u0131 belki de bir \u00f6n haz\u0131rl\u0131k, \u00f6rnek \u00e7al\u0131\u015fma h\u00fcviyetinde olacak. Malumunuz bir pandemi s\u00fcreci ya\u015fad\u0131k. T\u00fcm d\u00fcnya gibi T\u00fcrkiye de Mersin de etkilendi. Bu t\u00fcr etkinlikler, toplant\u0131lar akamete u\u011frad\u0131. Ama art\u0131k hayat normalle\u015fti. Biz de bu normalle\u015fen hayata ayak uyduraca\u011f\u0131z, t\u0131pk\u0131 d\u00f6n\u00fc\u015fen k\u00fcresel d\u00fcnya gibi&#8221; dedi.<br \/>\n&#8220;Uluslararas\u0131 ekonomiyi, d\u00f6n\u00fc\u015f\u00fcm\u00fcn Mersin ve T\u00fcrkiye&#8217;ye yans\u0131malar\u0131n\u0131 d\u00fc\u015f\u00fcnece\u011fiz&#8221;<br \/>\nBelediye ba\u015fkanlar\u0131 olarak g\u00f6rev ve sorumluluk alan\u0131 i\u00e7erisinde yerelde vatanda\u015flar\u0131n taleplerini, beklentilerini yerine getirmeleri gerekti\u011fini s\u00f6yleyen Ba\u015fkan Se\u00e7er, genel siyasi geli\u015fmelere dair de \u015funlar\u0131 s\u00f6yledi:<br \/>\n&#8220;Bizler de T\u00fcrkiye&#8217;deki, d\u00fcnyadaki geli\u015fmelerin fark\u0131nday\u0131z ve bunlarla ilgili de s\u00f6yleyecek s\u00f6z\u00fcm\u00fcz var. Bizler birer siyasi parti \u00e7at\u0131s\u0131 alt\u0131nda bu makamlara se\u00e7iliyoruz ve her siyasi partinin oldu\u011fu gibi benim partimin de bir d\u00fcnya g\u00f6r\u00fc\u015f\u00fc, T\u00fcrkiye hakk\u0131nda d\u00fc\u015f\u00fcnceleri var. Sorun alanlar\u0131na y\u00f6nelik tespitleri, ortaya konulacak projeleri ve bunlara ili\u015fkin s\u00f6ylemleri var. Genel olarak konu\u015fmac\u0131lar\u0131 dinlerken arkadan bir ses, &#8216;\u00d6nce demokrasi, hukuk devleti&#8217; dedi. Ben de duydum bunu. \u00d6nce demokrasi, hukuk devleti, ondan sonra gerisi. Burada uluslararas\u0131 ekonomiyi, d\u00f6n\u00fc\u015f\u00fcm\u00fcn Mersin ve T\u00fcrkiye&#8217;ye yans\u0131malar\u0131n\u0131 d\u00fc\u015f\u00fcnece\u011fiz. Peki, bu kadar i\u015f insan\u0131 var. Can, mal, yat\u0131r\u0131m teminat\u0131n\u0131n olmad\u0131\u011f\u0131 bir yerde ekonominin b\u00fcy\u00fcyece\u011fini \u00f6ng\u00f6r\u00fcyor musunuz? Ben bir i\u015f insan\u0131 olsam, bir yere yat\u0131r\u0131m yapacak olsam \u00f6nce neye bakar\u0131m? Acaba orada i\u015fler nas\u0131l y\u00fcr\u00fcyor? Yasalar nas\u0131l? Oras\u0131 bir hukuk devleti mi? Orada yapt\u0131\u011f\u0131m yat\u0131r\u0131mlar\u0131n gelece\u011fi ile ilgili bir ku\u015fkum, endi\u015fem olur mu? Bunlara bakars\u0131n\u0131z. Onun i\u00e7in \u00f6nce demokrasi, hukuk devleti, \u00f6zg\u00fcr toplum olsun ki serbest piyasa ekonomisi olu\u015fsun. Sermaye gelsin, \u00f6zg\u00fcrce yat\u0131r\u0131mlar\u0131n\u0131 yaps\u0131n.&#8221;<br \/>\n&#8220;Mersin, \u015fu anda T\u00fcrkiye&#8217;nin en stratejik b\u00f6lgesi&#8221;<br \/>\nBa\u015fkan Se\u00e7er, Mersin&#8217;in her a\u00e7\u0131dan T\u00fcrkiye&#8217;nin en stratejik b\u00f6lgesi oldu\u011funu belirterek, \u015f\u00f6yle devam etti:<br \/>\n&#8220;K\u00fcresel d\u00f6n\u00fc\u015f\u00fcmdeki kast\u0131m\u0131z belli; ekonomik geli\u015fmeler, sava\u015flar, pandemi, toplu g\u00f6\u00e7ler. Mersin, k\u00fcresel d\u00f6n\u00fc\u015f\u00fcmden en \u00e7ok etkilenen illerin ba\u015f\u0131nda geliyor. Pandemi oldu etkilendi ama en az etkilendi. Bir f\u0131rsat yaratt\u0131 Mersin&#8217;e. T\u00fcrkiye&#8217;de t\u00fcm illerde vergi gelirleri d\u00fc\u015ft\u00fc ama Mersin&#8217;de di\u011fer vergi gelirleri d\u00fc\u015fen illere g\u00f6re nispi olarak \u00e7ok daha az seviyede d\u00fc\u015ft\u00fc sekt\u00f6rel zenginli\u011fi nedeniyle. G\u0131da sekt\u00f6r\u00fcnde, tar\u0131mda canl\u0131 olmas\u0131 nedeniyle. Tar\u0131m \u015fu anda da \u00e7ok \u00f6nemli \u00e7\u00fcnk\u00fc sava\u015f var. Pandemide de tar\u0131m ve g\u0131da \u00f6nemli oldu. Ukrayna-Rusya sava\u015f\u0131nda da oldu. \u00c7\u00fcnk\u00fc \u00f6nemli miktarda o b\u00f6lgelerden tah\u0131l, ya\u011fl\u0131 tohumlar gibi T\u00fcrkiye&#8217;nin tar\u0131msal d\u0131\u015f girdilerinde \u00f6nemli paya sahip \u00fcr\u00fcnleri ithal etti\u011fimiz yer ya da pandemide tedarik zinciri bir sorun ya\u015fad\u0131. Burada neresi \u00f6ne \u00e7\u0131kt\u0131? Mersin Liman\u0131.&#8221;<br \/>\n&#8220;Mersin, T\u00fcrkiye&#8217;nin Suriye geli\u015fmelerinde 6&#8217;nc\u0131 s\u0131rada en b\u00fcy\u00fck g\u00f6\u00e7\u00fc alm\u0131\u015f kentidir&#8221;<br \/>\nMersin \u00f6zelinde Suriyeli s\u0131\u011f\u0131nmac\u0131lar konusunu da de\u011ferlendiren Ba\u015fkan Se\u00e7er, &#8220;Mersin, T\u00fcrkiye&#8217;nin Suriye geli\u015fmelerinde 6&#8217;nc\u0131 s\u0131rada en b\u00fcy\u00fck g\u00f6\u00e7\u00fc alm\u0131\u015f kentidir. Mersin&#8217;in yerli n\u00fcfusu 1.9 milyondur. \u015eu anda 250 bin kay\u0131tl\u0131 Suriyeli ge\u00e7ici koruma alt\u0131nda misafirimiz var. 150 bin de kay\u0131t d\u0131\u015f\u0131 s\u0131\u011f\u0131nmac\u0131 var. Mersin B\u00fcy\u00fck\u015fehir Belediye Ba\u015fkan\u0131 olarak, yasal olarak sorumlu oldu\u011fum, ona g\u00f6re kaynak aktar\u0131lan 1,9 milyon n\u00fcfusu, 2 milyon 300 bin n\u00fcfusun refah\u0131, rahat ya\u015fam\u0131, medeni ya\u015fam\u0131 i\u00e7in harcamak zorunda kal\u0131yorum. Demek; Mersin her \u015feyden etkileniyor. Stratejik gelece\u011fi olan bir kent. \u00c7ok sekt\u00f6rl\u00fc bir kent. Sadece T\u00fcrkiye de\u011fil, b\u00f6lgede, d\u00fcnyada \u00f6nemi her ge\u00e7en g\u00fcn artan kent h\u00fcviyetinde olaca\u011f\u0131n\u0131 d\u00fc\u015f\u00fcn\u00fcyorum&#8221; dedi.<br \/>\n&#8220;Bug\u00fcn T\u00fcrkiye&#8217;de ya\u015fananlar 84 milyonun sorunu de\u011fildir&#8221;<br \/>\nT\u00fcrkiye&#8217;de ya\u015fanan g\u00fcncel sorunlara dair de g\u00f6r\u00fc\u015flerini aktaran Ba\u015fkan Se\u00e7er, &#8220;Son g\u00fcnlerin en yo\u011fun konu\u015fulan konular\u0131n\u0131n ba\u015f\u0131nda &#8216;Suriye, Suriye sonras\u0131 T\u00fcrkiye&#8217;ye yans\u0131malar\u0131, bundan sonra ne olaca\u011f\u0131&#8217; konusu geliyor. Bu halk\u0131n da merak etti\u011fi konu. Bir\u00e7ok insan acaba yanl\u0131\u015f anla\u015f\u0131labilir miyim diye \u00f6zellikle siyaset\u00e7iler, bu konuda be\u015f d\u00fc\u015f\u00fcn\u00fcp bir konu\u015fuyor. Ben de \u00f6yle yap\u0131yorum. \u00c7\u00fcnk\u00fc s\u00f6zler al\u0131p ba\u015fka mecralara ta\u015f\u0131n\u0131yor. Ben insan\u0131m, empati kurmas\u0131n\u0131 bilirim. Belediye Ba\u015fkan\u0131y\u0131m. Bu kentin a\u011fabeyiyim, karde\u015fiyim, kim nas\u0131l g\u00f6rmek istiyorsa. Bu kentte ya\u015fayan herkes kendisini iyi hissetmeli ve bizim g\u00fcvencemizde olmal\u0131. Ona laf\u0131m\u0131z yok. Suriyeli karde\u015flerimiz rahat olsun, herkesi kucakl\u0131yorum ama bu sorunun \u00fcst\u00fcn\u00fc \u00f6rterek, gelecekte ba\u015f\u0131m\u0131za gelecekleri ba\u015f\u0131m\u0131z\u0131 kuma g\u00f6merek, g\u00f6rmemezlikten gelerek, kentimizi, \u00fclkemizi, gelece\u011fimizi farkl\u0131 sorunlar\u0131n kuca\u011f\u0131na b\u0131rakmamal\u0131y\u0131z&#8221; diye konu\u015ftu.<br \/>\nBug\u00fcn T\u00fcrkiye&#8217;de ya\u015fananlar\u0131n sadece 84 milyonun sorunu olmad\u0131\u011f\u0131n\u0131 ifade eden Ba\u015fkan Se\u00e7er, bunun Suriye ve T\u00fcrkiye&#8217;de ya\u015fayan halklar\u0131n da sorunu olmad\u0131\u011f\u0131n\u0131 s\u00f6yledi. Sorunun tamamen siyasi oldu\u011funa dikkat \u00e7eken Se\u00e7er, &#8220;Tabi sorunun uluslararas\u0131 boyutlar\u0131, s\u0131n\u0131r g\u00fcvenli\u011fi boyutu vard\u0131r. T\u00fcrkiye&#8217;nin tehdit alt\u0131nda oldu\u011fu ter\u00f6r boyutu vard\u0131r. Ama durum bu noktaya geldiyse siyasi iradenin sonucudur ve \u00e7\u00f6zecek olan da T\u00fcrkiye ve Suriye ba\u015f\u0131ndaki siyasi iradedir. \u00c7\u00f6z\u00fclmeyecek sorun de\u011fildir. Umut ediyorum; hem \u00fclkemde hem b\u00f6lgede hem de d\u00fcnyada bar\u0131\u015f hakim olsun. \u0130nsanlar\u0131n karde\u015fli\u011fi egemen olsun. Gelecek g\u00fcnler bug\u00fcnlerden \u00e7ok daha iyi olsun&#8221; dedi.<br \/>\nK\u0131z\u0131ltan: &#8220;Mersin&#8217;de d\u00fcnya \u00e7ap\u0131nda bir etkinlik planl\u0131yoruz&#8221;<br \/>\nMersin Ticaret ve Sanayi Odas\u0131 (MTSO) Ba\u015fkan\u0131 Ayhan K\u0131z\u0131ltan, Mersin&#8217;in \u00f6zg\u00fcr bir \u015fehir oldu\u011funu belirterek, &#8220;Mersin&#8217;de \u00f6zg\u00fcrce konu\u015furuz biz. Sizlerin de \u00f6zg\u00fcrce konu\u015fmas\u0131n\u0131 diliyoruz. \u00c7\u00fcnk\u00fc bizler konu\u015fmazsak, hem tabandan hem bilim, akademi d\u00fcnyas\u0131ndan gelen fikirleri ortaya koymazsak bizi y\u00f6netenler do\u011fruyu bulamazlar. Bizlerin s\u00f6yledikleri hi\u00e7bir zaman siyasi de\u011fildir&#8221; dedi. T\u00fcrkiye&#8217;deki ekonomi politikalar\u0131 ve yat\u0131r\u0131mlara ili\u015fkin d\u00fc\u015f\u00fcncelerini dile getiren K\u0131z\u0131ltan, &#8220;Biz B\u00fcy\u00fck\u015fehir Belediye Ba\u015fkan\u0131m\u0131zla, B\u00fcy\u00fck\u015fehir Belediyesi ekibi ile birlikte epeydir konu\u015fuyoruz. Bu konferans bizim i\u00e7in bir antrenman olacak. Mersin&#8217;de kal\u0131c\u0131, d\u00fcnya \u00e7ap\u0131nda bir Davosvari etkinlik planl\u0131yoruz. \u00c7ok b\u00fcy\u00fck katk\u0131lar vereceksiniz bize. Bu Davosvari etkinli\u011fi de k\u0131sa bir s\u00fcre i\u00e7inde ger\u00e7ekle\u015ftirmeyi d\u00fc\u015f\u00fcn\u00fcyoruz&#8221; diye konu\u015ftu.<br \/>\nUluslararas\u0131 \u0130li\u015fkiler Konseyi Y\u00f6netim Kurulu Ba\u015fkan\u0131 Prof. Dr. Mustafa Ayd\u0131n, pandemi nedeniyle bu t\u00fcr bulu\u015fmalar\u0131 ertelemek durumunda kald\u0131klar\u0131n\u0131 belirterek, &#8220;Bu bir kavu\u015fma ayn\u0131 zamanda. 2,5 y\u0131l sonra ilk defa y\u00fcz y\u00fcze T\u00fcrkiye uluslararas\u0131 ili\u015fkiler camias\u0131n\u0131 ve akademisyenlerini bir araya getiriyoruz&#8221; dedi. Ayd\u0131n, konu\u015fmas\u0131n\u0131n devam\u0131nda Uluslararas\u0131 \u0130li\u015fkiler Konseyi hakk\u0131nda bilgiler verdi.<\/p>\n","protected":false},"excerpt":{"rendered":"<p>Mersin B\u00fcy\u00fck\u015fehir Belediye Ba\u015fkan\u0131 Vahap Se\u00e7er, Mersin Ticaret ve Sanayi Odas\u0131 (MTSO) ile Uluslararas\u0131 \u0130li\u015fkiler Konseyi i\u015f birli\u011finde 9. Uluslararas\u0131 \u0130li\u015fkiler \u00c7al\u0131\u015fmalar\u0131 ve E\u011fitim Kongresi kapsam\u0131nda d\u00fczenlenen &#8220;K\u00fcresel D\u00f6n\u00fc\u015f\u00fcm Oda\u011f\u0131nda &hellip; <a href=\"https:\/\/akdenizolaygazetesi.com\/?p=18931\" class=\"more-link\">Devam\u0131n\u0131 Oku&#8230;<\/a><\/p>\n","protected":false},"author":2,"featured_media":18932,"comment_status":"open","ping_status":"open","sticky":false,"template":"","format":"standard","meta":[],"categories":[8,1,2,3,5],"tags":[],"_links":{"self":[{"href":"https:\/\/akdenizolaygazetesi.com\/index.php?rest_route=\/wp\/v2\/posts\/18931"}],"collection":[{"href":"https:\/\/akdenizolaygazetesi.com\/index.php?rest_route=\/wp\/v2\/posts"}],"about":[{"href":"https:\/\/akdenizolaygazetesi.com\/index.php?rest_route=\/wp\/v2\/types\/post"}],"author":[{"embeddable":true,"href":"https:\/\/akdenizolaygazetesi.com\/index.php?rest_route=\/wp\/v2\/users\/2"}],"replies":[{"embeddable":true,"href":"https:\/\/akdenizolaygazetesi.com\/index.php?rest_route=%2Fwp%2Fv2%2Fcomments&post=18931"}],"version-history":[{"count":1,"href":"https:\/\/akdenizolaygazetesi.com\/index.php?rest_route=\/wp\/v2\/posts\/18931\/revisions"}],"predecessor-version":[{"id":18933,"href":"https:\/\/akdenizolaygazetesi.com\/index.php?rest_route=\/wp\/v2\/posts\/18931\/revisions\/18933"}],"wp:featuredmedia":[{"embeddable":true,"href":"https:\/\/akdenizolaygazetesi.com\/index.php?rest_route=\/wp\/v2\/media\/18932"}],"wp:attachment":[{"href":"https:\/\/akdenizolaygazetesi.com\/index.php?rest_route=%2Fwp%2Fv2%2Fmedia&parent=18931"}],"wp:term":[{"taxonomy":"category","embeddable":true,"href":"https:\/\/akdenizolaygazetesi.com\/index.php?rest_route=%2Fwp%2Fv2%2Fcategories&post=18931"},{"taxonomy":"post_tag","embeddable":true,"href":"https:\/\/akdenizolaygazetesi.com\/index.php?rest_route=%2Fwp%2Fv2%2Ftags&post=18931"}],"curies":[{"name":"wp","href":"https:\/\/api.w.org\/{rel}","templated":true}]}}