{"id":18937,"date":"2022-05-27T17:51:21","date_gmt":"2022-05-27T14:51:21","guid":{"rendered":"http:\/\/akdenizolaygazetesi.com\/?p=18937"},"modified":"2022-05-27T17:51:21","modified_gmt":"2022-05-27T14:51:21","slug":"cagimizin-meslegi-iletisim","status":"publish","type":"post","link":"https:\/\/akdenizolaygazetesi.com\/?p=18937","title":{"rendered":"&#8220;\u00c7a\u011f\u0131m\u0131z\u0131n Mesle\u011fi \u0130leti\u015fim&#8221;"},"content":{"rendered":"<p>Toroslar Belediye Ba\u015fkan\u0131 Ats\u0131z Af\u015f\u0131n Y\u0131lmaz, Toroslar \u015eifa Hatun Mesleki ve Teknik Anadolu Lisesi&#8217;nde \u00f6\u011frencilerle bulu\u015farak, bir s\u00f6yle\u015fi ger\u00e7ekle\u015ftirdi.<\/p>\n<p>\u00d6\u011frencilerin yo\u011fun ilgi g\u00f6sterdi\u011fi bulu\u015fmada Ba\u015fkan Y\u0131lmaz, gen\u00e7lerden hedeflerine ula\u015fmalar\u0131 i\u00e7in azimle \u00e7al\u0131\u015fmalar\u0131n\u0131 isteyerek; &#8220;Hepiniz, farkl\u0131 meslekleri se\u00e7eceksiniz. Bu \u00e7a\u011f\u0131n en \u00f6nemli mesle\u011fi ise ileti\u015fim. \u0130leti\u015fim ve network kurabildi\u011fimiz kadar var\u0131z toplumda. Sizlerden iste\u011fim, kendiniz i\u00e7in bir hedef koyman\u0131z ve o hedefe ula\u015fmak i\u00e7in azimle \u00e7al\u0131\u015fman\u0131zd\u0131r&#8221; dedi.<\/p>\n<p>&#8220;Sosyal ve \u00c7evik Belediyecilik Anlay\u0131\u015f\u0131yla \u00c7al\u0131\u015f\u0131yoruz&#8221;<\/p>\n<p>S\u0131cak ve samimi bir havada ge\u00e7en s\u00f6yle\u015fide; deneyimlerini payla\u015fan ve Toroslar Belediyesi olarak sa\u011fl\u0131ktan e\u011fitime, imardan ula\u015f\u0131ma, alt yap\u0131dan \u00e7evre iyile\u015ftirmesine ve spora kadar hayata ge\u00e7irdikleri \u00e7al\u0131\u015fmalar hakk\u0131nda bilgiler de veren Ba\u015fkan Y\u0131lmaz; &#8220;Toroslar\u0131m\u0131z\u0131 gelece\u011fe haz\u0131rlayacak projelerimizi bir bir hayata ge\u00e7iriyoruz. E\u011fitim ve sa\u011fl\u0131k \u00f6nceli\u011fimiz. Bu konuda da \u00f6nemli \u00e7al\u0131\u015fmalar yapt\u0131k. \u00dc\u00e7 sene \u00f6ncesinin d\u00fcnyas\u0131 ile bug\u00fcn\u00fcn d\u00fcnyas\u0131 farkl\u0131. Onun i\u00e7in dinamiklere g\u00f6re hareket ediyoruz. Sosyal ve \u00c7evik Belediyecilik anlay\u0131\u015f\u0131yla \u00e7al\u0131\u015f\u0131yoruz. Pandemi d\u00f6neminde G\u00f6n\u00fcl Ba\u011f\u0131 Projemizi hayata ge\u00e7irdik. Vatanda\u015flar\u0131m\u0131z\u0131n her an yan\u0131nda olduk. \u0130mar planlar\u0131m\u0131z\u0131 yaparken de di\u011fer il\u00e7elerde hatta T\u00fcrkiye&#8217;deki di\u011fer illerde ne varsa Toroslar\u0131m\u0131zda da olsun yakla\u015f\u0131m\u0131yla hareket ettik&#8221; ifadelerini kulland\u0131.<\/p>\n<p>&#8220;Projelerini Anlatt\u0131, Gen\u00e7lere Nasihatlarda Bulundu&#8221;<\/p>\n<p>Soru ve cevap \u015feklinde devam eden s\u00f6yle\u015fide \u00f6\u011frencilere yol g\u00f6sterici a\u00e7\u0131klamalar da yapan Ba\u015fkan Y\u0131lmaz; &#8220;Hayatta en \u00f6nemli \u015fey, insan\u0131n kendini anlamas\u0131, alg\u0131lamas\u0131 ve tan\u0131mas\u0131. Her gencimizin yetene\u011fine ve ilgisine g\u00f6re en az bir konuda \u00e7ok iyi olmas\u0131 ve mutlaka ilerlemesi gerekiyor. Okulda \u00e7ok \u015fey \u00f6\u011freniyoruz ama sosyal hayatta da ba\u015far\u0131 \u00e7ok \u00f6nemli. Hem kentimize, hem \u00e7evremizdeki insanlara ve sevdiklerimize daha faydal\u0131 birer birey olmak i\u00e7in moralimizi ve motivasyonumuzu y\u00fcksek tutmam\u0131z gerekiyor&#8221; diye konu\u015ftu.<\/p>\n<p>Gen\u00e7ler ise kendileriyle bir araya gelerek deneyimlerini payla\u015fan Toroslar Belediye Ba\u015fkan\u0131 Ats\u0131z Af\u015f\u0131n Y\u0131lmaz&#8217;a te\u015fekk\u00fcr ederken, Okul M\u00fcd\u00fcr\u00fc Kadir \u00c7eker de Ba\u015fkan Y\u0131lmaz&#8217;a e\u011fitime sundu\u011fu destek ve katk\u0131lar\u0131ndan dolay\u0131 bir te\u015fekk\u00fcr plaketi takdim etti.<\/p>\n","protected":false},"excerpt":{"rendered":"<p>Toroslar Belediye Ba\u015fkan\u0131 Ats\u0131z Af\u015f\u0131n Y\u0131lmaz, Toroslar \u015eifa Hatun Mesleki ve Teknik Anadolu Lisesi&#8217;nde \u00f6\u011frencilerle bulu\u015farak, bir s\u00f6yle\u015fi ger\u00e7ekle\u015ftirdi. \u00d6\u011frencilerin yo\u011fun ilgi g\u00f6sterdi\u011fi bulu\u015fmada Ba\u015fkan Y\u0131lmaz, gen\u00e7lerden hedeflerine ula\u015fmalar\u0131 i\u00e7in &hellip; <a href=\"https:\/\/akdenizolaygazetesi.com\/?p=18937\" class=\"more-link\">Devam\u0131n\u0131 Oku&#8230;<\/a><\/p>\n","protected":false},"author":2,"featured_media":18938,"comment_status":"open","ping_status":"open","sticky":false,"template":"","format":"standard","meta":[],"categories":[2,3,5],"tags":[],"_links":{"self":[{"href":"https:\/\/akdenizolaygazetesi.com\/index.php?rest_route=\/wp\/v2\/posts\/18937"}],"collection":[{"href":"https:\/\/akdenizolaygazetesi.com\/index.php?rest_route=\/wp\/v2\/posts"}],"about":[{"href":"https:\/\/akdenizolaygazetesi.com\/index.php?rest_route=\/wp\/v2\/types\/post"}],"author":[{"embeddable":true,"href":"https:\/\/akdenizolaygazetesi.com\/index.php?rest_route=\/wp\/v2\/users\/2"}],"replies":[{"embeddable":true,"href":"https:\/\/akdenizolaygazetesi.com\/index.php?rest_route=%2Fwp%2Fv2%2Fcomments&post=18937"}],"version-history":[{"count":1,"href":"https:\/\/akdenizolaygazetesi.com\/index.php?rest_route=\/wp\/v2\/posts\/18937\/revisions"}],"predecessor-version":[{"id":18939,"href":"https:\/\/akdenizolaygazetesi.com\/index.php?rest_route=\/wp\/v2\/posts\/18937\/revisions\/18939"}],"wp:featuredmedia":[{"embeddable":true,"href":"https:\/\/akdenizolaygazetesi.com\/index.php?rest_route=\/wp\/v2\/media\/18938"}],"wp:attachment":[{"href":"https:\/\/akdenizolaygazetesi.com\/index.php?rest_route=%2Fwp%2Fv2%2Fmedia&parent=18937"}],"wp:term":[{"taxonomy":"category","embeddable":true,"href":"https:\/\/akdenizolaygazetesi.com\/index.php?rest_route=%2Fwp%2Fv2%2Fcategories&post=18937"},{"taxonomy":"post_tag","embeddable":true,"href":"https:\/\/akdenizolaygazetesi.com\/index.php?rest_route=%2Fwp%2Fv2%2Ftags&post=18937"}],"curies":[{"name":"wp","href":"https:\/\/api.w.org\/{rel}","templated":true}]}}