{"id":1894,"date":"2020-11-04T18:22:25","date_gmt":"2020-11-04T15:22:25","guid":{"rendered":"http:\/\/mersinekonomipolitikagazetesi.com\/?p=1894"},"modified":"2020-11-04T18:22:25","modified_gmt":"2020-11-04T15:22:25","slug":"liseliler-arasi-tiyatro-gunleri-basladi","status":"publish","type":"post","link":"https:\/\/akdenizolaygazetesi.com\/?p=1894","title":{"rendered":"L\u0130SEL\u0130LER ARASI T\u0130YATRO G\u00dcNLER\u0130 BA\u015eLADI"},"content":{"rendered":"<p>Mersin B\u00fcy\u00fck\u015fehir Belediyesi, Mersin \u0130l Milli E\u011fitim M\u00fcd\u00fcrl\u00fc\u011f\u00fc i\u015fbirli\u011fiyle \u2018Liseler Aras\u0131 Tiyatro G\u00fcnleri\u2019 ba\u015fl\u0131\u011f\u0131 alt\u0131nda tiyatro g\u00fcnlerini ba\u015flatt\u0131.<\/p>\n<blockquote type=\"cite\">\n<div dir=\"ltr\">\n<p><span style=\"font-size:16px;\">Tiyatro g\u00fcnleri kutlamas\u0131 liseliler taraf\u0131ndan kortej y\u00fcr\u00fcy\u00fc\u015f\u00fc sokaklarda dikkat \u00e7ekerek ba\u015flad\u0131.<\/span><\/p>\n<p><span style=\"font-size:16px;\">Yahya G\u00fcns\u00fcr Meslek Lisesi \u00f6\u011frencileri \u015fark\u0131lar, halaylar \u015feklinde sokak ortas\u0131nda e\u011flenerek dikkatleri \u00fcst\u00fcne \u00e7ekebildi.<\/span><\/p>\n<p><span style=\"font-size:16px;\">Vatanda\u015f dikkatlerini \u00f6\u011frencilere verirken, \u2018Tiyatro G\u00fcnleri Pankart\u0131\u2019 hakk\u0131nda bilgi sahibi oldu.<\/span><img src=\"https:\/\/ssl.gstatic.com\/ui\/v1\/icons\/mail\/images\/cleardot.gif\" style=\"font-size: 16px; font-family: sans-serif, Arial, Verdana, 'Trebuchet MS'; line-height: 1.6em; height: 8px; width: 20px;\" \/><\/p>\n<div>\n<p>\u00a0<\/p>\n<p><span style=\"font-size:16px;\">10 g\u00fcn s\u00fcrecek etkinlikte, 3 May\u0131s saat 11.00\u2019de Akdeniz Borsa \u0130stanbul Mesleki ve Teknik Anadolu Lisesi \u00f6\u011frencileri taraf\u0131ndan \u201cS\u0131navs\u0131z Hayat Sahas\u0131\u201d, yine 3 May\u0131s saat 20.00\u2019de Toroslar Cemile Hamdi Ongun Mesleki ve Anadolu Lisesi \u00f6\u011frencileri taraf\u0131ndan \u201cBoyac\u0131\u201d, 4 May\u0131s saat 20.00\u2019de Mersin B\u00fcy\u00fck\u015fehir Belediyesi \u015eehir Tiyatrolar\u0131 taraf\u0131ndan \u015eenlik \u00c7\u0131kmaz\u0131, 5 May\u0131s saat 20.00\u2019de Yeni\u015fehir Mahmut Arslan Anadolu Lisesi \u00f6\u011frencileri taraf\u0131ndan \u201cYedi Kocal\u0131 H\u00fcrm\u00fcz\u201d, 6 May\u0131s saat 20.00\u2019de Anamur \u015eehit \u0130brahim Armut Fen Lisesi \u00f6\u011frencileri \u201cDeli Bayram\u0131\u201d, 7 May\u0131s saat 20.00\u2019de Toroslar H. Okan Merzeci Anadolu Lisesi \u201c\u0130\u00e7 Ses\u201d, 8 May\u0131s saat 20.00\u2019de Toroslar M. Sertta\u015f Anadolu Lisesi \u201cTersine D\u00fcnya\u201d, 9 May\u0131s saat 20.00\u2019de Yeni\u015fehir M. Adnan \u00d6z\u00e7elik Anadolu Lisesi \u00f6\u011frencileri \u201cTelevizyon Cumhuriyeti\u201d, 10 May\u0131s saat 13.30\u2019da Mezitli \u00d6zel Mersin \u015eifa Anadolu Sa\u011fl\u0131k Meslek Lisesi \u00f6\u011frencileri \u201cAh \u015eu Gen\u00e7ler\u201d, saat 20.00\u2019de Yeni\u015fehir Yahya Akel Fen Lisesi \u00f6\u011frencileri \u201cBa\u015far\u0131m\u0131 Kar\u0131lar\u0131ma Bor\u00e7luyum\u201d 11 May\u0131s saat 13.30\u2019da Akdeniz \u00c7aml\u0131bel Mesleki ve Teknik Anadolu Lisesi \u00f6\u011frencileri \u201cS\u0131navs\u0131z Hava Sahas\u0131\u201d adl\u0131 oyunu sahneleyecek.<\/span><\/p>\n<\/div>\n<\/div>\n<\/blockquote>\n","protected":false},"excerpt":{"rendered":"<p>Mersin B\u00fcy\u00fck\u015fehir Belediyesi, Mersin \u0130l Milli E\u011fitim M\u00fcd\u00fcrl\u00fc\u011f\u00fc i\u015fbirli\u011fiyle \u2018Liseler Aras\u0131 Tiyatro G\u00fcnleri\u2019 ba\u015fl\u0131\u011f\u0131 alt\u0131nda tiyatro g\u00fcnlerini ba\u015flatt\u0131. Tiyatro g\u00fcnleri kutlamas\u0131 liseliler taraf\u0131ndan kortej y\u00fcr\u00fcy\u00fc\u015f\u00fc sokaklarda dikkat \u00e7ekerek ba\u015flad\u0131. Yahya &hellip; <a href=\"https:\/\/akdenizolaygazetesi.com\/?p=1894\" class=\"more-link\">Devam\u0131n\u0131 Oku&#8230;<\/a><\/p>\n","protected":false},"author":1,"featured_media":0,"comment_status":"open","ping_status":"open","sticky":false,"template":"","format":"standard","meta":[],"categories":[],"tags":[],"_links":{"self":[{"href":"https:\/\/akdenizolaygazetesi.com\/index.php?rest_route=\/wp\/v2\/posts\/1894"}],"collection":[{"href":"https:\/\/akdenizolaygazetesi.com\/index.php?rest_route=\/wp\/v2\/posts"}],"about":[{"href":"https:\/\/akdenizolaygazetesi.com\/index.php?rest_route=\/wp\/v2\/types\/post"}],"author":[{"embeddable":true,"href":"https:\/\/akdenizolaygazetesi.com\/index.php?rest_route=\/wp\/v2\/users\/1"}],"replies":[{"embeddable":true,"href":"https:\/\/akdenizolaygazetesi.com\/index.php?rest_route=%2Fwp%2Fv2%2Fcomments&post=1894"}],"version-history":[{"count":0,"href":"https:\/\/akdenizolaygazetesi.com\/index.php?rest_route=\/wp\/v2\/posts\/1894\/revisions"}],"wp:attachment":[{"href":"https:\/\/akdenizolaygazetesi.com\/index.php?rest_route=%2Fwp%2Fv2%2Fmedia&parent=1894"}],"wp:term":[{"taxonomy":"category","embeddable":true,"href":"https:\/\/akdenizolaygazetesi.com\/index.php?rest_route=%2Fwp%2Fv2%2Fcategories&post=1894"},{"taxonomy":"post_tag","embeddable":true,"href":"https:\/\/akdenizolaygazetesi.com\/index.php?rest_route=%2Fwp%2Fv2%2Ftags&post=1894"}],"curies":[{"name":"wp","href":"https:\/\/api.w.org\/{rel}","templated":true}]}}