{"id":18940,"date":"2022-05-28T17:44:47","date_gmt":"2022-05-28T14:44:47","guid":{"rendered":"http:\/\/akdenizolaygazetesi.com\/?p=18940"},"modified":"2022-05-28T17:44:47","modified_gmt":"2022-05-28T14:44:47","slug":"secerin-van-programi-osb-ziyareti-ile-basladi","status":"publish","type":"post","link":"https:\/\/akdenizolaygazetesi.com\/?p=18940","title":{"rendered":"Se\u00e7er&#8217;in Van program\u0131 OSB ziyareti ile ba\u015flad\u0131"},"content":{"rendered":"<p>Mersin B\u00fcy\u00fck\u015fehir Belediye Ba\u015fkan\u0131 Vahap Se\u00e7er, Cumhuriyet Halk Partisi Genel Ba\u015fkan\u0131 Kemal K\u0131l\u0131\u00e7daro\u011flu&#8217;nun kat\u0131l\u0131mlar\u0131yla Van&#8217;da d\u00fczenlenen &#8216;Belediye Ba\u015fkanlar\u0131 \u00c7al\u0131\u015ftay\u0131&#8217;na kat\u0131ld\u0131. Program kapsam\u0131nda Van Organize Sanayi B\u00f6lgesi (OSB) ile Van Oto Sanayi Sitesi&#8217;ni ziyaret eden Ba\u015fkan Se\u00e7er, &#8220;Belediyeler, i\u015f d\u00fcnyas\u0131 ve OSB ile i\u00e7 i\u00e7e olmal\u0131&#8221; dedi.<\/p>\n<p>Se\u00e7er&#8217;in Van program\u0131 OSB ziyareti ile ba\u015flad\u0131<\/p>\n<p>Van program\u0131na ilk olarak Van Organize Sanayi B\u00f6lgesi (OSB) ziyareti ile ba\u015flayan Ba\u015fkan Se\u00e7er, Van OSB Ba\u015fkan\u0131 Memet Aslan ve y\u00f6netim kurulu \u00fcyelerini ziyaret etti. Se\u00e7er, sanayiciler, \u00fcreticiler ve farkl\u0131 sekt\u00f6rlerde faaliyet g\u00f6steren i\u015f insanlar\u0131 ile sohbet etti. Ba\u015fkan Se\u00e7er&#8217;e ziyaretlerinde CHP Tu\u015fba \u0130l\u00e7e Ba\u015fkan\u0131 \u015e\u00fckr\u00fc \u015eahar, CHP&#8217;li il, il\u00e7e ve belde belediye ba\u015fkanlar\u0131 ile partililer e\u015flik etti.<\/p>\n<p>Se\u00e7er, OSB ziyaretinde \u00fcretim alanlar\u0131n\u0131 gezdi, i\u015f\u00e7ilerle sohbet edip selamla\u015farak, &#8216;Kolay gelsin&#8217; dile\u011finde bulundu. Ard\u0131ndan Van Oto Sanayi Sitesi&#8217;ni gezen Se\u00e7er, buradaki esnaf\u0131n s\u0131k\u0131nt\u0131lar\u0131n\u0131 ve taleplerini dinledi. Esnafa CHP Genel Ba\u015fkan\u0131 Kemal K\u0131l\u0131\u00e7daro\u011flu&#8217;nun da selamlar\u0131n\u0131 ileten Ba\u015fkan Se\u00e7er, esnaf ve vatanda\u015flar taraf\u0131ndan ilgiyle kar\u015f\u0131land\u0131. Se\u00e7er&#8217;in Van Oto Sanayi Sitesi program\u0131, Van Yeni K\u00fc\u00e7\u00fck Sanayi Sitesi Kooperatifi Ba\u015fkan\u0131 Muhittin Y\u0131ld\u0131zba\u015f&#8217;\u0131 ziyareti ile tamamland\u0131.<\/p>\n<p>Ba\u015fkan Se\u00e7er, OSB&#8217;de yapt\u0131\u011f\u0131 konu\u015fmada, misafirperverliklerinden dolay\u0131 te\u015fekk\u00fcr ederek,  &#8220;T\u00fcrkiye&#8217;nin her taraf\u0131ndan b\u00fcy\u00fck\u015fehir belediye ba\u015fkanlar\u0131, il, il\u00e7e ve belde belediye ba\u015fkanlar\u0131 hepimiz buraday\u0131z&#8221; dedi.<\/p>\n<p>&#8220;Pandemi krizinde fakire fukaraya, esnafa el uzatan kurumlar belediyeler oldu&#8221;<\/p>\n<p>Ba\u015fkan Se\u00e7er, pandemi s\u00fcrecinde h\u00fck\u00fcmetin belediyelerin icraatlar\u0131 kadar konu\u015fulmad\u0131\u011f\u0131n\u0131 s\u00f6yleyerek, &#8220;Fakire fukaraya, esnafa pandemi krizinde el uzatan, ilk imdada yeti\u015fen kurumlar belediyeler oldu. Bunlar\u0131n ba\u015f\u0131nda da Millet \u0130ttifak\u0131&#8217;n\u0131n Cumhuriyet Halk Partili Belediye Ba\u015fkanlar\u0131 geldi. Bunlar\u0131n da g\u00f6r\u00fclmesi a\u00e7\u0131s\u0131ndan vatanda\u015flar\u0131m\u0131z\u0131n bu 3 y\u0131ll\u0131k s\u00fcreci iyi de\u011ferlendirmesi laz\u0131m&#8221; dedi.<\/p>\n<p>Mersin&#8217;in de bir anlamda s\u0131n\u0131r kenti oldu\u011funu vurgulayan Se\u00e7er, &#8220;Bizim s\u0131n\u0131r\u0131m\u0131z mutlaka deniz s\u0131n\u0131r\u0131 ama ticaretin yo\u011fun oldu\u011fu bir yer. Biz de sizler gibi son zamanlarda yo\u011fun d\u0131\u015f g\u00f6\u00e7le y\u00fczle\u015fmi\u015f bir \u015fehiriz. Suriyeli g\u00f6\u00e7menler, burada Afgan, \u0130ran g\u00f6\u00e7menleri. Van&#8217;\u0131n resmi olarak 1 milyon 150 bin n\u00fcfusu g\u00f6r\u00fcn\u00fcyor ama Say\u0131n Ba\u015fkan&#8217;la yapt\u0131\u011f\u0131m\u0131z sohbette en az 1,5 milyon n\u00fcfusun oldu\u011funu s\u00f6yledi bu g\u00f6\u00e7menlerle beraber. Mersin&#8217;in de 1.9 milyon n\u00fcfusu var ama bakt\u0131\u011f\u0131n\u0131z zaman 2 milyon 300, 2 milyon 400 bin n\u00fcfusa biz hizmet etmek durumunday\u0131z&#8221; ifadelerini kulland\u0131.<\/p>\n<p>Belediyelerin i\u015f d\u00fcnyas\u0131 ve OSB&#8217;ler ile i\u00e7 i\u00e7e olmas\u0131n\u0131n \u00f6nemine vurgu yapan Ba\u015fkan Se\u00e7er,  &#8220;Belediyeler, i\u015f d\u00fcnyas\u0131 ve OSB ile i\u00e7 i\u00e7e olmal\u0131. Mersin&#8217;de Belediye Ba\u015fkan\u0131 olarak bizatihi ben i\u015f d\u00fcnyas\u0131 ve sivil toplumun b\u00fct\u00fcn katmanlar\u0131 ile yo\u011fun ili\u015fki i\u00e7erisindeyim. Mersin, vergi toplamada T\u00fcrkiye&#8217;nin  5., 6., 7. s\u0131radaki ili. Dolay\u0131s\u0131yla bizim ticaretimiz b\u00fcy\u00fck, \u00fcretimimiz var, g\u00fcmr\u00fck kaynakl\u0131 gelirlerimiz var. \u00c7\u00fcnk\u00fc ithalat\u0131n, ihracat\u0131n yo\u011fun oldu\u011fu bir yer. Yani bizim y\u0131lda yakla\u015f\u0131k 8 milyar dolar d\u0131\u015f ticaret oluyor limanda&#8221; dedi.<\/p>\n<p>&#8220;\u0130\u015f d\u00fcnyas\u0131 bizim ekonomimizin lokomotifi&#8221;<\/p>\n<p>3 g\u00fcn \u00f6nce Mersin Ticaret ve Sanayi Odas\u0131&#8217;n\u0131n ayl\u0131k Ola\u011fan May\u0131s Ay\u0131 Meclis Toplant\u0131s\u0131&#8217;na kat\u0131ld\u0131\u011f\u0131n\u0131 belirten Ba\u015fkan Se\u00e7er, &#8220;B\u00fct\u00fcn Meclis \u00fcyeleri zaten tam kadro gelmi\u015fti. Mersin de bir T\u00fcrkiye gibidir. Bir kere her partinin milletvekili vard\u0131r; CHP&#8217;nin, AK Parti&#8217;nin, MHP&#8217;nin, \u0130Y\u0130 Parti&#8217;nin, HDP&#8217;nin; hepsinin milletvekili vard\u0131r. O Meclis i\u00e7erisinde de Ticaret ve Sanayi Odas\u0131&#8217;n\u0131 dolduran her partiye mensup insan vard\u0131r. HDP&#8217;lisi, \u0130Y\u0130 Partili&#8217;si, MHP&#8217;lisi, CHP&#8217;lisi ama biz bunlar\u0131 g\u00f6rmeyiz. \u00c7\u00fcnk\u00fc biliyoruz ki i\u015f d\u00fcnyas\u0131 bizim ekonomimizin lokomotifi. \u0130\u015f d\u00fcnyas\u0131 olmazsa, m\u00fcte\u015febbis olmazsa ne istihdam alan\u0131 yaratabiliriz, ne vergi toplayabiliriz. Vergi toplayamazsak belediye gelirleri de d\u00fc\u015fer. Umut ediyorum Van&#8217;da da bu d\u00fczeye eri\u015filecektir&#8221; dedi.<\/p>\n<p>CHP Genel Ba\u015fkan\u0131 Kemal K\u0131l\u0131\u00e7daro\u011flu&#8217;nun en \u00f6nemli \u00f6zelli\u011finin diyalo\u011fa a\u00e7\u0131k olmas\u0131 oldu\u011funu ve insanlar\u0131 dinledi\u011fini dile getiren Se\u00e7er, &#8220;Bu \u00f6zelli\u011fini bize aktard\u0131 Say\u0131n Genel Ba\u015fkan\u0131m\u0131z Kemal K\u0131l\u0131\u00e7daro\u011flu. &#8216;\u0130nsanlar\u0131 dinleyin, insanlarla konu\u015fun, madem y\u00f6neticisiniz, onlar\u0131n duygu ve d\u00fc\u015f\u00fcncelerini alarak kararlar\u0131n\u0131z\u0131 verin. Onlarla beraber kenti y\u00f6netin&#8217; dedi&#8221; ifadelerini kulland\u0131. Demokrasinin, hukuk devletinin, \u00f6zg\u00fcr fikirlerin konu\u015fuldu\u011fu bir T\u00fcrkiye&#8217;nin \u00f6nemine vurgu yapan Ba\u015fkan Se\u00e7er, &#8220;Umut ediyorum bunu bizim iktidar\u0131m\u0131zda sa\u011flayaca\u011f\u0131z ve \u00fclkemizi \u00e7ok daha iyi noktalara getirece\u011fiz&#8221; dedi.<\/p>\n<p>&#8220;Akdeniz&#8217;in s\u0131cak ve samimi \u015fehrinden, serhat \u015fehrimize te\u015frifiniz bizi mutlu etti&#8221;<\/p>\n<p>Van OSB Ba\u015fkan\u0131 Memet Aslan, &#8220;Organize Sanayi B\u00f6lgemize \u015feref verdiniz, bizi gururland\u0131rd\u0131n\u0131z. G\u00fcney&#8217;in, Akdeniz&#8217;in s\u0131cak, samimi \u015fehrinden ilimize, serhat \u015fehrimize te\u015frifiniz bizi mutlu ve memnun etti. Cumhuriyet Halk Partimizin, Genel Ba\u015fkan\u0131m\u0131z\u0131n, t\u00fcm te\u015fkilat\u0131m\u0131z\u0131n, belediye ba\u015fkanlar\u0131m\u0131z\u0131n ilimize g\u00f6stermi\u015f olduklar\u0131 ilgi, alaka bizi, halk\u0131m\u0131z\u0131 memnun etmektedir. Cumhuriyet Halk Partimiz, cumhuriyetimizle ya\u015f\u0131t bir partimiz. Siyasi hayat\u0131m\u0131z\u0131n, demokrasimizin temel dinamiklerinden, temel ta\u015flar\u0131ndan biri. Dolay\u0131s\u0131yla Cumhuriyet Halk Partisi kurucu liderimiz Mustafa Kemal Atat\u00fcrk&#8217;\u00fcn partisi. Bu biraz daha bizim i\u00e7in ehemmiyetini ve \u00f6nemini daha da art\u0131rmaktad\u0131r. \u00dclkenin, d\u00fcnyan\u0131n bir \u00e7ok s\u0131k\u0131nt\u0131 ve sorunla hemhal oldu\u011fu bir d\u00f6nemde \u00f6zellikle burada bir kamp\u0131n yap\u0131lmas\u0131, bu da bize verilen k\u0131ymetin, de\u011ferin, ilimizin \u00fclke g\u00fcndemindeki yerinin \u00f6nemini vurgulamaktad\u0131r. Bu da bizi memnun etmektedir&#8221; diye konu\u015ftu.<\/p>\n","protected":false},"excerpt":{"rendered":"<p>Mersin B\u00fcy\u00fck\u015fehir Belediye Ba\u015fkan\u0131 Vahap Se\u00e7er, Cumhuriyet Halk Partisi Genel Ba\u015fkan\u0131 Kemal K\u0131l\u0131\u00e7daro\u011flu&#8217;nun kat\u0131l\u0131mlar\u0131yla Van&#8217;da d\u00fczenlenen &#8216;Belediye Ba\u015fkanlar\u0131 \u00c7al\u0131\u015ftay\u0131&#8217;na kat\u0131ld\u0131. Program kapsam\u0131nda Van Organize Sanayi B\u00f6lgesi (OSB) ile Van Oto &hellip; <a href=\"https:\/\/akdenizolaygazetesi.com\/?p=18940\" class=\"more-link\">Devam\u0131n\u0131 Oku&#8230;<\/a><\/p>\n","protected":false},"author":2,"featured_media":18941,"comment_status":"open","ping_status":"open","sticky":false,"template":"","format":"standard","meta":[],"categories":[8,1,2,3,5],"tags":[],"_links":{"self":[{"href":"https:\/\/akdenizolaygazetesi.com\/index.php?rest_route=\/wp\/v2\/posts\/18940"}],"collection":[{"href":"https:\/\/akdenizolaygazetesi.com\/index.php?rest_route=\/wp\/v2\/posts"}],"about":[{"href":"https:\/\/akdenizolaygazetesi.com\/index.php?rest_route=\/wp\/v2\/types\/post"}],"author":[{"embeddable":true,"href":"https:\/\/akdenizolaygazetesi.com\/index.php?rest_route=\/wp\/v2\/users\/2"}],"replies":[{"embeddable":true,"href":"https:\/\/akdenizolaygazetesi.com\/index.php?rest_route=%2Fwp%2Fv2%2Fcomments&post=18940"}],"version-history":[{"count":1,"href":"https:\/\/akdenizolaygazetesi.com\/index.php?rest_route=\/wp\/v2\/posts\/18940\/revisions"}],"predecessor-version":[{"id":18942,"href":"https:\/\/akdenizolaygazetesi.com\/index.php?rest_route=\/wp\/v2\/posts\/18940\/revisions\/18942"}],"wp:featuredmedia":[{"embeddable":true,"href":"https:\/\/akdenizolaygazetesi.com\/index.php?rest_route=\/wp\/v2\/media\/18941"}],"wp:attachment":[{"href":"https:\/\/akdenizolaygazetesi.com\/index.php?rest_route=%2Fwp%2Fv2%2Fmedia&parent=18940"}],"wp:term":[{"taxonomy":"category","embeddable":true,"href":"https:\/\/akdenizolaygazetesi.com\/index.php?rest_route=%2Fwp%2Fv2%2Fcategories&post=18940"},{"taxonomy":"post_tag","embeddable":true,"href":"https:\/\/akdenizolaygazetesi.com\/index.php?rest_route=%2Fwp%2Fv2%2Ftags&post=18940"}],"curies":[{"name":"wp","href":"https:\/\/api.w.org\/{rel}","templated":true}]}}