{"id":18946,"date":"2022-05-28T17:50:43","date_gmt":"2022-05-28T14:50:43","guid":{"rendered":"http:\/\/akdenizolaygazetesi.com\/?p=18946"},"modified":"2022-05-28T17:50:43","modified_gmt":"2022-05-28T14:50:43","slug":"akdenizin-hic-etut-merkezi-yoktu","status":"publish","type":"post","link":"https:\/\/akdenizolaygazetesi.com\/?p=18946","title":{"rendered":"&#8220;AKDEN\u0130Z&#8217;\u0130N H\u0130\u00c7 ET\u00dcT MERKEZ\u0130 YOKTU&#8221;"},"content":{"rendered":"<p>Akdeniz Belediye Ba\u015fkan\u0131 G\u00fcltak, \u0130hsaniye Mahallesi\u2019ni ziyaret etti, vatanda\u015flar\u0131n ve esnaf\u0131n taleplerini dinledi. Akdenizli kad\u0131nlar i\u00e7in \u00e7al\u0131\u015fmalar\u0131n\u0131 da anlatan Ba\u015fkan G\u00fcltak, belediyeye ait bir araziyi kad\u0131nlara tahsis ederek \u015feker otu bitkisi \u00fcretmelerini sa\u011flayacaklar\u0131 m\u00fcjdesini verdi.<br \/>\nAkdeniz Belediye Ba\u015fkan\u0131 Mustafa G\u00fcltak, her sal\u0131 ve cuma g\u00fcnleri esnaf\u0131 ziyaret etmeye, vatanda\u015flar\u0131n \u00f6nerilerini dinlemeye, talep ve \u015fik\u00e2yetlerini \u00e7\u00f6z\u00fcme kavu\u015fturmaya devam ediyor.\u00a0Bu kapsamda \u0130hsaniye Mahallesi\u2019ni ziyaret eden Ba\u015fkan Mustafa G\u00fcltak&#8217;a, Cumhur \u0130ttifak\u0131 Mersin B\u00fcy\u00fck\u015fehir Belediye Ba\u015fkan Aday\u0131 Hamit Tuna, \u0130hsaniye Mahalle Muhtar\u0131 Zehra Y\u0131lmaz, Ba\u015fkan Yard\u0131mc\u0131lar\u0131, Birim M\u00fcd\u00fcrleri ile \u00e7ok say\u0131da vatanda\u015f e\u015flik etti. Mahalle sakinlerinin s\u0131cak ve samimi ilgisiyle kar\u015f\u0131lanan Ba\u015fkan Mustafa G\u00fcltak, g\u00f6reve geldi\u011finden bu yana Akdeniz\u2019i de\u011fi\u015ftiren hizmetleri anlatt\u0131.<br \/>\n&#8220;AKDEN\u0130ZL\u0130 KADINLAR \u00dcR\u00dcNLER\u0130N\u0130 \u00dcRET\u0130P SATIYORLAR&#8221;<br \/>\nBa\u015fkan G\u00fcltak, &#8220;Herkes kad\u0131nlarla ilgili g\u00fczel laflar ediyor ama bunlar\u0131 hayata ge\u00e7irmek \u00f6nemlidir. G\u00f6reve gelir gelmez kad\u0131n ve engelli kooperatiflerini kurduk. Kooperatif kurmak \u00e7ok zor bir i\u015f de\u011fil ama \u00f6nemli olan oran\u0131n \u00e7al\u0131\u015fmas\u0131d\u0131r. Bu konuda Zehra muhtar\u0131m\u0131z \u00e7ok \u00e7al\u0131\u015fkan ve beceriklidir. T\u00fcm kad\u0131nlar\u0131m\u0131z\u0131 organize etti ve kooperatifimiz h\u0131zla \u00e7al\u0131\u015fmaya ba\u015flad\u0131. Bakt\u0131k maya tuttu. Belediyeden yerler verdik. Bakanl\u0131klar\u0131m\u0131z ile ileti\u015fime ge\u00e7tik; projeler yazd\u0131rd\u0131k. Bu proje kar\u015f\u0131l\u0131\u011f\u0131nda hibeler kazand\u0131lar. \u00dcretmeye ba\u015flad\u0131lar. Bu defa sat\u0131\u015f yerine ihtiya\u00e7 duydular. Belediyenin g\u00fcnde 10 bine yak\u0131n insan\u0131n ge\u00e7ti\u011fi yerlerini onlara verdik. Kira, elektrik, su giderlerini biz kar\u015f\u0131l\u0131yoruz. Sadece \u00fcretip sat\u0131yorlar. Biz kad\u0131nlar\u0131n \u00f6zg\u00fcveninin, ekonomilerinin olu\u015fmas\u0131n\u0131 istiyoruz. E\u015flerine ba\u011f\u0131ml\u0131 olmamalar\u0131n\u0131 \u00f6nemsiyoruz. Eve mutlaka bir katk\u0131da bulunmalar\u0131 gerekti\u011fine inanan bir anlay\u0131\u015fa sahibiz&#8221; diye konu\u015ftu. <\/p>\n<p>&#8220;KADINLAR \u015eEKER OTU \u00dcRET\u0130M\u0130NDE DE BA\u015eARILI OLACAK&#8221;<\/p>\n<p>Yeni bir geli\u015fmeden de s\u00f6z edece\u011fine vurgu yapan Ba\u015fkan  G\u00fcltak; &#8220;Akdenizli kad\u0131nlar sadece \u00fcretmekle kalm\u0131yorlar. Yenili\u011fe de ayak uyduruyorlar. \u00d6rne\u011fin T\u00fcrkiye&#8217;nin \u00e7ok az bildi\u011fi \u015feker otunu belediyeye ait bir arazimizi onlara tahsis ederek \u00fcretmelerini sa\u011flayaca\u011f\u0131z. Bu konuda da ba\u015far\u0131l\u0131 olacaklar\u0131na eminim. \u015eeker otunu verimli bir \u015fekilde \u00fcretip \u00e7o\u011faltt\u0131klar\u0131 andan itibaren \u00fclkenin g\u00fcndemine oturacaklar&#8221; dedi. <\/p>\n<p>&#8220;DAHA YAPACA\u011eIMIZ \u00c7OK \u0130\u015e VAR&#8221;<\/p>\n<p>\u0130hsaniye&#8217;nin Akdeniz&#8217;in en eski mahallelerinden biri oldu\u011funa de\u011finen Ba\u015fkan Mustafa G\u00fcltak, &#8220;Yol, asfalt s\u0131k\u0131nt\u0131lar\u0131n\u0131z vard\u0131. Bunlar\u0131n \u00e7o\u011funu tamamlay\u0131p d\u00fczelttik. 2 sene daha yapaca\u011f\u0131m\u0131z \u00e7ok i\u015f var. Kalan s\u00fcrede de asfalt, kald\u0131r\u0131m \u00e7al\u0131\u015fmalar\u0131na ba\u015fl\u0131yoruz. T\u00fcm mahallelerde eksikleri giderece\u011fiz&#8221; diye konu\u015ftu. <\/p>\n<p>&#8220;B\u0130R HAVUZ YAPMAK \u0130\u00c7\u0130N BU KADAR ZAMAN BEKLEN\u0130R M\u0130?&#8221;<\/p>\n<p>Y\u0131lmaz G\u00fcney Gen\u00e7lik Merkezi&#8217;nin k\u0131sa s\u00fcre sonra hizmete a\u00e7\u0131laca\u011f\u0131n\u0131 s\u00f6zlerine ekleyen Ba\u015fkan G\u00fcltak, &#8220;Haziran ay\u0131n\u0131n sonuna do\u011fru a\u00e7may\u0131 planl\u0131yoruz. Temmuz ve A\u011fustos aylar\u0131nda iki ay boyunca hafta i\u00e7i \u00f6\u011frencilere \u00fccretsiz, hafta sonu gelmek isteyenler c\u00fczi miktarda \u00fccret \u00f6deyerek Akdeniz&#8217;in ilk havuzunu kullanabilecekler. Bir havuz yapmak i\u00e7in bu kadar zaman beklenir mi? Neyse ki bu sorunu \u00e7\u00f6z\u00fcyoruz. \u00c7ok az bir zaman sonra Y\u0131lmaz G\u00fcney Gen\u00e7lik Merkezi ve i\u00e7inde bulunan havuzu hizmete a\u00e7\u0131yoruz&#8221; \u015feklinde konu\u015ftu. <\/p>\n<p>&#8220;AKDEN\u0130Z&#8217;\u0130N H\u0130\u00c7 ET\u00dcT MERKEZ\u0130 YOKTU&#8221;<\/p>\n<p>Akdenizli gen\u00e7lerin e\u011fitimine de \u00f6nem verdiklerine dikkat \u00e7eken Ba\u015fkan G\u00fcltak, &#8220;Akdeniz&#8217;in hi\u00e7 et\u00fct merkezi yoktu. \u0130ki \u00f6nemli yerde et\u00fct merkezi a\u00e7t\u0131k. Bir tanesi y\u0131k\u0131lmak \u00fczere olan eski T\u0131p Fak\u00fcltesi binas\u0131n\u0131 tahsis alarak d\u00fczenledik. Hem lojistik konusunda hem de di\u011fer mesleki e\u011fitimlerin derslerinin al\u0131nmas\u0131 noktas\u0131nda ciddi \u00e7al\u0131\u015fmalar yapt\u0131k ve oray\u0131 a\u00e7t\u0131k. Bir de Metropol binas\u0131n\u0131n 29. kat\u0131nda da \u00fcniversiteye haz\u0131rlanan 300 gencimiz ders almaya ba\u015flad\u0131. \u00d6n\u00fcm\u00fczdeki d\u00f6nemlerde yakla\u015f\u0131k 1000 Akdenizli \u00f6\u011frencimize \u00fccretsiz e\u011fitim vermeyi s\u00fcrd\u00fcrece\u011fiz. Bu hizmetlerin hi\u00e7biri Akdeniz&#8217;de daha \u00f6nce yoktu. Biz h\u0131zla bu hizmetlerimizin \u00fcst\u00fcne katarak ilerlemeye devam ediyoruz&#8221; ifadelerini kulland\u0131. <\/p>\n<p>&#8220;KADIN KONUK EV\u0130N\u0130 DE A\u00c7IYORUZ&#8221;<\/p>\n<p>Akdeniz&#8217;de in\u015fas\u0131 s\u00fcren Kad\u0131n Konuk Evi&#8217;ni de yak\u0131n zamanda bitireceklerini belirten Ba\u015fkan Mustafa G\u00fcltak, &#8220;Bu binan\u0131n \u00f6n\u00fcnde yakla\u015f\u0131k 20 d\u00f6n\u00fcm arazisi var. Misafir olan han\u0131mefendiler burada ekip bi\u00e7ebilecek.  Orada \u00fcretim yap\u0131p yine kad\u0131n kooperatiflerimiz \u00fczerinden sat\u0131\u015f yapma imk\u00e2n\u0131 bulacaklar. Dolay\u0131s\u0131yla ma\u011fdur olan han\u0131mefendileri orada hem bar\u0131nd\u0131r\u0131p hem de \u00e7al\u0131\u015fmalar\u0131n\u0131 sa\u011flayaca\u011f\u0131z. \u00c7ocuklar\u0131 ile g\u00fcven i\u00e7inde orada ya\u015fayabilecekler&#8221; diye konu\u015ftu. <\/p>\n<p>&#8220;MERS\u0130N&#8217;\u0130N KURTULU\u015eU KENTSEL D\u00d6N\u00dc\u015e\u00dcMD\u00dcR&#8221;<\/p>\n<p>Ba\u015fkan G\u00fcltak s\u00f6zlerini \u015f\u00f6yle noktalad\u0131: &#8220;Mersin&#8217;in kurtulu\u015funun kentsel d\u00f6n\u00fc\u015f\u00fcm oldu\u011funu bildi\u011fim i\u00e7in h\u0131zla bu i\u015flere de giri\u015ftik. \u00c7ay Mahallesi&#8217;nde 415 konutu bitirdik. Vatanda\u015flar\u0131m\u0131zla g\u00f6r\u00fc\u015fmeler ba\u015flad\u0131. 5 etaba b\u00f6lm\u00fc\u015ft\u00fck. \u0130lk etapta y\u00fczde 82 anla\u015fma \u00f6ng\u00f6r\u00fcyoruz. Bu yetmez tabi ki. Ge\u00e7ti\u011fimiz hafta \u00c7evre \u015eehircilik ve \u0130klim De\u011fi\u015fikli\u011fi Bakan\u0131m\u0131z Murat Kurum buradayd\u0131. Onunla Bar\u0131\u015f Mahallesi&#8217;nde TOK\u0130&#8217;nin temelini att\u0131k. Orada da y\u00fczde 94 anla\u015fm\u0131\u015f durumday\u0131z. Bunlar b\u00fcy\u00fck oranlard\u0131r. Hedeflerimiz aras\u0131nda, \u00c7ilek, Bah\u00e7e, Bar\u0131\u015f, Turgut Reis Mahalleleri ve merkezde \u0130hsaniye ile Mesudiye Mahalleleri&#8217;nde kentsel d\u00f6n\u00fc\u015f\u00fcm say\u0131s\u0131n\u0131 art\u0131rmak var. &#8221;<\/p>\n<p>Konu\u015fmalar\u0131n ard\u0131ndan mahalle esnaf\u0131n\u0131 da ziyaret ederek &#8216;hay\u0131rl\u0131 i\u015fler&#8217; dileyen Ba\u015fkan G\u00fcltak, esnaf\u0131n talep ve \u015fik\u00e2yetlerini dinleyerek onlarla sohbet etti. <\/p>\n","protected":false},"excerpt":{"rendered":"<p>Akdeniz Belediye Ba\u015fkan\u0131 G\u00fcltak, \u0130hsaniye Mahallesi\u2019ni ziyaret etti, vatanda\u015flar\u0131n ve esnaf\u0131n taleplerini dinledi. Akdenizli kad\u0131nlar i\u00e7in \u00e7al\u0131\u015fmalar\u0131n\u0131 da anlatan Ba\u015fkan G\u00fcltak, belediyeye ait bir araziyi kad\u0131nlara tahsis ederek \u015feker otu &hellip; <a href=\"https:\/\/akdenizolaygazetesi.com\/?p=18946\" class=\"more-link\">Devam\u0131n\u0131 Oku&#8230;<\/a><\/p>\n","protected":false},"author":2,"featured_media":18947,"comment_status":"open","ping_status":"open","sticky":false,"template":"","format":"standard","meta":[],"categories":[8,2,3,5,6],"tags":[],"_links":{"self":[{"href":"https:\/\/akdenizolaygazetesi.com\/index.php?rest_route=\/wp\/v2\/posts\/18946"}],"collection":[{"href":"https:\/\/akdenizolaygazetesi.com\/index.php?rest_route=\/wp\/v2\/posts"}],"about":[{"href":"https:\/\/akdenizolaygazetesi.com\/index.php?rest_route=\/wp\/v2\/types\/post"}],"author":[{"embeddable":true,"href":"https:\/\/akdenizolaygazetesi.com\/index.php?rest_route=\/wp\/v2\/users\/2"}],"replies":[{"embeddable":true,"href":"https:\/\/akdenizolaygazetesi.com\/index.php?rest_route=%2Fwp%2Fv2%2Fcomments&post=18946"}],"version-history":[{"count":1,"href":"https:\/\/akdenizolaygazetesi.com\/index.php?rest_route=\/wp\/v2\/posts\/18946\/revisions"}],"predecessor-version":[{"id":18948,"href":"https:\/\/akdenizolaygazetesi.com\/index.php?rest_route=\/wp\/v2\/posts\/18946\/revisions\/18948"}],"wp:featuredmedia":[{"embeddable":true,"href":"https:\/\/akdenizolaygazetesi.com\/index.php?rest_route=\/wp\/v2\/media\/18947"}],"wp:attachment":[{"href":"https:\/\/akdenizolaygazetesi.com\/index.php?rest_route=%2Fwp%2Fv2%2Fmedia&parent=18946"}],"wp:term":[{"taxonomy":"category","embeddable":true,"href":"https:\/\/akdenizolaygazetesi.com\/index.php?rest_route=%2Fwp%2Fv2%2Fcategories&post=18946"},{"taxonomy":"post_tag","embeddable":true,"href":"https:\/\/akdenizolaygazetesi.com\/index.php?rest_route=%2Fwp%2Fv2%2Ftags&post=18946"}],"curies":[{"name":"wp","href":"https:\/\/api.w.org\/{rel}","templated":true}]}}