{"id":18953,"date":"2022-05-29T10:52:26","date_gmt":"2022-05-29T07:52:26","guid":{"rendered":"http:\/\/akdenizolaygazetesi.com\/?p=18953"},"modified":"2022-05-29T10:52:26","modified_gmt":"2022-05-29T07:52:26","slug":"baskan-secer-vandaki-belediye-baskanlari-calistayina-katildi","status":"publish","type":"post","link":"https:\/\/akdenizolaygazetesi.com\/?p=18953","title":{"rendered":"BA\u015eKAN SE\u00c7ER, VAN&#8217;DAK\u0130 BELED\u0130YE BA\u015eKANLARI \u00c7ALI\u015eTAYI&#8217;NA KATILDI"},"content":{"rendered":"<p>Mersin B\u00fcy\u00fck\u015fehir Belediye Ba\u015fkan\u0131 Vahap Se\u00e7er, Cumhuriyet Halk Partisi (CHP) taraf\u0131ndan Van&#8217;da ger\u00e7ekle\u015ftirilen &#8216;Belediye Ba\u015fkanlar\u0131 \u00c7al\u0131\u015ftay\u0131&#8217;na kat\u0131ld\u0131. CHP Genel Ba\u015fkan\u0131 Kemal K\u0131l\u0131\u00e7daro\u011flu&#8217;nun da kat\u0131l\u0131mlar\u0131yla ger\u00e7ekle\u015ftirilen \u00e7al\u0131\u015ftayda, T\u00fcrkiye&#8217;nin d\u00f6rt bir yan\u0131ndan belediye ba\u015fkanlar\u0131 bir araya geldi. \u00c7al\u0131\u015ftay boyunca paneller ger\u00e7ekle\u015ftirildi.<\/p>\n<p>\u00c7al\u0131\u015ftaya, CHP Genel Ba\u015fkan\u0131 Kemal K\u0131l\u0131\u00e7daro\u011flu, CHP Genel Ba\u015fkan Yard\u0131mc\u0131lar\u0131, Parti Meclisi \u00fcyeleri, milletvekilleri, CHP&#8217;li b\u00fcy\u00fck\u015fehir, il, il\u00e7e ve belde belediye ba\u015fkanlar\u0131 ile \u00e7ok say\u0131da partili kat\u0131ld\u0131.<\/p>\n<p>CHP&#8217;li belediye ba\u015fkanlar\u0131, Van&#8217;a gittikleri ilk g\u00fcn 13 ayr\u0131 il\u00e7ede saha ziyaretleri yaparak, i\u015f insanlar\u0131, sanayiciler, esnaf ve vatanda\u015flarla bir araya geldi. Ba\u015fkan Se\u00e7er, Van program\u0131na Tu\u015fba il\u00e7esinde saha gezisi ile ba\u015flad\u0131. Ba\u015fkan Se\u00e7er ve il\u00e7e belediye ba\u015fkanlar\u0131, Van Organize Sanayi B\u00f6lgesi ve Oto Sanayi Sitesi&#8217;nde sanayiciler, esnaf ve vatanda\u015flar\u0131n s\u0131k\u0131nt\u0131lar\u0131n\u0131 dinledi, \u00e7\u00f6z\u00fcm \u00f6nerilerini payla\u015ft\u0131.<\/p>\n<p>2 g\u00fcn s\u00fcren ve CHP Genel Ba\u015fkan\u0131 Kemal K\u0131l\u0131\u00e7daro\u011flu&#8217;nun a\u00e7\u0131l\u0131\u015f\u0131n\u0131 yapt\u0131\u011f\u0131 \u00e7al\u0131\u015ftayda, farkl\u0131 paneller ve sunumlar ger\u00e7ekle\u015fti. Ba\u015fkanlar\u0131n s\u00f6z alarak talep ve \u00f6nerilerini de dile getirdi\u011fi \u00e7al\u0131\u015ftayda, ortak sorunlar ele al\u0131nd\u0131. \u00c7al\u0131\u015ftay, CHP Lideri K\u0131l\u0131\u00e7daro\u011flu&#8217;nun konu\u015fmas\u0131n\u0131n ard\u0131ndan toplu aile foto\u011fraf\u0131 ile sona erdi.<\/p>\n","protected":false},"excerpt":{"rendered":"<p>Mersin B\u00fcy\u00fck\u015fehir Belediye Ba\u015fkan\u0131 Vahap Se\u00e7er, Cumhuriyet Halk Partisi (CHP) taraf\u0131ndan Van&#8217;da ger\u00e7ekle\u015ftirilen &#8216;Belediye Ba\u015fkanlar\u0131 \u00c7al\u0131\u015ftay\u0131&#8217;na kat\u0131ld\u0131. CHP Genel Ba\u015fkan\u0131 Kemal K\u0131l\u0131\u00e7daro\u011flu&#8217;nun da kat\u0131l\u0131mlar\u0131yla ger\u00e7ekle\u015ftirilen \u00e7al\u0131\u015ftayda, T\u00fcrkiye&#8217;nin d\u00f6rt bir yan\u0131ndan &hellip; <a href=\"https:\/\/akdenizolaygazetesi.com\/?p=18953\" class=\"more-link\">Devam\u0131n\u0131 Oku&#8230;<\/a><\/p>\n","protected":false},"author":2,"featured_media":18954,"comment_status":"open","ping_status":"open","sticky":false,"template":"","format":"standard","meta":[],"categories":[1,2,3,6],"tags":[],"_links":{"self":[{"href":"https:\/\/akdenizolaygazetesi.com\/index.php?rest_route=\/wp\/v2\/posts\/18953"}],"collection":[{"href":"https:\/\/akdenizolaygazetesi.com\/index.php?rest_route=\/wp\/v2\/posts"}],"about":[{"href":"https:\/\/akdenizolaygazetesi.com\/index.php?rest_route=\/wp\/v2\/types\/post"}],"author":[{"embeddable":true,"href":"https:\/\/akdenizolaygazetesi.com\/index.php?rest_route=\/wp\/v2\/users\/2"}],"replies":[{"embeddable":true,"href":"https:\/\/akdenizolaygazetesi.com\/index.php?rest_route=%2Fwp%2Fv2%2Fcomments&post=18953"}],"version-history":[{"count":1,"href":"https:\/\/akdenizolaygazetesi.com\/index.php?rest_route=\/wp\/v2\/posts\/18953\/revisions"}],"predecessor-version":[{"id":18955,"href":"https:\/\/akdenizolaygazetesi.com\/index.php?rest_route=\/wp\/v2\/posts\/18953\/revisions\/18955"}],"wp:featuredmedia":[{"embeddable":true,"href":"https:\/\/akdenizolaygazetesi.com\/index.php?rest_route=\/wp\/v2\/media\/18954"}],"wp:attachment":[{"href":"https:\/\/akdenizolaygazetesi.com\/index.php?rest_route=%2Fwp%2Fv2%2Fmedia&parent=18953"}],"wp:term":[{"taxonomy":"category","embeddable":true,"href":"https:\/\/akdenizolaygazetesi.com\/index.php?rest_route=%2Fwp%2Fv2%2Fcategories&post=18953"},{"taxonomy":"post_tag","embeddable":true,"href":"https:\/\/akdenizolaygazetesi.com\/index.php?rest_route=%2Fwp%2Fv2%2Ftags&post=18953"}],"curies":[{"name":"wp","href":"https:\/\/api.w.org\/{rel}","templated":true}]}}