{"id":18959,"date":"2022-05-29T10:57:20","date_gmt":"2022-05-29T07:57:20","guid":{"rendered":"http:\/\/akdenizolaygazetesi.com\/?p=18959"},"modified":"2022-05-29T10:57:20","modified_gmt":"2022-05-29T07:57:20","slug":"buyuksehirin-plajlarinda-mavi-bayrak-sayisi-5e-yukseldi","status":"publish","type":"post","link":"https:\/\/akdenizolaygazetesi.com\/?p=18959","title":{"rendered":"B\u00dcY\u00dcK\u015eEH\u0130R&#8217;\u0130N PLAJLARINDA MAV\u0130 BAYRAK SAYISI 5&#8217;E Y\u00dcKSELD\u0130"},"content":{"rendered":"<p>Mersin B\u00fcy\u00fck\u015fehir Belediyesi Denizk\u0131z\u0131 Turizm A.\u015e.&#8217;nin i\u015fletti\u011fi halk plajlar\u0131n\u0131n t\u00fcm\u00fc 1 Haziran&#8217;dan itibaren yaz sezonuna a\u00e7\u0131l\u0131yor. Aralar\u0131nda K\u0131zkalesi, Yaprakl\u0131koy ve Susano\u011flu&#8217;nun da bulundu\u011fu 6 plajda tatilcileri a\u011f\u0131rlamaya ba\u015flayan B\u00fcy\u00fck\u015fehir, 6 plajda ise son haz\u0131rl\u0131klar\u0131 yap\u0131yor.<\/p>\n<p>B\u00fcy\u00fck\u015fehir&#8217;in plajlar\u0131nda Mavi Bayrak say\u0131s\u0131 bu sene 5&#8217;e y\u00fckseldi<\/p>\n<p>Erdemli&#8217;den Silifke&#8217;ye uzanan Akdeniz sahillerinde K\u0131zkalesi, Susano\u011flu, Yaprakl\u0131koy, Yemi\u015fkumu, Kocahasanl\u0131, Kumkuyu, T\u0131rtar, T\u00f6bank, Sultankoyu, Akkum, Limonlu ve Kocahasanl\u0131 halk plajlar\u0131n\u0131 i\u015fleten Mersin B\u00fcy\u00fck\u015fehir Belediyesi, Mavi Bayrak say\u0131s\u0131n\u0131 da bu y\u0131l 5&#8217;e y\u00fckseltti.<\/p>\n<p>B\u00fcy\u00fck\u015fehir Belediyesi Denizk\u0131z\u0131 Turizm A.\u015e. Genel M\u00fcd\u00fcr Yard\u0131mc\u0131s\u0131 Ahmet Y\u0131ld\u0131z, plajlarda ge\u00e7en y\u0131l 3 adet Mavi Bayrak bulundu\u011funu belirterek, &#8220;Ge\u00e7ti\u011fimiz y\u0131l Susano\u011flu Halk Plaj\u0131&#8217;nda 2 adet olan Mavi Bayrak say\u0131m\u0131z\u0131 bu y\u0131l da koruduk. Ge\u00e7ti\u011fimiz y\u0131l K\u0131zkalesi sahilinde 1 adet olan Mavi Bayrak say\u0131m\u0131z\u0131 bu y\u0131l 2&#8217;ye \u00e7\u0131kartt\u0131k. Hi\u00e7 mavi bayra\u011f\u0131 olmayan Kocahasanl\u0131 Halk Plaj\u0131m\u0131za da bu y\u0131l Mavi Bayrak kazand\u0131rd\u0131k&#8221; dedi. Y\u0131ld\u0131z, Mavi Bayrak say\u0131s\u0131n\u0131 her ge\u00e7en y\u0131l art\u0131rmak i\u00e7in \u00e7al\u0131\u015fmalar\u0131 ve g\u00f6r\u00fc\u015fmeleri s\u00fcrd\u00fcrd\u00fcklerini vurgulad\u0131.<\/p>\n<p>&#8220;1 Haziran itibariyle 12 plaj\u0131m\u0131zda aktif hizmet verilecektir&#8221;<\/p>\n<p>Mersin B\u00fcy\u00fck\u015fehir&#8217;e ait t\u00fcm plajlarda 1 Haziran&#8217;dan itibaren sezonun a\u00e7\u0131laca\u011f\u0131 bilgisini veren Y\u0131ld\u0131z, &#8220;Toplamda 12 halk plaj\u0131m\u0131z bulunmakta. 6 halk plaj\u0131m\u0131z \u015fu anda aktif hizmet vermekte. Di\u011fer 6 halk plaj\u0131m\u0131zda \u00e7al\u0131\u015fmalar devam ediyor. 1 Haziran 2022 itibariyle 12 plaj\u0131m\u0131zda aktif hizmet verilecektir. Vatanda\u015flar\u0131m\u0131z\u0131 bu y\u0131l da g\u00fclery\u00fczl\u00fc ve kaliteli bir hizmet bekliyor. Plajlar\u0131m\u0131zda art\u0131r\u0131lm\u0131\u015f \u015fezlong, \u015femsiye, du\u015f, soyunma kabini ve WC&#8217;lerimiz bulunmakta. Loca alanlar\u0131m\u0131z ve engelli rampalar\u0131m\u0131z mevcut. Kafelerimizde yiyecek-i\u00e7ecek \u00fcr\u00fcnlerimizin de uygun fiyata ve hijyenik bir \u015fekilde vatanda\u015flar\u0131m\u0131za sunumunu ger\u00e7ekle\u015ftirece\u011fiz. 2022 y\u0131l\u0131 yaz\u0131nda t\u00fcm vatanda\u015flar\u0131m\u0131z\u0131 Mersin B\u00fcy\u00fck\u015fehir Belediyesi plajlar\u0131na bekliyoruz&#8221; diye konu\u015ftu.<\/p>\n<p>&#8220;Pandemi etkisi azalmas\u0131na ra\u011fmen tedbirleri bu y\u0131l da harfiyen uyguluyoruz&#8221;<\/p>\n<p>Plajlarda hijyen tedbirlerine de b\u00fcy\u00fck \u00f6nem verdiklerini s\u00f6zlerine ekleyen Y\u0131ld\u0131z, &#8220;2020 y\u0131l\u0131nda pandemiyle beraber b\u00fcfelerimizde kullan at \u00fcr\u00fcnlerini kullanmaya ba\u015flad\u0131k. WC ve du\u015f say\u0131lar\u0131m\u0131z\u0131 art\u0131rd\u0131k. Soyunma kabinlerimizin say\u0131s\u0131n\u0131 art\u0131rd\u0131k. 1,5 metre mesafeye uygun 3&#8217;e 3 olmak \u00fczere 9 metrekarelik localar halinde \u015fezlong kullan\u0131m alan\u0131 sa\u011flad\u0131k. Pandeminin etkisi azalmas\u0131na ra\u011fmen Mersin B\u00fcy\u00fck\u015fehir Belediyesi olarak bu tedbirleri bu y\u0131l da harfiyen uyguluyoruz&#8221; ifadelerine yer verdi.<\/p>\n<p>B\u00fcy\u00fck\u015fehir personeli plajlarda g\u00f6rev ba\u015f\u0131nda<\/p>\n<p>Kafede kasiyer olarak g\u00f6rev yapan Serap Koyak, &#8220;Kafelerimiz bu sene de Belediyemizin plajlar\u0131nda hizmet veriyor. Ben de K\u0131zkalesi plaj\u0131ndaki kafemizde g\u00f6revliyim. Kafelerimizde bu sene de g\u00fclery\u00fczl\u00fc hizmet, \u00e7e\u015fit \u00e7e\u015fit lezzet ve uygun fiyatl\u0131 \u00fcr\u00fcnler bulunduruyoruz. Plajlar\u0131m\u0131za gelen misafirlerimizi kafelerimize de bekliyoruz&#8221; derken, K\u0131zkalesi Halk Plaj\u0131&#8217;nda g\u00f6revli Enes Emir Ta\u015f ise &#8220;Buraya gelen misafirlerimiz g\u00f6n\u00fcl rahatl\u0131\u011f\u0131yla denize girebilirler. Belediyemizin plajlar\u0131nda g\u00f6revimizin ba\u015f\u0131nday\u0131z&#8221; diye konu\u015ftu.<\/p>\n<p>3 ku\u015fak K\u0131zkalesi&#8217;ne gelen K\u0131l\u0131\u00e7 ailesi deniz sezonunu a\u00e7t\u0131<\/p>\n<p>\u0130skenderun&#8217;dan gelen K\u0131l\u0131\u00e7 ailesi sezonu K\u0131zkalesi Halk Plaj\u0131&#8217;nda a\u00e7t\u0131. 3 ku\u015fak denize gelen K\u0131l\u0131\u00e7 ailesinin k\u00fc\u00e7\u00fc\u011f\u00fc Yi\u011fit Efe K\u0131l\u0131\u00e7, &#8220;Deniz \u00e7ok g\u00fczel. \u0130lerlere kadar gidebiliyorum, hi\u00e7 derin de\u011fil. Kumu \u00e7ok g\u00fczel, \u00e7ok yumu\u015fak ve s\u0131cak. Ailemle geldim. Yaz boyu da gelece\u011fiz. K\u0131zkalesi&#8217;ni \u00e7ok seviyorum, K\u0131zkalesi beni \u00e7ok mutlu ediyor&#8221; dedi.<\/p>\n<p>Yi\u011fit Efe&#8217;nin babas\u0131 Fatih K\u0131l\u0131\u00e7, &#8220;Mersin&#8217;e ilk geli\u015fimiz de\u011fil, daha \u00f6nce de \u00e7ok kere geldik. Mersin&#8217;i seviyoruz. T\u00fcm plajlar\u0131 g\u00fczel, K\u0131zkalesi ayr\u0131 g\u00fczel. Manzaras\u0131, plaj\u0131, denizi her \u015feyi \u00e7ok g\u00fczel. Mersin B\u00fcy\u00fck\u015fehir Belediyesi plajlar konusunda ger\u00e7ekten ba\u015far\u0131l\u0131, i\u015fini g\u00fczel yap\u0131yor&#8221; diye konu\u015ftu.<\/p>\n<p>Dede Ramazan K\u0131l\u0131\u00e7 ise \u015funlar\u0131 s\u00f6yledi: &#8220;\u00d6zellikle Akdeniz sahillerini tercih ediyorum. Ailemle birlikte Akdeniz sahillerinde g\u00fczel buldu\u011fumuz plajlara her y\u0131l geliyoruz. B\u00fcy\u00fck\u015fehir Belediyesi&#8217;ne plajlardaki temizlik, d\u00fczen, hassasiyet ve g\u00fcven i\u00e7in \u00e7ok te\u015fekk\u00fcr ediyoruz. \u00c7ok g\u00fcvendi\u011fimiz bir yer oldu\u011fu i\u00e7in de s\u00fcrekli tercih ediyoruz. M\u00fcmk\u00fcn oldu\u011funca her yaz gelmeyi tercih ediyoruz. \u00c7ok memnunuz. Ailemizle, \u00e7oluk \u00e7ocu\u011fumuzla g\u00fcven i\u00e7erisinde \u00e7ok rahatl\u0131kla gelip tatilimizi yapabiliyoruz.&#8221;<\/p>\n","protected":false},"excerpt":{"rendered":"<p>Mersin B\u00fcy\u00fck\u015fehir Belediyesi Denizk\u0131z\u0131 Turizm A.\u015e.&#8217;nin i\u015fletti\u011fi halk plajlar\u0131n\u0131n t\u00fcm\u00fc 1 Haziran&#8217;dan itibaren yaz sezonuna a\u00e7\u0131l\u0131yor. Aralar\u0131nda K\u0131zkalesi, Yaprakl\u0131koy ve Susano\u011flu&#8217;nun da bulundu\u011fu 6 plajda tatilcileri a\u011f\u0131rlamaya ba\u015flayan B\u00fcy\u00fck\u015fehir, 6 &hellip; <a href=\"https:\/\/akdenizolaygazetesi.com\/?p=18959\" class=\"more-link\">Devam\u0131n\u0131 Oku&#8230;<\/a><\/p>\n","protected":false},"author":2,"featured_media":18960,"comment_status":"open","ping_status":"open","sticky":false,"template":"","format":"standard","meta":[],"categories":[3,5],"tags":[],"_links":{"self":[{"href":"https:\/\/akdenizolaygazetesi.com\/index.php?rest_route=\/wp\/v2\/posts\/18959"}],"collection":[{"href":"https:\/\/akdenizolaygazetesi.com\/index.php?rest_route=\/wp\/v2\/posts"}],"about":[{"href":"https:\/\/akdenizolaygazetesi.com\/index.php?rest_route=\/wp\/v2\/types\/post"}],"author":[{"embeddable":true,"href":"https:\/\/akdenizolaygazetesi.com\/index.php?rest_route=\/wp\/v2\/users\/2"}],"replies":[{"embeddable":true,"href":"https:\/\/akdenizolaygazetesi.com\/index.php?rest_route=%2Fwp%2Fv2%2Fcomments&post=18959"}],"version-history":[{"count":1,"href":"https:\/\/akdenizolaygazetesi.com\/index.php?rest_route=\/wp\/v2\/posts\/18959\/revisions"}],"predecessor-version":[{"id":18961,"href":"https:\/\/akdenizolaygazetesi.com\/index.php?rest_route=\/wp\/v2\/posts\/18959\/revisions\/18961"}],"wp:featuredmedia":[{"embeddable":true,"href":"https:\/\/akdenizolaygazetesi.com\/index.php?rest_route=\/wp\/v2\/media\/18960"}],"wp:attachment":[{"href":"https:\/\/akdenizolaygazetesi.com\/index.php?rest_route=%2Fwp%2Fv2%2Fmedia&parent=18959"}],"wp:term":[{"taxonomy":"category","embeddable":true,"href":"https:\/\/akdenizolaygazetesi.com\/index.php?rest_route=%2Fwp%2Fv2%2Fcategories&post=18959"},{"taxonomy":"post_tag","embeddable":true,"href":"https:\/\/akdenizolaygazetesi.com\/index.php?rest_route=%2Fwp%2Fv2%2Ftags&post=18959"}],"curies":[{"name":"wp","href":"https:\/\/api.w.org\/{rel}","templated":true}]}}