{"id":1896,"date":"2020-11-04T18:22:25","date_gmt":"2020-11-04T15:22:25","guid":{"rendered":"http:\/\/mersinekonomipolitikagazetesi.com\/?p=1896"},"modified":"2020-11-04T18:22:25","modified_gmt":"2020-11-04T15:22:25","slug":"mersine-2-belek","status":"publish","type":"post","link":"https:\/\/akdenizolaygazetesi.com\/?p=1896","title":{"rendered":"Mersin&#8217;e 2. Belek"},"content":{"rendered":"<p>Kalk\u0131nma Bakan\u0131 L\u00fctfi Elvan, Mersin&#8217;in Kazanl\u0131 B\u00f6lgesi&#8217;ne 4 milyarl\u0131k yat\u0131r\u0131m yap\u0131laca\u011f\u0131n\u0131 belirterek, &#8220;Mersin\u2019i ikinci Belek yapaca\u011f\u0131z. Yat\u0131r\u0131mc\u0131lar projelerini haz\u0131rl\u0131yor, otellerin temelini bu y\u0131l ataca\u011f\u0131z&#8221; dedi.<\/p>\n<p><span style=\"font-size:16px;\"><span style=\"font-family: sans-serif; line-height: 20px; text-align: justify; background-color: rgb(242, 244, 245);\">AK Parti Mersin \u0130l Ba\u015fkanl\u0131\u011f\u0131&#8217;ndan yap\u0131lan a\u00e7\u0131klamada, Mersin-Tarsus Kazanl\u0131 K\u00fclt\u00fcr ve Turizm Koruma ve Geli\u015fim B\u00f6lgesi yat\u0131r\u0131mlar\u0131na h\u0131z katacak devlet desteklerine ili\u015fkin Bakanlar Kurulu karar\u0131n\u0131n Resmi Gazete\u2019de yay\u0131nland\u0131\u011f\u0131 bildirildi. Bu kapsamda, 7 bin 500 yatak kapasitesine sahip turizm yat\u0131r\u0131mlar\u0131 i\u00e7in faiz deste\u011fi, vergi indirimi deste\u011fi, sigorta primi i\u015fveren deste\u011fi gibi konularda yeni avantajlar sa\u011fland\u0131\u011f\u0131 kaydedildi. S\u00f6z konusu desteklerle birlikte Tarsus-Kazanl\u0131 Turizm B\u00f6lgesi\u2019nde yat\u0131r\u0131m yapacak olan firmalar\u0131n hemen harekete ge\u00e7ti\u011fi ve yat\u0131r\u0131ma ili\u015fkin uygulama projelerini haz\u0131rlamaya ba\u015flad\u0131\u011f\u0131 aktar\u0131ld\u0131.\u00a0<\/span><br style=\"box-sizing: border-box; font-family: sans-serif; font-size: 14px; line-height: 20px; text-align: justify; background-color: rgb(242, 244, 245);\" \/><br \/>\n<span style=\"font-family: sans-serif; line-height: 20px; text-align: justify; background-color: rgb(242, 244, 245);\">Konuyla ilgili a\u00e7\u0131klama yapan Kalk\u0131nma Bakan\u0131 L\u00fctfi Elvan, Tarsus-Kazanl\u0131 b\u00f6lgesine 4 milyar liral\u0131k yat\u0131r\u0131r\u0131m yap\u0131laca\u011f\u0131n\u0131 belirterek, &#8220;Kazanl\u0131, T\u00fcrkiye&#8217;nin ikinci Belek&#8217;i olacak. Tarsus Kazanl\u0131 b\u00f6lgesi 10 kilometre sahili olan, arkas\u0131 tamamen ormanl\u0131k ve turizm a\u00e7\u0131s\u0131ndan olduk\u00e7a cazip bir yer. T\u00fcrk yat\u0131r\u0131mc\u0131lar oraya 4 milyar TL\u2019lik bir yat\u0131r\u0131m yapacaklar. Kazanl\u0131 Turizm Koruma ve Geli\u015ftirme B\u00f6lgesi diyoruz. \u015eu anda firmalar uygulama projelerini haz\u0131rl\u0131yor, otellerin temelini bu y\u0131l ataca\u011f\u0131z. T\u00fcrkiye i\u00e7in son derece \u00f6nemli bir yat\u0131r\u0131m&#8221; diye konu\u015ftu.\u00a0<\/span><br style=\"box-sizing: border-box; font-family: sans-serif; font-size: 14px; line-height: 20px; text-align: justify; background-color: rgb(242, 244, 245);\" \/><br \/>\n<span style=\"font-family: sans-serif; line-height: 20px; text-align: justify; background-color: rgb(242, 244, 245);\">Yat\u0131r\u0131m\u0131n hayata ge\u00e7irilmesiyle birlikte b\u00f6lgenin, T\u00fcrkiye ekonomisine b\u00fcy\u00fck katk\u0131 sa\u011flayaca\u011f\u0131n\u0131 belirten Elvan, &#8220;8 bin yatak kapasiteli bir yat\u0131r\u0131m olacak. 5 bin do\u011frudan istihdam sa\u011flayacak. \u00c7ok ciddi bir katk\u0131 getirecek T\u00fcrkiye ekonomisine. O b\u00f6lgenin de turizm a\u00e7\u0131s\u0131ndan geli\u015fmesine \u00e7ok katk\u0131 sa\u011flayacak&#8221; \u015feklinde konu\u015ftu.\u00a0<\/span><\/span><\/p>\n","protected":false},"excerpt":{"rendered":"<p>Kalk\u0131nma Bakan\u0131 L\u00fctfi Elvan, Mersin&#8217;in Kazanl\u0131 B\u00f6lgesi&#8217;ne 4 milyarl\u0131k yat\u0131r\u0131m yap\u0131laca\u011f\u0131n\u0131 belirterek, &#8220;Mersin\u2019i ikinci Belek yapaca\u011f\u0131z. Yat\u0131r\u0131mc\u0131lar projelerini haz\u0131rl\u0131yor, otellerin temelini bu y\u0131l ataca\u011f\u0131z&#8221; dedi. AK Parti Mersin \u0130l Ba\u015fkanl\u0131\u011f\u0131&#8217;ndan &hellip; <a href=\"https:\/\/akdenizolaygazetesi.com\/?p=1896\" class=\"more-link\">Devam\u0131n\u0131 Oku&#8230;<\/a><\/p>\n","protected":false},"author":1,"featured_media":0,"comment_status":"open","ping_status":"open","sticky":false,"template":"","format":"standard","meta":[],"categories":[],"tags":[],"_links":{"self":[{"href":"https:\/\/akdenizolaygazetesi.com\/index.php?rest_route=\/wp\/v2\/posts\/1896"}],"collection":[{"href":"https:\/\/akdenizolaygazetesi.com\/index.php?rest_route=\/wp\/v2\/posts"}],"about":[{"href":"https:\/\/akdenizolaygazetesi.com\/index.php?rest_route=\/wp\/v2\/types\/post"}],"author":[{"embeddable":true,"href":"https:\/\/akdenizolaygazetesi.com\/index.php?rest_route=\/wp\/v2\/users\/1"}],"replies":[{"embeddable":true,"href":"https:\/\/akdenizolaygazetesi.com\/index.php?rest_route=%2Fwp%2Fv2%2Fcomments&post=1896"}],"version-history":[{"count":0,"href":"https:\/\/akdenizolaygazetesi.com\/index.php?rest_route=\/wp\/v2\/posts\/1896\/revisions"}],"wp:attachment":[{"href":"https:\/\/akdenizolaygazetesi.com\/index.php?rest_route=%2Fwp%2Fv2%2Fmedia&parent=1896"}],"wp:term":[{"taxonomy":"category","embeddable":true,"href":"https:\/\/akdenizolaygazetesi.com\/index.php?rest_route=%2Fwp%2Fv2%2Fcategories&post=1896"},{"taxonomy":"post_tag","embeddable":true,"href":"https:\/\/akdenizolaygazetesi.com\/index.php?rest_route=%2Fwp%2Fv2%2Ftags&post=1896"}],"curies":[{"name":"wp","href":"https:\/\/api.w.org\/{rel}","templated":true}]}}