{"id":18962,"date":"2022-05-30T12:24:35","date_gmt":"2022-05-30T09:24:35","guid":{"rendered":"http:\/\/akdenizolaygazetesi.com\/?p=18962"},"modified":"2022-05-30T12:24:35","modified_gmt":"2022-05-30T09:24:35","slug":"dunyaca-unlu-kazakistanli-muzik-toplulugu-turan-ethno-folk-band-sanatseverleri-mest-etti","status":"publish","type":"post","link":"https:\/\/akdenizolaygazetesi.com\/?p=18962","title":{"rendered":"&#8220;D\u00dcNYACA \u00dcNL\u00dc KAZAK\u0130STANLI M\u00dcZ\u0130K TOPLULU\u011eU TURAN ETHNO FOLK BAND, SANATSEVERLER\u0130 MEST ETT\u0130&#8221;"},"content":{"rendered":"<p>Ba\u015fkan Y\u0131lmaz, y\u00f6resel k\u0131yafetle sahneye \u00e7\u0131karak, Ethno Folk Band grubuyla Anayurt Mar\u015f\u0131&#8217;n\u0131 s\u00f6yledi. Konserde, t\u00fcm d\u00fcnyaya Toroslar&#8217;dan birlik ve beraberli\u011fin en g\u00fczel foto\u011fraf karesi verildi.<\/p>\n<p>D\u00fcnyaca \u00fcnl\u00fc Kazakistanl\u0131 m\u00fczik toplulu\u011fu Turan Ethno Folk Band, Toroslar&#8217;da muhte\u015fem bir konser vererek sanatseverleri mest etti.<\/p>\n<p>Toroslar Belediyesi&#8217;nin payda\u015f\u0131 oldu\u011fu 20&#8217;nci Mersin Uluslararas\u0131 M\u00fczik Festivali kapsam\u0131nda Toroslar Belediyesi Amfi Tiyatroda binlerce vatanda\u015fla bulu\u015fan ve y\u00f6resel k\u0131yafetleriyle sahneye \u00e7\u0131kan m\u00fczik toplulu\u011funa Toroslar Belediye Ba\u015fkan\u0131 Ats\u0131z Af\u015f\u0131n Y\u0131lmaz da y\u00f6resel k\u0131yafet giyerek e\u015flik etti.<\/p>\n<p>&#8220;Konsere &#8216;Anayurt Mar\u015f\u0131&#8217; Damga Vurdu&#8221;<\/p>\n<p>Toroslar Belediyesi Teknik ve Mesleki E\u011fitim Kurslar\u0131&#8217;nda (TORTEK) \u00f6zenle haz\u0131rlanan y\u00f6resel k\u0131yafet ile sahneye \u00e7\u0131kan Ba\u015fkan Y\u0131lmaz, geleneksel T\u00fcrk ezgilerinin y\u00fckseldi\u011fi gecede Anayurt Mar\u015f\u0131&#8217;n\u0131; grup \u00fcyeleri, vatanda\u015flar ve T\u00fcrk d\u00fcnyas\u0131ndan \u00f6\u011frencilerle birlikte s\u00f6yledi.<\/p>\n<p>Hep bir a\u011f\u0131zdan s\u00f6ylenen; &#8220;\u00d6zbek, T\u00fcrkmen, Uygur, Tatar, \u00c2zer; bir boydur,  Karakalpak, K\u0131rg\u0131z, Kazak; bunlar bir soydur&#8221; s\u00f6zleriyle konserdeki co\u015fku ise doru\u011fa ula\u015ft\u0131. Ba\u015fkan Y\u0131lmaz, Anayurt Mar\u015f\u0131&#8217;n\u0131n s\u00f6z ve m\u00fczi\u011fini d\u00fcnyaya kazand\u0131ran Mehmet Sabir Karger&#8217;e de te\u015fekk\u00fcr etti.<\/p>\n<p>Konser s\u0131ras\u0131nda \u00f6\u011frencilerle birlikte y\u00f6resel oyun da oynayan Ba\u015fkan Y\u0131lmaz; &#8220;T\u00fcrk d\u00fcnyas\u0131n\u0131n kalbi Toroslar\u0131m\u0131zda att\u0131. D\u00fcnyaca \u00fcnl\u00fc Turan Ethno Folk Band toplulu\u011funu il\u00e7emizde a\u011f\u0131rlamaktan b\u00fcy\u00fck mutluluk duyduk&#8221; dedi.<\/p>\n<p>Kazakistanl\u0131 m\u00fczik toplulu\u011fu Turan Ethno Folk Band, Toroslar&#8217;da verdi\u011fi konser ile e\u015fsiz bir gece ya\u015fatt\u0131. Serik Nurmoldaev, Baurjan Bekmuhanbetov, Maksat Medeubek, Erji\u011fit Aliev, Jantu Dadabaev isimlerinden olu\u015fan topluluk;  eski ulusal \u00e7alg\u0131 seslerini \u00e7a\u011fda\u015f uygulama ve yorumla bulu\u015fturduklar\u0131 konserde sanatseverlerden b\u00fcy\u00fck alk\u0131\u015f ald\u0131.<\/p>\n<p>Festival Y\u00fcr\u00fctme Kurulu Ba\u015fkan\u0131 Ya\u011fc\u0131; &#8220;Ats\u0131z Ba\u015fkan\u0131m\u0131z Her Zaman Yan\u0131m\u0131zda&#8221;<\/p>\n<p>Mersin Uluslararas\u0131 M\u00fczik Festivali Y\u00fcr\u00fctme Kurulu Ba\u015fkan\u0131 Selma Ya\u011fc\u0131, festivalin 2007 y\u0131l\u0131nda Avrupa Festivaller Birli\u011fi&#8217;ne kabul edildi\u011fini belirterek; &#8220;Her zaman yan\u0131m\u0131zda olan Ats\u0131z Af\u015f\u0131n Y\u0131lmaz Ba\u015fkan\u0131m\u0131za te\u015fekk\u00fcr ediyorum&#8221; dedi.<\/p>\n<p>Ba\u015fkan Y\u0131lmaz&#8217;dan; &#8220;G\u00fc\u00e7l\u00fc T\u00fcrkiye Vurgusu&#8221;<\/p>\n<p>Toroslar Belediye Ba\u015fkan\u0131 Ats\u0131z Af\u015f\u0131n Y\u0131lmaz ise Mersin&#8217;e uluslararas\u0131 bir festival kazand\u0131ran Mersin Uluslararas\u0131 M\u00fczik Festivali Y\u00fcr\u00fctme Kurulu Ba\u015fkan\u0131 Selma Ya\u011fc\u0131 ve y\u00fcr\u00fctme kurulu \u00fcyelerine emeklerinden dolay\u0131 te\u015fekk\u00fcr ederek, festivale her zaman destek olmaya devam edeceklerini s\u00f6yledi.<\/p>\n<p>Konu\u015fmas\u0131nda g\u00fc\u00e7l\u00fc T\u00fcrkiye&#8217;ye vurgu yapan Ba\u015fkan Y\u0131lmaz; &#8220;Bu dengesiz d\u00fcnyaya denge getirecek olan T\u00fcrk Devletleri Te\u015fkilat\u0131&#8217;n\u0131n aktif olmas\u0131yla sosyal, siyasi, ekonomik ve k\u00fclt\u00fcrel ili\u015fkilerimizi daha da geli\u015ftirmeliyiz. Ulu \u00d6nderimiz Gazi Mustafa Kemal Atat\u00fcrk&#8217;\u00fcn ifade etti\u011fi gibi g\u00fc\u00e7l\u00fc T\u00fcrkiye&#8217;de ya\u015famam\u0131z ve milletimizin, devletimizin g\u00fc\u00e7l\u00fc olmas\u0131 i\u00e7in Sel\u00e7uklu Kartal\u0131 gibi hem do\u011fu hem bat\u0131 dememiz gerekiyor. Allah&#8217;\u0131n izniyle g\u00fcc\u00fcm\u00fcz buradan geliyor. Konsere kat\u0131l\u0131m g\u00f6steren t\u00fcm hem\u015fehrilerime te\u015fekk\u00fcr ediyorum&#8221; diye konu\u015ftu.<\/p>\n<p>Ba\u015fkan Y\u0131lmaz&#8217;dan, Turan Ethno Folk Band Toplulu\u011fu&#8217;na En \u00d6zel Hediye<\/p>\n<p>G\u00f6rsel efektlerin de yer ald\u0131\u011f\u0131 konserin ard\u0131ndan Ba\u015fkan Y\u0131lmaz, Turan Ethno Folk Band Toplulu\u011fu&#8217;na plaket takdiminin yan\u0131 s\u0131ra \u00e7ok \u00f6zel bir koleksiyon ile te\u015fekk\u00fcr etti.<\/p>\n<p>Grup \u00fcyelerine iki g\u00fcm\u00fc\u015f para hediye eden Ba\u015fkan Y\u0131lmaz; &#8220;2021 y\u0131l\u0131nda T\u00fcrkiye Cumhuriyeti darphanesinde bas\u0131lan iki g\u00fcm\u00fc\u015f para var. Bunlar benim koleksiyonumdan. Bir tanesi Kazakistan Cumhuriyeti&#8217;nin 30&#8217;uncu kurulu\u015f y\u0131l d\u00f6n\u00fcm\u00fc nedeniyle bas\u0131ld\u0131. Bu paran\u0131n \u00fcst\u00fcnde G\u00f6kt\u00fcrk\u00e7e &#8220;T\u00fcrk&#8221; yaz\u0131yor. Kazakistan, G\u00f6kt\u00fcrk, Hun, Saka ve Alt\u0131n Orda&#8217;n\u0131n miras\u00e7\u0131s\u0131 ve T\u00fcrk d\u00fcnyas\u0131n\u0131n kalbi deniliyor. Bizim i\u00e7in bu para \u00e7ok k\u0131ymetli. \u0130kincisi de Hun Devleti&#8217;ne ili\u015fkin g\u00fcm\u00fc\u015f para. Grup \u00fcyelerimize hediye ediyorum&#8221; ifadelerini kulland\u0131.<\/p>\n<p>Turan Ethno Folk Band Toplulu\u011fu da Ba\u015fkan Y\u0131lmaz&#8217;a hem misafirperverli\u011fi hem de T\u00fcrk d\u00fcnyas\u0131na verdi\u011fi de\u011ferden dolay\u0131 te\u015fekk\u00fcr ederek, hediye takdim etti.<\/p>\n<p>Ba\u015fkan Y\u0131lmaz daha sonra grup \u00fcyelerini Buluklu Mahallesi&#8217;nde bulunan Kuvayimilliye Karargah\u0131&#8217;nda a\u011f\u0131rlayarak, karargah\u0131 tan\u0131tt\u0131. Musal\u0131 Mahallesi&#8217;nde ya\u015fat\u0131lan geleneksel sinsin oyununu da yine grup \u00fcyeleri ve hem\u015fehrileriyle birlikte oynayan Ba\u015fkan Y\u0131lmaz, k\u00fclt\u00fcrel mirasa sahip \u00e7\u0131kt\u0131klar\u0131n\u0131 bir kez daha g\u00f6sterdi.<\/p>\n","protected":false},"excerpt":{"rendered":"<p>Ba\u015fkan Y\u0131lmaz, y\u00f6resel k\u0131yafetle sahneye \u00e7\u0131karak, Ethno Folk Band grubuyla Anayurt Mar\u015f\u0131&#8217;n\u0131 s\u00f6yledi. Konserde, t\u00fcm d\u00fcnyaya Toroslar&#8217;dan birlik ve beraberli\u011fin en g\u00fczel foto\u011fraf karesi verildi. D\u00fcnyaca \u00fcnl\u00fc Kazakistanl\u0131 m\u00fczik toplulu\u011fu &hellip; <a href=\"https:\/\/akdenizolaygazetesi.com\/?p=18962\" class=\"more-link\">Devam\u0131n\u0131 Oku&#8230;<\/a><\/p>\n","protected":false},"author":2,"featured_media":18963,"comment_status":"open","ping_status":"open","sticky":false,"template":"","format":"standard","meta":[],"categories":[3],"tags":[],"_links":{"self":[{"href":"https:\/\/akdenizolaygazetesi.com\/index.php?rest_route=\/wp\/v2\/posts\/18962"}],"collection":[{"href":"https:\/\/akdenizolaygazetesi.com\/index.php?rest_route=\/wp\/v2\/posts"}],"about":[{"href":"https:\/\/akdenizolaygazetesi.com\/index.php?rest_route=\/wp\/v2\/types\/post"}],"author":[{"embeddable":true,"href":"https:\/\/akdenizolaygazetesi.com\/index.php?rest_route=\/wp\/v2\/users\/2"}],"replies":[{"embeddable":true,"href":"https:\/\/akdenizolaygazetesi.com\/index.php?rest_route=%2Fwp%2Fv2%2Fcomments&post=18962"}],"version-history":[{"count":1,"href":"https:\/\/akdenizolaygazetesi.com\/index.php?rest_route=\/wp\/v2\/posts\/18962\/revisions"}],"predecessor-version":[{"id":18964,"href":"https:\/\/akdenizolaygazetesi.com\/index.php?rest_route=\/wp\/v2\/posts\/18962\/revisions\/18964"}],"wp:featuredmedia":[{"embeddable":true,"href":"https:\/\/akdenizolaygazetesi.com\/index.php?rest_route=\/wp\/v2\/media\/18963"}],"wp:attachment":[{"href":"https:\/\/akdenizolaygazetesi.com\/index.php?rest_route=%2Fwp%2Fv2%2Fmedia&parent=18962"}],"wp:term":[{"taxonomy":"category","embeddable":true,"href":"https:\/\/akdenizolaygazetesi.com\/index.php?rest_route=%2Fwp%2Fv2%2Fcategories&post=18962"},{"taxonomy":"post_tag","embeddable":true,"href":"https:\/\/akdenizolaygazetesi.com\/index.php?rest_route=%2Fwp%2Fv2%2Ftags&post=18962"}],"curies":[{"name":"wp","href":"https:\/\/api.w.org\/{rel}","templated":true}]}}