{"id":18971,"date":"2022-05-30T12:30:12","date_gmt":"2022-05-30T09:30:12","guid":{"rendered":"http:\/\/akdenizolaygazetesi.com\/?p=18971"},"modified":"2022-05-30T12:30:12","modified_gmt":"2022-05-30T09:30:12","slug":"yenisehir-belediyesi-ev-ziyaretleriyleaileleri-projeye-dahil-ediyor","status":"publish","type":"post","link":"https:\/\/akdenizolaygazetesi.com\/?p=18971","title":{"rendered":"Yeni\u015fehir Belediyesi ev ziyaretleriyleaileleri projeye d\u00e2hil ediyor"},"content":{"rendered":"<p>Mersin Yeni\u015fehir Belediyesi ekipleri vatanda\u015flar\u0131 evlerinde ziyaret ederek, Erken \u00c7ocukluk Geli\u015fimi Projesi kapsam\u0131nda yap\u0131lan \u00fccretsiz geli\u015fim tarama ve de\u011ferlendirme uygulamalar\u0131 i\u00e7in 0-6 ya\u015f aras\u0131nda \u00e7ocu\u011fu olan aileleri Yeni\u015fehir Belediyesi Akademiye davet ediyor.<br \/>\nYeni\u015fehir Belediyesi, T\u00fcrkiye\u2019de bir ilke imza atarak hayata ge\u00e7irdi\u011fi Erken \u00c7ocukluk Geli\u015fimi Projesi \u00e7er\u00e7evesinde \u00e7al\u0131\u015fmalar\u0131na aral\u0131ks\u0131z bir \u015fekilde devam ediyor. Bug\u00fcne kadar y\u00fczlerce \u00e7ocuk proje kapsam\u0131nda yap\u0131lan ve geli\u015fimsel problemlerin tespit edilmesini sa\u011flayan 0-6 Ya\u015f Geli\u015fim De\u011ferlendirme uygulamalar\u0131na tabi tutuldu. Klinik psikolog e\u015fli\u011finde yap\u0131lan 0-6 Ya\u015f Geli\u015fim De\u011ferlendirme uygulamalar\u0131 ile Yeni\u015fehir Belediyesi \u00e7ocuklardaki geli\u015fimsel problemleri erken d\u00f6nemde tespit ederek, gerekli y\u00f6nlendirmeleri sa\u011fl\u0131yor. Yeni\u015fehir Belediyesi \u00e7ocuklar\u0131 erken ya\u015fta desteklemek amac\u0131yla hayata ge\u00e7irdi\u011fi projede uygulamalara tabi tutulan t\u00fcm \u00e7ocuklar\u0131n geli\u015fim s\u00fcre\u00e7lerini de takip ediyor.<br \/>\n\u00c7ocuklar\u0131n gelece\u011fi ve sa\u011fl\u0131kl\u0131 nesiller i\u00e7in \u00e7al\u0131\u015fmalar\u0131na devam eden Yeni\u015fehir Belediyesi, ev ziyaretlerinde de bulunarak, ailelere Erken \u00c7ocukluk Geli\u015fimi Projesi\u2019ni kapsaml\u0131 olarak anlat\u0131yor. Yeni\u015fehir Belediyesi ekipleri ziyaretlerinde 0-6 ya\u015f aras\u0131nda \u00e7ocu\u011fu olan aileleri de Edip Buran Kapal\u0131 Spor Salonu g\u00fcneyinde bulunan Yeni\u015fehir Belediyesi Akademiye davet ediyor.<br \/>\nYeni\u015fehir Belediye Ba\u015fkan\u0131 Abdullah \u00d6zyi\u011fit\u2019in g\u00f6reve ba\u015flad\u0131ktan sonra hayata ge\u00e7irdi\u011fi Erken \u00c7ocukluk E\u011fitimi Projesi; Yeni\u015fehir Modeli ile Yeni\u015fehir Belediyesi proje kapsam\u0131nda Yeni\u015fehir Belediyesi Akademiyi, Bebek K\u00fct\u00fcphanesi\u2019ni ve Beceri Temelli E\u011fitim Merkezi(BETEM)\u2019ni de kurarak, aile temelli erken \u00e7ocukluk geli\u015fimi e\u011fitimleri de veriyor.<\/p>\n<p>*PROJE HAKKINDA ED\u0130T\u00d6RE NOTLAR*<br \/>\nERKEN \u00c7OCUKLUK GEL\u0130\u015e\u0130M\u0130 PROJES\u0130; YEN\u0130\u015eEH\u0130R MODEL\u0130<br \/>\nT\u00fcrkiye\u2019de kapa\u011f\u0131 hi\u00e7 a\u00e7\u0131lmam\u0131\u015f olan erken \u00e7ocukluk e\u011fitimi i\u00e7in harekete ge\u00e7tik. \u201cHer Aile Bir Okuldur\u201d slogan\u0131yla hayata ge\u00e7irdi\u011fimiz proje ile T\u00fcrkiye\u2019de bir ilke imza att\u0131k.<br \/>\nYeni\u015fehir Belediyesi Akademiyi kurarak Marmara \u00dcniversitesi i\u015f birli\u011fiyle \u00e7ocuklardaki geli\u015fimsel sorunlar\u0131n erken d\u00f6nemde tespit edilmesini sa\u011fl\u0131yor ve verdi\u011fimiz e\u011fitimlerle \u00e7ocuklara ve ailelere destek veriyoruz.<br \/>\nProjemiz 7 ayr\u0131 basamaktan olu\u015fuyor.<br \/>\na-\tAile ve Evlilik Hayat\u0131 E\u011fitimi<br \/>\nProjenin ilk basama\u011f\u0131 olan bu e\u011fitimlerle bireylerin evlilik ve aile hayat\u0131na bilin\u00e7li ba\u015flamas\u0131n\u0131 ve kar\u015f\u0131la\u015ft\u0131klar\u0131 problemleri \u00e7\u00f6zme yetene\u011fi kazand\u0131rmay\u0131 hedefliyoruz.<br \/>\nb-\t0-3 Ya\u015f Erken \u00c7ocukluk E\u011fitimi<br \/>\nProjenin ikinci basama\u011f\u0131nda 0-3 ya\u015f aras\u0131nda \u00e7ocuklar\u0131 olan ebeveynlere \u00fccretsiz ve sertifikal\u0131 e\u011fitim veriyoruz.<br \/>\nYeni\u015fehir Belediyesi olarak bu e\u011fitimleri veren T\u00fcrkiye\u2019deki ilk kurumuz.<br \/>\nMarmara \u00dcniversitesinden uzman akademisyenler taraf\u0131ndan verilen 6 haftal\u0131k e\u011fitimlerden y\u00fczlerce hem\u015fehrimiz yararland\u0131.<br \/>\nPandemi nedeniyle e\u011fitimlerimizi online olarak verdik.<br \/>\nc-\t0-3 Ya\u015f Bebek K\u00fct\u00fcphanesi<br \/>\n0-3 ya\u015f aras\u0131 \u00e7ocuklar\u0131n dil-bili\u015fsel ve kavramsal geli\u015fimlerine katk\u0131 sa\u011flamak amac\u0131yla 1200 kitapl\u0131k Bebek K\u00fct\u00fcphanesi a\u00e7t\u0131k.<br \/>\nBebek K\u00fct\u00fcphanesi ile 0-3 ya\u015f aral\u0131\u011f\u0131ndaki \u00e7ocuklara ay gruplar\u0131na g\u00f6re belirlenmi\u015f kitaplarla destek sa\u011fl\u0131yoruz.<br \/>\n\u00c7ocuklara kitap okuman\u0131n beyin geli\u015fimine sa\u011flad\u0131\u011f\u0131 katk\u0131 sebebiyle bu d\u00f6nemde \u00e7ocuklar\u0131n kelime da\u011farc\u0131\u011f\u0131 ve alg\u0131 becerileri de geli\u015fiyor.<br \/>\nd-\t0-6 Ya\u015f Geli\u015fim De\u011ferlendirme<br \/>\nKlinik psikolog e\u015fli\u011finde yapt\u0131\u011f\u0131m\u0131z 0-6 Ya\u015f Geli\u015fim De\u011ferlendirme uygulamalar\u0131 ile \u00e7ocuklardaki geli\u015fimsel problemleri erken d\u00f6nemde tespit ederek, gerekli y\u00f6nlendirmeleri sa\u011fl\u0131yoruz.<br \/>\nBug\u00fcne kadar binin \u00fczerinde \u00e7ocu\u011fumuz Yeni\u015fehir Belediyesi Akademide geli\u015fim de\u011ferlendirme uygulamalar\u0131m\u0131za tabi tutuldu.<br \/>\nBir\u00e7ok \u00e7ocu\u011fumuzda geli\u015fimsel problemler tespit edildi. Bu \u00e7ocuklar\u0131m\u0131z\u0131n \u00e7o\u011fu iyile\u015fti veya iyile\u015fme s\u00fcrecine girdi.<br \/>\nYa\u015f\u0131tlar\u0131ndan ileri seviyede olan \u00e7ocuklar\u0131 da do\u011fru bir \u015fekilde y\u00f6nlendirdik. T\u00fcm \u00e7ocuklar\u0131m\u0131z\u0131n geli\u015fimlerini takip ediyoruz.<br \/>\ne-\t3-6 Ya\u015f Beceri Temelli E\u011fitim Merkezi (BETEM)<br \/>\nProje kapsam\u0131nda Fuat Morel Mahallemizde Beceri Temelli E\u011fitim Merkezini(BETEM) in\u015fa ederek, Eyl\u00fcl ay\u0131nda hizmete a\u00e7t\u0131k.<br \/>\nBETEM&#8217;de olu\u015fturdu\u011fumuz hareket, sanat, bilim, drama, m\u00fczik ve tasar\u0131m at\u00f6lyeleri ile her \u00e7ocu\u011fa \u00f6zel bireysel ve zenginle\u015ftirilmi\u015f e\u011fitim program\u0131 uyguluyoruz.<br \/>\nBETEM, ki\u015fiye \u00f6zel sa\u011fl\u0131kl\u0131 yemek men\u00fcleri, uyku odas\u0131 ve narenciye a\u011fa\u00e7lar\u0131n\u0131n yer ald\u0131\u011f\u0131 bah\u00e7esiyle \u00e7ocuklar i\u00e7in hem e\u011fitim ve hem de ya\u015fam alan\u0131.<br \/>\nBETEM\u2019de 12 lisans mezunu okul \u00f6ncesi \u00f6\u011fretmeni, psikolog, hem\u015fire ve uzman diyetisyen ile \u00e7ocuklar\u0131n geli\u015fimlerini yak\u0131ndan takip ediyoruz.<br \/>\n112 \u00e7ocuk kapasiteli BETEM\u2019i sadece \u00e7evre dostu binalara verilen LEED Sertifikas\u0131\u2019na uygun olarak in\u015fa ettik.<br \/>\nf-\t6-8 Ya\u015f At\u00f6lye Temelli E\u011fitim<br \/>\nAt\u00f6lye temelli e\u011fitimlerle Yeni\u015fehirli \u00e7ocuklar\u0131m\u0131z\u0131 gelece\u011fe bilimle haz\u0131rl\u0131yoruz.<br \/>\nFen, teknoloji, m\u00fchendislik ve matematik e\u011fitimlerinden olu\u015fan STEM e\u011fitim modelini uyguluyor ve Robotik kodlama ile satran\u00e7 e\u011fitimleriyle \u00e7ocuklar\u0131n geli\u015fimine katk\u0131da bulunuyoruz. Ayr\u0131ca \u00e7ocuklar\u0131m\u0131za yabanc\u0131 dil e\u011fitimleri de veriyoruz.<br \/>\ng-\t0-6 Ya\u015f Rehabilitasyon Merkezi<br \/>\nErken \u00c7ocukluk Geli\u015fimi Projemizin bile\u015fenlerinden biri olan 0-6 Ya\u015f \u00d6zel E\u011fitim ve Rehabilitasyon Merkezimizin yap\u0131m\u0131 i\u00e7in protokol imzalad\u0131k.<br \/>\nMerkezimizin projesi ve yeri haz\u0131r, yak\u0131n zamanda Barbaros Mahallesinde temelini ataca\u011f\u0131z. <\/p>\n<p>Birle\u015fmi\u015f Milletler \u00c7ocuklara Yard\u0131m Fonu(UNICEF) ve Erken \u00c7ocukluk Geli\u015fimi Sivil Toplum Kurulu\u015flar\u0131 Platformu (E\u00c7G-P) ortakl\u0131\u011f\u0131yla d\u00fczenlenen uluslararas\u0131 kongreye davet ald\u0131k ve proje deneyimimizi payla\u015ft\u0131k. UNICEF yetkilileri projemizi yerinde incelemek \u00fczere Mersin\u2019e gelecek ve UNICEF ile \u00e7al\u0131\u015fma f\u0131rsat\u0131 yakalayaca\u011f\u0131z.<\/p>\n","protected":false},"excerpt":{"rendered":"<p>Mersin Yeni\u015fehir Belediyesi ekipleri vatanda\u015flar\u0131 evlerinde ziyaret ederek, Erken \u00c7ocukluk Geli\u015fimi Projesi kapsam\u0131nda yap\u0131lan \u00fccretsiz geli\u015fim tarama ve de\u011ferlendirme uygulamalar\u0131 i\u00e7in 0-6 ya\u015f aras\u0131nda \u00e7ocu\u011fu olan aileleri Yeni\u015fehir Belediyesi Akademiye &hellip; <a href=\"https:\/\/akdenizolaygazetesi.com\/?p=18971\" class=\"more-link\">Devam\u0131n\u0131 Oku&#8230;<\/a><\/p>\n","protected":false},"author":2,"featured_media":18972,"comment_status":"open","ping_status":"open","sticky":false,"template":"","format":"standard","meta":[],"categories":[1,2,3],"tags":[],"_links":{"self":[{"href":"https:\/\/akdenizolaygazetesi.com\/index.php?rest_route=\/wp\/v2\/posts\/18971"}],"collection":[{"href":"https:\/\/akdenizolaygazetesi.com\/index.php?rest_route=\/wp\/v2\/posts"}],"about":[{"href":"https:\/\/akdenizolaygazetesi.com\/index.php?rest_route=\/wp\/v2\/types\/post"}],"author":[{"embeddable":true,"href":"https:\/\/akdenizolaygazetesi.com\/index.php?rest_route=\/wp\/v2\/users\/2"}],"replies":[{"embeddable":true,"href":"https:\/\/akdenizolaygazetesi.com\/index.php?rest_route=%2Fwp%2Fv2%2Fcomments&post=18971"}],"version-history":[{"count":1,"href":"https:\/\/akdenizolaygazetesi.com\/index.php?rest_route=\/wp\/v2\/posts\/18971\/revisions"}],"predecessor-version":[{"id":18973,"href":"https:\/\/akdenizolaygazetesi.com\/index.php?rest_route=\/wp\/v2\/posts\/18971\/revisions\/18973"}],"wp:featuredmedia":[{"embeddable":true,"href":"https:\/\/akdenizolaygazetesi.com\/index.php?rest_route=\/wp\/v2\/media\/18972"}],"wp:attachment":[{"href":"https:\/\/akdenizolaygazetesi.com\/index.php?rest_route=%2Fwp%2Fv2%2Fmedia&parent=18971"}],"wp:term":[{"taxonomy":"category","embeddable":true,"href":"https:\/\/akdenizolaygazetesi.com\/index.php?rest_route=%2Fwp%2Fv2%2Fcategories&post=18971"},{"taxonomy":"post_tag","embeddable":true,"href":"https:\/\/akdenizolaygazetesi.com\/index.php?rest_route=%2Fwp%2Fv2%2Ftags&post=18971"}],"curies":[{"name":"wp","href":"https:\/\/api.w.org\/{rel}","templated":true}]}}