{"id":18977,"date":"2022-05-30T12:34:07","date_gmt":"2022-05-30T09:34:07","guid":{"rendered":"http:\/\/akdenizolaygazetesi.com\/?p=18977"},"modified":"2022-05-30T12:34:07","modified_gmt":"2022-05-30T09:34:07","slug":"camliyaylanin-yukseklerinde-buyuksehir-ekiplerinden-kar-kureme-calismasi","status":"publish","type":"post","link":"https:\/\/akdenizolaygazetesi.com\/?p=18977","title":{"rendered":"\u00c7AMLIYAYLA&#8217;NIN Y\u00dcKSEKLER\u0130NDE B\u00dcY\u00dcK\u015eEH\u0130R EK\u0130PLER\u0130NDEN KAR K\u00dcREME \u00c7ALI\u015eMASI"},"content":{"rendered":"<p>Mersin B\u00fcy\u00fck\u015fehir Belediyesi, yaz aylar\u0131n\u0131n gelmesi ile birlikte Toroslar&#8217;\u0131n zirvelerine do\u011fru g\u00f6\u00e7 yolculu\u011funa ba\u015flayan Y\u00f6r\u00fcklerin s\u0131k\u0131nt\u0131 ya\u015famamas\u0131 i\u00e7in her y\u0131l oldu\u011fu gibi bu y\u0131l da y\u00fcksek rak\u0131ml\u0131 noktalarda kar k\u00fcreme ve yol a\u00e7ma \u00e7al\u0131\u015fmalar\u0131 y\u00fcr\u00fct\u00fcyor.<\/p>\n<p>Sert ge\u00e7en k\u0131\u015f aylar\u0131n\u0131n ard\u0131ndan y\u00fckseklere do\u011fru yolculu\u011fa ba\u015flayan Y\u00f6r\u00fckler&#8217;in, \u00f6zellikle \u00c7aml\u0131yayla&#8217;n\u0131n y\u00fckseklerinde yer alan ve ge\u00e7i\u015f g\u00fczergah\u0131 \u00fczerinde bulunan \u00c7atak, B\u00fckl\u00fcboyun ve Say\u0131ndibi b\u00f6lgelerinde s\u0131k\u0131nt\u0131 ya\u015famamas\u0131 i\u00e7in B\u00fcy\u00fck\u015fehir Belediyesi Muhtarl\u0131k \u0130\u015fleri Dairesi ile Yol Yap\u0131m Bak\u0131m ve Onar\u0131m Dairesi ekipleri, i\u015f makinalar\u0131 vas\u0131tas\u0131yla kar k\u00fcreme, yol temizleme ve a\u00e7ma faaliyeti ger\u00e7ekle\u015ftiriyor.<\/p>\n<p>4 metreyi bulan kar k\u00fctleleri kald\u0131r\u0131l\u0131yor<\/p>\n<p>Yer yer 3-4 metreye ula\u015fan ve yolu kapatan kar y\u0131\u011f\u0131nlar\u0131n\u0131 temizleyen B\u00fcy\u00fck\u015fehir ekipleri, hayvanlar\u0131n\u0131 3 bin metre rak\u0131mdaki meralara g\u00f6t\u00fcren Y\u00f6r\u00fcklerin daha kolay ve g\u00fcvenli \u015fekilde ge\u00e7i\u015f yapmalar\u0131n\u0131 sa\u011fl\u0131yor. Ekipler, zorlu do\u011fa \u015fartlar\u0131na ra\u011fmen seri \u015fekilde \u00e7al\u0131\u015fma y\u00fcr\u00fct\u00fcyor.<\/p>\n<p>&#8220;Vahap Ba\u015fkan her y\u0131l oldu\u011fu gibi bu y\u0131l da yolumuzu a\u00e7\u0131yor&#8221;<\/p>\n<p>Hayvanc\u0131l\u0131kla u\u011fra\u015fan Y\u00f6r\u00fcklerden Adem Yal\u00e7\u0131n, yollar\u0131n a\u00e7\u0131lmas\u0131ndan dolay\u0131 memnuniyetini dile getirerek, \u015funlar\u0131 s\u00f6yledi:<\/p>\n<p>&#8220;Vahap Ba\u015fkana te\u015fekk\u00fcr ederiz. Her y\u0131l oldu\u011fu gibi yine bu sene de yolumuzu a\u00e7\u0131yor. Kendisinden Allah raz\u0131 olsun. \u0130n\u015fallah \u00f6n\u00fcm\u00fczdeki y\u0131llarda da kendisini Ba\u015fkan olarak g\u00f6rmek isteriz. Y\u0131llard\u0131r buraya \u00e7\u0131k\u0131yoruz, hayvanc\u0131l\u0131k yap\u0131yoruz. Bu yol bizim ana yolumuz oldu\u011fu i\u00e7in her sene b\u00f6yle erken a\u00e7\u0131lmas\u0131 ve d\u00fczeltilmesi bizim a\u00e7\u0131m\u0131zdan hastal\u0131kta, sa\u011fl\u0131kta bir an \u00f6nce a\u015fa\u011f\u0131ya inebilmemizde iyi oluyor.&#8221;<\/p>\n","protected":false},"excerpt":{"rendered":"<p>Mersin B\u00fcy\u00fck\u015fehir Belediyesi, yaz aylar\u0131n\u0131n gelmesi ile birlikte Toroslar&#8217;\u0131n zirvelerine do\u011fru g\u00f6\u00e7 yolculu\u011funa ba\u015flayan Y\u00f6r\u00fcklerin s\u0131k\u0131nt\u0131 ya\u015famamas\u0131 i\u00e7in her y\u0131l oldu\u011fu gibi bu y\u0131l da y\u00fcksek rak\u0131ml\u0131 noktalarda kar k\u00fcreme &hellip; <a href=\"https:\/\/akdenizolaygazetesi.com\/?p=18977\" class=\"more-link\">Devam\u0131n\u0131 Oku&#8230;<\/a><\/p>\n","protected":false},"author":2,"featured_media":18978,"comment_status":"open","ping_status":"open","sticky":false,"template":"","format":"standard","meta":[],"categories":[2,3,5],"tags":[],"_links":{"self":[{"href":"https:\/\/akdenizolaygazetesi.com\/index.php?rest_route=\/wp\/v2\/posts\/18977"}],"collection":[{"href":"https:\/\/akdenizolaygazetesi.com\/index.php?rest_route=\/wp\/v2\/posts"}],"about":[{"href":"https:\/\/akdenizolaygazetesi.com\/index.php?rest_route=\/wp\/v2\/types\/post"}],"author":[{"embeddable":true,"href":"https:\/\/akdenizolaygazetesi.com\/index.php?rest_route=\/wp\/v2\/users\/2"}],"replies":[{"embeddable":true,"href":"https:\/\/akdenizolaygazetesi.com\/index.php?rest_route=%2Fwp%2Fv2%2Fcomments&post=18977"}],"version-history":[{"count":1,"href":"https:\/\/akdenizolaygazetesi.com\/index.php?rest_route=\/wp\/v2\/posts\/18977\/revisions"}],"predecessor-version":[{"id":18979,"href":"https:\/\/akdenizolaygazetesi.com\/index.php?rest_route=\/wp\/v2\/posts\/18977\/revisions\/18979"}],"wp:featuredmedia":[{"embeddable":true,"href":"https:\/\/akdenizolaygazetesi.com\/index.php?rest_route=\/wp\/v2\/media\/18978"}],"wp:attachment":[{"href":"https:\/\/akdenizolaygazetesi.com\/index.php?rest_route=%2Fwp%2Fv2%2Fmedia&parent=18977"}],"wp:term":[{"taxonomy":"category","embeddable":true,"href":"https:\/\/akdenizolaygazetesi.com\/index.php?rest_route=%2Fwp%2Fv2%2Fcategories&post=18977"},{"taxonomy":"post_tag","embeddable":true,"href":"https:\/\/akdenizolaygazetesi.com\/index.php?rest_route=%2Fwp%2Fv2%2Ftags&post=18977"}],"curies":[{"name":"wp","href":"https:\/\/api.w.org\/{rel}","templated":true}]}}