{"id":1898,"date":"2020-11-04T18:22:25","date_gmt":"2020-11-04T15:22:25","guid":{"rendered":"http:\/\/mersinekonomipolitikagazetesi.com\/?p=1898"},"modified":"2020-11-04T18:22:25","modified_gmt":"2020-11-04T15:22:25","slug":"yeter-ki-bu-strateji-tabana-yayilsin","status":"publish","type":"post","link":"https:\/\/akdenizolaygazetesi.com\/?p=1898","title":{"rendered":"\u201cYETER K\u0130 BU STRATEJ\u0130 TABANA YAYILSIN\u201d"},"content":{"rendered":"<p>MTSO Y\u00f6netim Kurulu Ba\u015fkan\u0131 Ayhan K\u0131z\u0131ltan, T\u00fcrkiye\u2019de Yerlile\u015ftirme ekonomi stratejisi hakk\u0131nda a\u00e7\u0131klamalarda bulundu. K\u0131z\u0131ltan: \u201cT\u00fcrkiye ekonomisinin omurgas\u0131 olan KOB\u0130\u2019ler her t\u00fcrl\u00fc \u00fcretimi yapacak beceriye sahiptir\u201d dedi.<\/p>\n<blockquote type=\"cite\">\n<div dir=\"ltr\">\n<p><span style=\"font-size:16px;\">MTSO Y\u00f6netim Kurulu Ba\u015fkan\u0131 Ayhan K\u0131z\u0131ltan yapt\u0131\u011f\u0131 a\u00e7\u0131klamada;\u00a0 \u00fcretim anlam\u0131nda Bakanl\u0131klar\u0131n \u00e7ok yerde yerle\u015ftirme stratejisiyle ekonomiye yeni bir a\u00e7\u0131l\u0131m getirdi\u011fini dile getirdi.<\/span><\/p>\n<p><span style=\"font-size:16px;\">Bilim, Sanayi ve Teknoloji Bakanl\u0131\u011f\u0131,\u00a0 Kalk\u0131nma Bakanl\u0131\u011f\u0131 ve Ekonomi Bakanl\u0131klar\u0131 ba\u015fta olmak \u00fczere ve bu Bakanl\u0131klara ba\u011fl\u0131 ilgili kurumlar KOSGEB\u2019den Kalk\u0131nma Ajanlar\u0131na veya T\u00dcB\u0130TAK gibi bir\u00e7ok kuruma kadar sekt\u00f6rden daha \u00e7ok proje bazl\u0131 bir te\u015fvik sistemini hayata ge\u00e7irmeye ba\u015flad\u0131\u011f\u0131n\u0131 belirten K\u0131z\u0131ltan, \u00fcretime ba\u011fl\u0131 \u00fclke ekonomisi i\u00e7in ola\u011fan\u00fcst\u00fc \u00f6nemli bir \u015fey oldu\u011funu vurgulad\u0131.<\/span><\/p>\n<p><span style=\"font-size:16px;\">K\u0131z\u0131ltan: \u201c\u0130\u015f d\u00fcnyas\u0131 olarak uzun s\u00fcredir arzu etti\u011fimiz ve g\u00fcndeme getirdi\u011fimiz bir konu olan Proje Odakl\u0131 Te\u015fvikler \u00fclkemizin s\u0131n\u0131rl\u0131 kaynaklar\u0131n\u0131n en verimli \u015fekilde de\u011ferlendirilmesinin \u00f6nemli bir par\u00e7as\u0131d\u0131r.\u201d dedi.<\/span><\/p>\n<p>\u00a0<\/p>\n<p><span style=\"font-size:16px;\">\u201cPEK\u0130 NED\u0130R YERL\u0130LE\u015eT\u0130RME KAVRAMI?\u201d\u00a0<\/span><\/p>\n<p>\u00a0<\/p>\n<p><span style=\"font-size:16px;\">Yerlile\u015ftirmenin ne oldu\u011fu konusunu Ba\u015fkan K\u0131z\u0131ltan \u015f\u00f6yle a\u00e7\u0131klad\u0131: \u201cYerlile\u015ftirme, \u00fcretti\u011fimiz \u00fcr\u00fcnlerdeki yerlilik oran\u0131n\u0131n artt\u0131r\u0131lmas\u0131d\u0131r. \u00dcretti\u011fimiz veya ihra\u00e7 etti\u011fimiz bir \u00fcr\u00fcn\u00fcn yar\u0131s\u0131ndan fazlas\u0131 ithal ara girdi ile yap\u0131l\u0131yorsa bunun ger\u00e7ek bir katma de\u011fer yaratt\u0131\u011f\u0131 s\u00f6ylenemez. Bu anlamda Say\u0131n Cumhurba\u015fkan\u0131m\u0131z\u0131n da yak\u0131n zamanda a\u00e7\u0131klad\u0131\u011f\u0131 ve m\u00fcjdelerini verdi\u011fi bu yeni Yerlile\u015ftirme Stratejisi ve a\u00e7\u0131klanan farkl\u0131 sekt\u00f6rlere ait 19 firmaya verilen bu proje bazl\u0131 te\u015fvikler yerindedir, mant\u0131k olarak do\u011frudur. Stratejik yat\u0131r\u0131mlarda geni\u015f \u00e7apl\u0131 yat\u0131r\u0131m te\u015fvikleri art\u0131k devam edecektir, etmelidir de. Bu noktada yap\u0131lmas\u0131 gereken ikinci \u015fey proje bazl\u0131 te\u015fvik sisteminin sadece b\u00fcy\u00fck firmalarla s\u0131n\u0131rl\u0131 kalmamas\u0131 ve ekonomimizin bel kemi\u011fi olan KOB\u0130\u2019lere yayg\u0131nla\u015ft\u0131r\u0131lmas\u0131d\u0131r. Te\u015fvik s\u00f6z konusu oldu\u011funda sadece te\u015fvik almak isteyenlerin de\u011fil, te\u015fvik sistemini uygulayanlar\u0131n da akl\u0131na sadece sekt\u00f6rler geliyordu. Tar\u0131m, Sanayi, Turizm gibi\u2026 B\u00f6yle genel te\u015fvik mant\u0131\u011f\u0131 verimli olmamaktad\u0131r. Elbette stratejik sekt\u00f6rlere genel te\u015fvikler verilir ama di\u011fer t\u00fcm temel sekt\u00f6rlerde daha detay, daha spesifik, yani proje bazl\u0131 te\u015fvikleri yayg\u0131nla\u015ft\u0131rmak zorunday\u0131z.\u201d<\/span><img src=\"https:\/\/ssl.gstatic.com\/ui\/v1\/icons\/mail\/images\/cleardot.gif\" style=\"font-size: 16px; font-family: sans-serif, Arial, Verdana, 'Trebuchet MS'; line-height: 1.6em; height: 8px; width: 20px;\" \/><\/p>\n<div>\n<p>\u00a0<\/p>\n<p><span style=\"font-size:16px;\">\u201cCAR\u0130 A\u00c7IK YARATAN \u00dcR\u00dcNLER\u0130N YERL\u0130L\u0130K ORANI ARTIRILMALI\u201d<\/span><\/p>\n<p>\u00a0<\/p>\n<p><span style=\"font-size:16px;\">D\u00f6viz kayb\u0131na neden olan \u00fcr\u00fcnlerin yerlilik oran\u0131n\u0131 art\u0131rmak oldu\u011funu ifade eden K\u0131z\u0131ltan: \u201cElbette Yerlile\u015ftirme derken, ithalat\u0131 tamamen keselim ve her \u015feyi kendimiz \u00fcretelim gibi d\u00fcnya ekonomisinin ve karl\u0131l\u0131k ger\u00e7e\u011finin d\u0131\u015f\u0131na \u00e7\u0131kal\u0131m demiyoruz. D\u00fcnyada arz fazlas\u0131 olan ve ucuz olan bir \u015feyi ille de burada yapal\u0131m gibi mant\u0131ks\u0131z bir yerlile\u015ftirmeden bahsetmiyoruz. \u00d6nemli olan cari a\u00e7\u0131k yaratan, d\u00f6viz kayb\u0131na neden olan \u00fcr\u00fcnlerin yerlilik oran\u0131n\u0131 artt\u0131rmakt\u0131r. \u00dclkemizde daha kaliteli ve ucuza \u00fcretebildi\u011fimiz \u00fcr\u00fcnlere milyonlarca dolar veya avro d\u00f6viz harcayarak, yurt d\u0131\u015f\u0131na zenginli\u011fimizi aktarman\u0131n bir mant\u0131\u011f\u0131 olamaz. Bu noktada, \u00f6zellikle orta ve y\u00fcksek teknolojili \u00fcr\u00fcnlerin yerlilik pay\u0131n\u0131n artt\u0131r\u0131lmas\u0131 temel hedef olmal\u0131d\u0131r.\u201d \u015feklinde konu\u015ftu.<\/span><\/p>\n<p>\u00a0<\/p>\n<p><span style=\"font-size:16px;\">\u201cTEKNOLOJ\u0130 D\u00dcZEY\u0130M\u0130Z ODAK NOKTASI YAPILMALIDIR\u201d<\/span><\/p>\n<p>\u00a0<\/p>\n<p><span style=\"font-size:16px;\">Unutulmamas\u0131 gereken bir \u015feyin var oldu\u011funa dikkat \u00e7eken K\u0131z\u0131ltan: \u201cD\u00fc\u015f\u00fck teknolojili i\u015fler istihdam sa\u011fl\u0131yor ama sadece vas\u0131fs\u0131z istihdam sa\u011fl\u0131yor. Oysa orta ve y\u00fcksek teknolojili \u00fcr\u00fcn ve \u00fcretim hem kalifiye istihdam sa\u011fl\u0131yor hem de ger\u00e7ek katma de\u011feri yarat\u0131yor. Bu olmad\u0131\u011f\u0131 s\u00fcrece kilosu on lira olan bir metali 200 dolara almaya devam ederiz. \u0130thal etti\u011fimiz \u00fcr\u00fcnlerin \u00fclkemizde \u00fcretilmesini te\u015fvik vererek bu i\u015fe ba\u015flanabilir. \u00d6rne\u011fin her g\u00fcn say\u0131s\u0131z CNC tezgah\u0131 veya par\u00e7alar\u0131 ithal olarak \u00fclkemize giriyor. \u0130lgili Bakanl\u0131klar KOB\u0130\u2019lere \u015funu sormal\u0131d\u0131r; Siz bunu T\u00fcrkiye\u2019de yapabilir misiniz veya \u015fu par\u00e7alar\u0131 burada \u00fcretebilir misiniz? KOB\u0130\u2019ler bu i\u015fe b\u00f6ylesi bir te\u015fvikle motive edilmelidir. KOB\u0130\u2019lere g\u00f6rev verilmelidir. KOB\u0130\u2019ler i\u015fin i\u00e7ine \u00e7ekilmelidir. \u0130stihdam elbette \u00e7ok \u00f6nemli ama sadece istidam odakl\u0131 bir geli\u015fme mant\u0131\u011f\u0131 yetmiyor. Mutlaka \u00fcretimde teknoloji d\u00fczeyimiz odak noktas\u0131 yap\u0131lmal\u0131d\u0131r.\u201d diye kaydetti.<\/span><\/p>\n<p>\u00a0<\/p>\n<p><span style=\"font-size:16px;\">\u201cBU TE\u015eV\u0130KLERDEK\u0130 VER\u0130ML\u0130L\u0130\u011e\u0130N DE,\u00a0 ADALET\u0130N DE GERE\u011e\u0130D\u0130R\u201d<\/span><\/p>\n<p>\u00a0<\/p>\n<p><span style=\"font-size:16px;\">Ekonomi ad\u0131na \u00f6nemli bir geli\u015fme oldu\u011funu de\u011ferlendiren K\u0131z\u0131ltan: \u201cYenilenebilir Enerji Kanununun de\u011fi\u015fmesi ve bu de\u011fi\u015fimin yerlilik oran\u0131n\u0131n art\u0131\u015f\u0131na destek minvalinde yap\u0131lmas\u0131 \u00e7ok \u00f6nemlidir ve bununla birlikte a\u00e7\u0131klanan \u015feyler art\u0131k T\u00fcrkiye\u2019de bir yerlile\u015ftirme politikas\u0131n\u0131n ekonomide a\u011f\u0131rl\u0131k kazanaca\u011f\u0131d\u0131r. Bu ekonomimizin gelece\u011fi ad\u0131na, firmalar\u0131m\u0131z\u0131n gelece\u011fi ad\u0131na \u00e7ok ama \u00e7ok \u00f6nemli ve yerinde bir geli\u015fmedir. Bu konuda iki \u00f6nemli nokta ihmal edilmemelidir. Birincisi bu do\u011fru te\u015fvik modelinin tabana, KOB\u0130\u2019lere yay\u0131lmas\u0131; ikincisi ise destek \u00f6ncesi yap\u0131lan s\u0131k\u0131 incelemelerin, destek sonras\u0131nda da devam etmesi, destek sonras\u0131 izlemenin daha etkin yap\u0131lmas\u0131. Yani, biz bu deste\u011fi verdik ama sen ne kadar istihdam yaratt\u0131n, ne kadar \u00fcretim art\u0131\u015f\u0131 yaratt\u0131n, ne kadar ihracat yapt\u0131n gibi sorularla verilen deste\u011fin sonucu somut olarak belirlenmelidir. Bu te\u015fviklerdeki verimlili\u011fin de,\u00a0 adaletin de gere\u011fidir.\u201d ifadelerini kulland\u0131.<\/span><\/p>\n<p>\u00a0<\/p>\n<p><span style=\"font-size:16px;\">\u201cYERL\u0130LE\u015eT\u0130RME MANTI\u011eININ FARKINDALI\u011eI DAHA \u00c7OK YARATILMALI\u201d<\/span><\/p>\n<p>\u00a0<\/p>\n<p><span style=\"font-size:16px;\">Yerlile\u015ftirme mant\u0131\u011f\u0131n\u0131n fark\u0131ndal\u0131\u011f\u0131n\u0131n daha \u00e7ok yarat\u0131lmas\u0131 gerekti\u011fini vurgulayan K\u0131z\u0131ltan, T\u00fcm sekt\u00f6rlerin buna odaklamas\u0131 gerekti\u011fini belirtti.<\/span><\/p>\n<p><span style=\"font-size:16px;\">S\u00f6zlerine devam eden K\u0131z\u0131ltan: Sekt\u00f6rlere bilgi verilmeli, hatta somut \u015fekilde firmalar\u0131n ithal ara girdilerin hangilerini \u00fcretebilece\u011fi tek tek sorulmal\u0131 ve bir analiz yap\u0131lmal\u0131d\u0131r. Mersin \u00f6zelinde biz bu fark\u0131ndal\u0131\u011f\u0131n olu\u015fmas\u0131 anlam\u0131nda \u00e7al\u0131\u015fmalar yapaca\u011f\u0131z. Firmalar\u0131m\u0131z\u0131 bu konuda bilgilendirece\u011fiz. \u00c7\u00fcnk\u00fc sonunda bu do\u011fru strateji KOB\u0130\u2019lere inecek ve KOB\u0130\u2019ler buna haz\u0131r olmak zorundad\u0131r. Biz i\u015f d\u00fcnyas\u0131 olarak, verimlilik ve karl\u0131l\u0131k esas\u0131na ba\u011fl\u0131 olarak \u00fcretimde yerlile\u015ftirme konusunu ekonomimizin y\u00fckseli\u015finin temel payandalar\u0131ndan birisi olarak g\u00f6r\u00fcyoruz. Bu sistem tabana yay\u0131ld\u0131k\u00e7a, proje bazl\u0131, \u00fcr\u00fcn bazl\u0131 bu destekler KOB\u0130\u2019lere indik\u00e7e, ihracat\u0131m\u0131z da ger\u00e7ek de\u011ferini bulacakt\u0131r. Cari a\u00e7\u0131\u011f\u0131m\u0131z da azalacakt\u0131r, kaliteli, istihdam ve \u00fcretimdeki teknoloji art\u0131\u015f\u0131 da do\u011fru ve etkin \u015fekilde artacakt\u0131r. T\u00fcrkiye ekonomisinin omurgas\u0131 olan KOB\u0130\u2019ler her t\u00fcrl\u00fc \u00fcretimi yapacak beceriye sahiptir. Yeter ki bu strateji tabana yay\u0131ls\u0131n, KOB\u0130\u2019lere hareket imkan\u0131 verilsin.\u201d diyerek son c\u00fcmlelerini tamamlamad\u0131.<\/span><\/p>\n<\/div>\n<\/div>\n<\/blockquote>\n","protected":false},"excerpt":{"rendered":"<p>MTSO Y\u00f6netim Kurulu Ba\u015fkan\u0131 Ayhan K\u0131z\u0131ltan, T\u00fcrkiye\u2019de Yerlile\u015ftirme ekonomi stratejisi hakk\u0131nda a\u00e7\u0131klamalarda bulundu. K\u0131z\u0131ltan: \u201cT\u00fcrkiye ekonomisinin omurgas\u0131 olan KOB\u0130\u2019ler her t\u00fcrl\u00fc \u00fcretimi yapacak beceriye sahiptir\u201d dedi. MTSO Y\u00f6netim Kurulu Ba\u015fkan\u0131 &hellip; <a href=\"https:\/\/akdenizolaygazetesi.com\/?p=1898\" class=\"more-link\">Devam\u0131n\u0131 Oku&#8230;<\/a><\/p>\n","protected":false},"author":1,"featured_media":0,"comment_status":"open","ping_status":"open","sticky":false,"template":"","format":"standard","meta":[],"categories":[],"tags":[],"_links":{"self":[{"href":"https:\/\/akdenizolaygazetesi.com\/index.php?rest_route=\/wp\/v2\/posts\/1898"}],"collection":[{"href":"https:\/\/akdenizolaygazetesi.com\/index.php?rest_route=\/wp\/v2\/posts"}],"about":[{"href":"https:\/\/akdenizolaygazetesi.com\/index.php?rest_route=\/wp\/v2\/types\/post"}],"author":[{"embeddable":true,"href":"https:\/\/akdenizolaygazetesi.com\/index.php?rest_route=\/wp\/v2\/users\/1"}],"replies":[{"embeddable":true,"href":"https:\/\/akdenizolaygazetesi.com\/index.php?rest_route=%2Fwp%2Fv2%2Fcomments&post=1898"}],"version-history":[{"count":0,"href":"https:\/\/akdenizolaygazetesi.com\/index.php?rest_route=\/wp\/v2\/posts\/1898\/revisions"}],"wp:attachment":[{"href":"https:\/\/akdenizolaygazetesi.com\/index.php?rest_route=%2Fwp%2Fv2%2Fmedia&parent=1898"}],"wp:term":[{"taxonomy":"category","embeddable":true,"href":"https:\/\/akdenizolaygazetesi.com\/index.php?rest_route=%2Fwp%2Fv2%2Fcategories&post=1898"},{"taxonomy":"post_tag","embeddable":true,"href":"https:\/\/akdenizolaygazetesi.com\/index.php?rest_route=%2Fwp%2Fv2%2Ftags&post=1898"}],"curies":[{"name":"wp","href":"https:\/\/api.w.org\/{rel}","templated":true}]}}