{"id":18980,"date":"2022-05-30T12:35:27","date_gmt":"2022-05-30T09:35:27","guid":{"rendered":"http:\/\/akdenizolaygazetesi.com\/?p=18980"},"modified":"2022-05-30T12:35:27","modified_gmt":"2022-05-30T09:35:27","slug":"mercekte-dikilen-cocuk-giysileri-kiyafet-evine-ulasiyor","status":"publish","type":"post","link":"https:\/\/akdenizolaygazetesi.com\/?p=18980","title":{"rendered":"MERCEK&#8217;TE D\u0130K\u0130LEN \u00c7OCUK G\u0130YS\u0130LER\u0130 KIYAFET EV\u0130&#8217;NE ULA\u015eIYOR"},"content":{"rendered":"<p>Mersin B\u00fcy\u00fck\u015fehir Belediyesi Sosyal Hizmetler Dairesi, MERCEK Mesleki E\u011fitim Merkezi&#8217;nden K\u0131yafet Evi&#8217;ne kadar uzanan \u00e7ok y\u00f6nl\u00fc bir \u00e7al\u0131\u015fmaya imza att\u0131. MERCEK&#8217;in diki\u015f kursunda \u00fcretilen \u00fcr\u00fcnler, K\u0131yafet Evi&#8217;nden ihtiya\u00e7 sahibi vatanda\u015flara ula\u015ft\u0131r\u0131l\u0131yor.<br \/>\n2 ayd\u0131r s\u00fcren kursun ilk \u00fcr\u00fcnleri ortaya \u00e7\u0131kt\u0131<br \/>\nB\u00fcy\u00fck\u015fehir Belediyesi&#8217;nin Yeni\u015fehir il\u00e7esi G\u00fcvenevler Mahallesi&#8217;nde bu y\u0131l hizmete ba\u015flayan MERCEK Mesleki E\u011fitim Merkezi&#8217;nde diki\u015f kurslar\u0131 2 ayd\u0131r s\u00fcr\u00fcyor. MERCEK&#8217;te konfeksiyon alan\u0131nda el becerisi kazanmaya ba\u015flayan kursiyerler, ilk \u00fcr\u00fcnlerini ortaya \u00e7\u0131kar\u0131yor. \u00c7ocuklar i\u00e7in \u00fcretilen giysiler MERCEK&#8217;ten K\u0131yafet Evi&#8217;ne ula\u015f\u0131yor.<br \/>\n86 par\u00e7a yeni \u00fcr\u00fcn K\u0131yafet Evi&#8217;nin raflar\u0131na dizildi<br \/>\nAkdeniz il\u00e7esi Ulu \u00c7ar\u015f\u0131&#8217;da yer alan B\u00fcy\u00fck\u015fehir&#8217;in K\u0131yafet Evi&#8217;ne ula\u015fan ilk etapta 86 par\u00e7a \u00fcr\u00fcn raflardaki yerini ald\u0131. A\u00e7\u0131ld\u0131\u011f\u0131 2020 y\u0131l\u0131ndan bu yana 7 bin vatanda\u015f\u0131n faydaland\u0131\u011f\u0131 K\u0131yafet Evi, MERCEK&#8217;ten gelen \u00e7ocuk giysileriyle daha da renklendi. Asgari \u00fccretin alt\u0131nda geliri olanlar\u0131n \u00f6ncelikli olarak yararland\u0131\u011f\u0131 K\u0131yafet Evi&#8217;nde, B\u00fcy\u00fck\u015fehir&#8217;in kursunda dikilen k\u0131yafetler \u00e7ocuklar\u0131n ilgi oda\u011f\u0131 oldu.<br \/>\n&#8220;Burada haz\u0131rlan\u0131yor, \u00fct\u00fcleniyor, paketleniyor ve K\u0131yafet Evi&#8217;ne ula\u015ft\u0131r\u0131yor&#8221;<br \/>\nMERCEK Mesleki E\u011fitim Merkezi&#8217;nin Diki\u015f Kursu E\u011fitmeni Besire Ball\u0131kaya Nehir, 2 ayda iyi bir ilerleme kaydettiklerini vurgulayarak, &#8220;Ekibimiz \u00e7ok g\u00fczel. Yeni arkada\u015flar da ilave oldu. S\u0131rada bekleyen arkada\u015flar\u0131m\u0131z da var. G\u00fczel \u00fcr\u00fcnler \u00fcretiyoruz. Malzeme tedarikimizi, her \u015feyimizi sa\u011f olsun B\u00fcy\u00fck\u015fehir Belediyemiz kar\u015f\u0131l\u0131yor. Bu \u00fcr\u00fcnler burada haz\u0131rlan\u0131yor, \u00fct\u00fcleniyor, paketleniyor ve buradan K\u0131yafet Evi&#8217;ne ula\u015ft\u0131r\u0131yor. Hem \u00f6\u011fretiyoruz hem de \u00fcretti\u011fimiz \u00fcr\u00fcnler ihtiya\u00e7 sahibi \u00e7ocuklara ula\u015ft\u0131r\u0131l\u0131yor&#8221; dedi.<br \/>\n&#8220;K\u0131yafetlerimiz K\u0131yafet Evi&#8217;nin raflar\u0131nda yerlerini ald\u0131&#8221;<br \/>\nK\u0131yafet Evi Koordinat\u00f6r\u00fc Nesrin \u00c7al\u0131\u015fkan ise \u00fcr\u00fcnlerin b\u00fcy\u00fck bir ilgi g\u00f6rd\u00fc\u011f\u00fcn\u00fc belirterek, &#8220;MERCEK&#8217;te diki\u015f kursunda \u00fcretimi yap\u0131lan k\u0131yafetlerimiz, vatanda\u015flar\u0131m\u0131za verilmek \u00fczere K\u0131yafet Evi&#8217;nin raflar\u0131nda yerlerini ald\u0131. \u00dcr\u00fcn \u00e7e\u015fitlili\u011fi \u00e7ok g\u00fczel. Pembe, mavi, i\u015flemeli \u00fcr\u00fcnlerimiz ve hepsi el eme\u011fi. \u00c7ok fazla talep g\u00f6rd\u00fc. \u0130lk etapta 86 par\u00e7a \u00fcr\u00fcn ald\u0131k ve bu i\u015fbirli\u011fi devam edecek&#8221; diye konu\u015ftu.<br \/>\n&#8220;Bu k\u0131yafetler \u00e7ok g\u00fczel, \u00e7ok be\u011fendik&#8221;<br \/>\nDilek\u00e7eyle ba\u015fvurusunu yapt\u0131ktan sonra kendisine verilen randevu saatinde k\u0131zlar\u0131 Nurg\u00fcl ve Nurcan&#8217;a k\u0131yafet almaya gelen anne Keziban Y\u0131lmaz, &#8220;Buradan k\u0131zlar\u0131m\u0131za k\u0131yafet almaya geldik. B\u00fcy\u00fck\u015fehir Belediyesi&#8217;ne ait diki\u015f kurslar\u0131n\u0131n oldu\u011funu \u00f6\u011frendik. Bu k\u0131yafetler \u00e7ok g\u00fczel, \u00e7ok be\u011fendik. Eme\u011fi ge\u00e7en herkesin eline sa\u011fl\u0131k. \u00c7ok mutluyuz. \u0130yi ki b\u00f6yle bir belediyemiz ve b\u00f6yle bir K\u0131yafet Evi var&#8221; dedi.<br \/>\nKeziban Y\u0131lmaz&#8217;\u0131n 8 ya\u015f\u0131ndaki k\u0131z\u0131 Nurg\u00fcl, k\u0131yafetleri \u00e7ok be\u011fendi\u011fini belirterek, &#8220;Annemle ve karde\u015fimle beraber k\u0131yafet almaya geldik. K\u0131yafetleri \u00e7ok be\u011fendik. En \u00e7ok pembe rengi seviyoruz. Karde\u015fim de pembe rengi seviyor. Biz de bunlar\u0131 se\u00e7tik&#8221; ifadelerine yer verdi.<\/p>\n","protected":false},"excerpt":{"rendered":"<p>Mersin B\u00fcy\u00fck\u015fehir Belediyesi Sosyal Hizmetler Dairesi, MERCEK Mesleki E\u011fitim Merkezi&#8217;nden K\u0131yafet Evi&#8217;ne kadar uzanan \u00e7ok y\u00f6nl\u00fc bir \u00e7al\u0131\u015fmaya imza att\u0131. MERCEK&#8217;in diki\u015f kursunda \u00fcretilen \u00fcr\u00fcnler, K\u0131yafet Evi&#8217;nden ihtiya\u00e7 sahibi vatanda\u015flara &hellip; <a href=\"https:\/\/akdenizolaygazetesi.com\/?p=18980\" class=\"more-link\">Devam\u0131n\u0131 Oku&#8230;<\/a><\/p>\n","protected":false},"author":2,"featured_media":18981,"comment_status":"open","ping_status":"open","sticky":false,"template":"","format":"standard","meta":[],"categories":[1,2,3,5],"tags":[],"_links":{"self":[{"href":"https:\/\/akdenizolaygazetesi.com\/index.php?rest_route=\/wp\/v2\/posts\/18980"}],"collection":[{"href":"https:\/\/akdenizolaygazetesi.com\/index.php?rest_route=\/wp\/v2\/posts"}],"about":[{"href":"https:\/\/akdenizolaygazetesi.com\/index.php?rest_route=\/wp\/v2\/types\/post"}],"author":[{"embeddable":true,"href":"https:\/\/akdenizolaygazetesi.com\/index.php?rest_route=\/wp\/v2\/users\/2"}],"replies":[{"embeddable":true,"href":"https:\/\/akdenizolaygazetesi.com\/index.php?rest_route=%2Fwp%2Fv2%2Fcomments&post=18980"}],"version-history":[{"count":1,"href":"https:\/\/akdenizolaygazetesi.com\/index.php?rest_route=\/wp\/v2\/posts\/18980\/revisions"}],"predecessor-version":[{"id":18982,"href":"https:\/\/akdenizolaygazetesi.com\/index.php?rest_route=\/wp\/v2\/posts\/18980\/revisions\/18982"}],"wp:featuredmedia":[{"embeddable":true,"href":"https:\/\/akdenizolaygazetesi.com\/index.php?rest_route=\/wp\/v2\/media\/18981"}],"wp:attachment":[{"href":"https:\/\/akdenizolaygazetesi.com\/index.php?rest_route=%2Fwp%2Fv2%2Fmedia&parent=18980"}],"wp:term":[{"taxonomy":"category","embeddable":true,"href":"https:\/\/akdenizolaygazetesi.com\/index.php?rest_route=%2Fwp%2Fv2%2Fcategories&post=18980"},{"taxonomy":"post_tag","embeddable":true,"href":"https:\/\/akdenizolaygazetesi.com\/index.php?rest_route=%2Fwp%2Fv2%2Ftags&post=18980"}],"curies":[{"name":"wp","href":"https:\/\/api.w.org\/{rel}","templated":true}]}}