{"id":18993,"date":"2022-05-31T12:34:28","date_gmt":"2022-05-31T09:34:28","guid":{"rendered":"http:\/\/akdenizolaygazetesi.com\/?p=18993"},"modified":"2022-05-31T12:34:28","modified_gmt":"2022-05-31T09:34:28","slug":"toroslar-belediyesinin-super-enduro-pisti-tam-not-aldi","status":"publish","type":"post","link":"https:\/\/akdenizolaygazetesi.com\/?p=18993","title":{"rendered":"&#8220;TOROSLAR BELED\u0130YES\u0130N\u0130N S\u00dcPER ENDURO P\u0130ST\u0130 TAM NOT ALDI&#8221;"},"content":{"rendered":"<p>Sporun merkezi Toroslar Belediyesi, Mersin&#8217;de yine b\u00fcy\u00fck bir \u015fampiyonaya ev sahipli\u011fi yapt\u0131.<\/p>\n<p>T\u00fcrkiye S\u00fcper Enduro \u015eampiyonas\u0131&#8217;n\u0131n 2&#8217;nci aya\u011f\u0131 Toroslar&#8217;da ger\u00e7ekle\u015fti.  2 g\u00fcn s\u00fcren \u015fampiyonan\u0131n Mersin yar\u0131\u015f\u0131na; \u00fclkenin d\u00f6rt bir yan\u0131ndan 50 sporcu kat\u0131ld\u0131.<\/p>\n<p>Super Enduro GP, Prestij, Usta, Hobi, Enduro Gen\u00e7 ve Enduro Veteran olmak \u00fczere 6 kategoride d\u00fczenlenen yar\u0131\u015flarda profesyonel sporcular, yar\u0131\u015f pistinde hem zorlu parkurla hem de rakipleriyle m\u00fccadele etti.<\/p>\n<p>T\u00fcrkiye Motosiklet Federasyonu i\u015fbirli\u011finde organize edilen etkinli\u011fe; Mersin Motosiklet Spor Kul\u00fcb\u00fc ile Mersin Otomobil Sporlar\u0131 Kul\u00fcb\u00fc (MOSK) de destek verdi.<\/p>\n<p>&#8220;Yar\u0131\u015flar\u0131n Start\u0131n\u0131 Ba\u015fkan Y\u0131lmaz Verdi&#8221;<\/p>\n<p>Motosikletleriyle akrobatik hareketler yapan sporcular\u0131n nefes kesti\u011fi yar\u0131\u015flar\u0131n start\u0131n\u0131 ise Toroslar Belediye Ba\u015fkan\u0131 Ats\u0131z Af\u015f\u0131n Y\u0131lmaz verdi.<\/p>\n<p>Ba\u015fkan Y\u0131lmaz, motosiklet tutkunlar\u0131n\u0131n heyecan\u0131na ortak olarak yar\u0131\u015flar\u0131 birlikte izledi.<\/p>\n<p>Toroslar Belediyesi taraf\u0131ndan Avrupa standartlar\u0131na uygun olarak haz\u0131rlanan ve T\u00fcrkiye&#8217;nin en iyisi olmada iddial\u0131 S\u00fcper Enduro Pisti, enduro sevenlerden tam not ald\u0131.<\/p>\n<p>&#8220;Enduro \u015eampiyonlar\u0131 Ba\u015fkan Y\u0131lmaz&#8217;a Te\u015fekk\u00fcr Etti&#8221;<\/p>\n<p>T\u00fcrkiye S\u00fcper Enduro \u015eampiyonas\u0131 Mersin Yar\u0131\u015f\u0131&#8217;nda S\u00fcper Enduro s\u0131n\u0131f\u0131nda birinci olan Bayram Uysal, yar\u0131\u015fa Antalya&#8217;dan kat\u0131ld\u0131\u011f\u0131n\u0131 belirterek; &#8220;T\u00fcrkiye Enduro GP ve \u00fcst klasman \u015fampiyonuyum. Bu y\u0131l T\u00fcrkiye \u015eampiyonas\u0131&#8217;n\u0131n 2&#8217;nci aya\u011f\u0131 Mersin&#8217;de, Toroslar&#8217;da yap\u0131ld\u0131. \u00c7ok g\u00fczel ve ba\u015far\u0131l\u0131 bir parkur haz\u0131rlanm\u0131\u015f. Bu parkurda ilk kez yar\u0131\u015f\u0131yorum. Pistin ve yar\u0131\u015f\u0131n haz\u0131rlanmas\u0131nda eme\u011fi ge\u00e7en Belediye Ba\u015fkan\u0131 Say\u0131n Ats\u0131z Af\u015f\u0131n Y\u0131lmaz&#8217;a, federasyona ve katk\u0131 sa\u011flayan herkese te\u015fekk\u00fcr ediyorum&#8221; diye konu\u015ftu.<\/p>\n<p>Mersin Yar\u0131\u015f\u0131 Veteran s\u0131n\u0131f\u0131 birincisi H\u00fcseyin Neziro\u011flu da Ba\u015fkan Y\u0131lmaz&#8217;a motosiklet sporuna sundu\u011fu katk\u0131lardan dolay\u0131 te\u015fekk\u00fcr ederek; &#8220;1990 y\u0131l\u0131ndan beri yar\u0131\u015f\u0131yorum. Belediyemizin ge\u00e7en y\u0131l d\u00fczenledi\u011fi yar\u0131\u015flara da kat\u0131ld\u0131m. Bu y\u0131l daha da profesyonel bir parkur ve yar\u0131\u015f haz\u0131rlanm\u0131\u015f. Belediye Ba\u015fkan\u0131 Say\u0131n Ats\u0131z Af\u015f\u0131n Y\u0131lmaz&#8217;a, ilgili kurumlara ve eme\u011fi ge\u00e7en herkese te\u015fekk\u00fcr ederim. Bu organizasyona kat\u0131lmaktan b\u00fcy\u00fck mutluluk duyduk&#8221; ifadelerini kulland\u0131.<\/p>\n<p>&#8220;\u015eampiyonada \u00d6d\u00fcller Sahiplerini Buldu&#8221;<\/p>\n<p>6 kategoride ger\u00e7ekle\u015fen yar\u0131\u015flar\u0131n ard\u0131ndan dereceye giren sporculara ve organizasyona destek veren kul\u00fcplerin temsilcilerine \u00f6d\u00fcllerini Toroslar Belediye Ba\u015fkan\u0131 Ats\u0131z Af\u015f\u0131n Y\u0131lmaz, d\u00fczenlenen t\u00f6ren ile takdim etti. Sporculara, kupa ve madalyan\u0131n yan\u0131 s\u0131ra para \u00f6d\u00fcl\u00fc de verildi.<\/p>\n<p>T\u00fcm sporcular\u0131 tebrik eden Ba\u015fkan Y\u0131lmaz; &#8220;Ulusal ve uluslararas\u0131 spor organizasyonlar\u0131, \u015fehrimizin tan\u0131t\u0131m\u0131na katk\u0131 sa\u011flayan \u00f6nemli bir ara\u00e7t\u0131r. Toroslar Belediyesi olarak T\u00fcrkiye S\u00fcper Enduro \u015eampiyonas\u0131&#8217;n\u0131 il\u00e7emizde ger\u00e7ekle\u015ftirmekten b\u00fcy\u00fck mutluluk duyduk&#8221; dedi.<\/p>\n<p>Ba\u015fkan Y\u0131lmaz; &#8220;Bu yar\u0131\u015f\u0131n d\u00fczenlenmesinde emek veren, katk\u0131 sa\u011flayan ba\u015fta T\u00fcrkiye Motosiklet Federasyonu olmak \u00fczere t\u00fcm kul\u00fcplerimize, sporculara te\u015fekk\u00fcr ediyorum. \u0130n\u015fallah hep beraber daha g\u00fczel organizasyonlar yapaca\u011f\u0131z&#8221; ifadelerini kulland\u0131.<\/p>\n<p>Program\u0131n sonunda Ba\u015fkan Y\u0131lmaz, sporcular ve organizasyonda eme\u011fi ge\u00e7en kat\u0131l\u0131mc\u0131larla birlikte hat\u0131ra foto\u011fraf\u0131 \u00e7ektirdi.<\/p>\n<p>Dereceye Giren Sporcular\u0131n \u0130simleri \u0130se \u015e\u00f6yle;<\/p>\n<p>S\u00fcper Enduro s\u0131n\u0131f\u0131; 1.Bayram Uysal, 2. Aykut K\u0131z\u0131ltan, 3. Azad Demirkal<\/p>\n<p>Prestij S\u0131n\u0131f\u0131; 1. Bayram Uysal, 2. Rafet Karaku\u015f, 3. Mehmet Akta\u015f<\/p>\n<p>Gen\u00e7ler S\u0131n\u0131f\u0131; 1. M. Emin Musao\u011flu, 2. Kenan Kazan, 3. Mert Ko\u00e7<\/p>\n<p>Usta S\u0131n\u0131f\u0131; 1. Azad Demirkal, 2. Murat Can K\u00f6se, 3. Furkan Asan<\/p>\n<p>Veteran S\u0131n\u0131f\u0131; 1. H\u00fcseyin Neziro\u011flu, 2. Erdem G\u00fcl\u00fc\u015f, 3. Ali Bayda\u015f<\/p>\n<p>Hobi S\u0131n\u0131f\u0131; 1. Aykut K\u0131z\u0131ltan, 2. Emre Cem Do\u011fu, 3. Arif \u015ei\u015fman <\/p>\n","protected":false},"excerpt":{"rendered":"<p>Sporun merkezi Toroslar Belediyesi, Mersin&#8217;de yine b\u00fcy\u00fck bir \u015fampiyonaya ev sahipli\u011fi yapt\u0131. T\u00fcrkiye S\u00fcper Enduro \u015eampiyonas\u0131&#8217;n\u0131n 2&#8217;nci aya\u011f\u0131 Toroslar&#8217;da ger\u00e7ekle\u015fti. 2 g\u00fcn s\u00fcren \u015fampiyonan\u0131n Mersin yar\u0131\u015f\u0131na; \u00fclkenin d\u00f6rt bir yan\u0131ndan &hellip; <a href=\"https:\/\/akdenizolaygazetesi.com\/?p=18993\" class=\"more-link\">Devam\u0131n\u0131 Oku&#8230;<\/a><\/p>\n","protected":false},"author":2,"featured_media":18994,"comment_status":"open","ping_status":"open","sticky":false,"template":"","format":"standard","meta":[],"categories":[3,10],"tags":[],"_links":{"self":[{"href":"https:\/\/akdenizolaygazetesi.com\/index.php?rest_route=\/wp\/v2\/posts\/18993"}],"collection":[{"href":"https:\/\/akdenizolaygazetesi.com\/index.php?rest_route=\/wp\/v2\/posts"}],"about":[{"href":"https:\/\/akdenizolaygazetesi.com\/index.php?rest_route=\/wp\/v2\/types\/post"}],"author":[{"embeddable":true,"href":"https:\/\/akdenizolaygazetesi.com\/index.php?rest_route=\/wp\/v2\/users\/2"}],"replies":[{"embeddable":true,"href":"https:\/\/akdenizolaygazetesi.com\/index.php?rest_route=%2Fwp%2Fv2%2Fcomments&post=18993"}],"version-history":[{"count":1,"href":"https:\/\/akdenizolaygazetesi.com\/index.php?rest_route=\/wp\/v2\/posts\/18993\/revisions"}],"predecessor-version":[{"id":18995,"href":"https:\/\/akdenizolaygazetesi.com\/index.php?rest_route=\/wp\/v2\/posts\/18993\/revisions\/18995"}],"wp:featuredmedia":[{"embeddable":true,"href":"https:\/\/akdenizolaygazetesi.com\/index.php?rest_route=\/wp\/v2\/media\/18994"}],"wp:attachment":[{"href":"https:\/\/akdenizolaygazetesi.com\/index.php?rest_route=%2Fwp%2Fv2%2Fmedia&parent=18993"}],"wp:term":[{"taxonomy":"category","embeddable":true,"href":"https:\/\/akdenizolaygazetesi.com\/index.php?rest_route=%2Fwp%2Fv2%2Fcategories&post=18993"},{"taxonomy":"post_tag","embeddable":true,"href":"https:\/\/akdenizolaygazetesi.com\/index.php?rest_route=%2Fwp%2Fv2%2Ftags&post=18993"}],"curies":[{"name":"wp","href":"https:\/\/api.w.org\/{rel}","templated":true}]}}