{"id":18996,"date":"2022-05-31T12:36:01","date_gmt":"2022-05-31T09:36:01","guid":{"rendered":"http:\/\/akdenizolaygazetesi.com\/?p=18996"},"modified":"2022-05-31T12:36:02","modified_gmt":"2022-05-31T09:36:02","slug":"sanatci-zeynep-casalini-mbb-kent-orkestrasiyla-sahne-aldi","status":"publish","type":"post","link":"https:\/\/akdenizolaygazetesi.com\/?p=18996","title":{"rendered":"SANAT\u00c7I ZEYNEP CASAL\u0130N\u0130, MBB KENT ORKESTRASI&#8217;YLA SAHNE ALDI"},"content":{"rendered":"<p>Mersin B\u00fcy\u00fck\u015fehir Belediyesi&#8217;nin ana sponsorlu\u011funda bu y\u0131l 20&#8217;ncisi ger\u00e7ekle\u015ftirilen Mersin Uluslararas\u0131 M\u00fczik Festivali kapsam\u0131nda \u00fcnl\u00fc sanat\u00e7\u0131 Zeynep Casalini, Mersin B\u00fcy\u00fck\u015fehir Belediyesi Kent Orkestras\u0131&#8217;n\u0131n e\u015fli\u011finde \u00d6zgecan Aslan Bar\u0131\u015f Meydan\u0131&#8217;nda Mersinli m\u00fczikseverlerle bulu\u015ftu.<br \/>\n&#8220;Mersin her zamanki gibi s\u0131cak ve nemli fakat insanlar\u0131 \u015fahane&#8221;<br \/>\nMersinlilere unutulmaz bir gece ya\u015fatan Zeynep Casalini,  kent i\u00e7in &#8220;Her zamanki gibi s\u0131cak ve nemli fakat insanlar\u0131 \u015fahane&#8221; dedi. Mersin&#8217;e daha \u00f6nce de geldi\u011fini ancak bu defa daha geli\u015fmi\u015f buldu\u011funu vurgulayan Casalini, &#8220;Benim ger\u00e7ek babam de\u011fil ama \u00fcvey babam film y\u00f6netmeni At\u0131f Y\u0131lmaz Bat\u0131beki. O Mersinli ve benim \u00e7ok k\u00fc\u00e7\u00fckl\u00fc\u011f\u00fcmden beri duydu\u011fum bir kentti ve geldi\u011fimde de hep onu hat\u0131rlar\u0131m&#8221; diye konu\u015ftu.<br \/>\n&#8220;M\u00fczi\u011fin birle\u015ftirici g\u00fcc\u00fcn\u00fc kullanan belediyelere \u00e7ok te\u015fekk\u00fcr ediyorum&#8221;<br \/>\nFestivalde yer alman\u0131n \u00f6zel bir duygu oldu\u011funu s\u00f6zlerine ekleyen Zeynep Casalini, &#8220;\u00d6zellikle de \u00d6zgecan Aslan Meydan\u0131&#8217;nda bu konseri veriyor olmam \u00e7ok \u00f6nemli. Bu festivale \u00e7ok k\u0131ymetli sanat\u00e7\u0131lar da kat\u0131l\u0131yor. Bu d\u00f6nemde \u00f6zellikle m\u00fczi\u011fin birle\u015ftirici g\u00fcc\u00fcn\u00fc kullanan belediyelere \u00e7ok te\u015fekk\u00fcr ediyorum. \u00c7\u00fcnk\u00fc bizleri motive eden tek \u015fey halk\u0131m\u0131zla bulu\u015fmak ve onlarla beraber \u015fark\u0131 s\u00f6ylemek. Dolay\u0131s\u0131yla Vahap Ba\u015fkan&#8217;a ve b\u00fct\u00fcn ekibine \u00e7ok te\u015fekk\u00fcr ediyorum. Burada oldu\u011fum i\u00e7in \u00e7ok mutluyum ve gururluyum&#8221; ifadelerine yer verdi.<br \/>\n&#8220;Mersin \u00e7ok \u00f6zel bir kent&#8221;<br \/>\nMersin B\u00fcy\u00fck\u015fehir Belediyesi Kent Orkestras\u0131&#8217;n\u0131n sahnede kendilerine e\u015flik etmesinden duydu\u011fu mutlulu\u011fu da s\u00f6zlerine ekleyen Zeynep Casalini, &#8220;Bir kere harika bir ekibim var. Daniel \u015eef&#8217;in \u00f6nc\u00fcl\u00fc\u011f\u00fcnde ger\u00e7ekten inan\u0131lmaz iyi m\u00fczisyenlerle kendi \u015fark\u0131lar\u0131m\u0131 s\u00f6yleyece\u011fim. Hem \u00e7ok heyecanl\u0131y\u0131m hem \u00e7ok gururluyum. Mersin \u00e7ok \u00f6zel bir kent. \u00c7ok kozmopolit ve \u00e7ok kar\u0131\u015f\u0131k. Bir s\u00fcr\u00fc k\u00fclt\u00fcr\u00fcn birle\u015fti\u011fi bir yer. Dolay\u0131s\u0131yla burada konser veriyor olmam benim i\u00e7in \u00e7ok \u00f6nemli&#8221; dedi.<br \/>\n&#8220;Bu kentin dinamiklerini bir arada tuttu\u011fu i\u00e7in \u00e7ok k\u0131ymetli bir festival&#8221;<br \/>\nMersin B\u00fcy\u00fck\u015fehir Belediyesi K\u00fclt\u00fcr ve Sosyal \u0130\u015fler Dairesi Koordinat\u00f6r\u00fc ve Opera Sanat\u00e7\u0131s\u0131 Bengi \u0130spir \u00d6zd\u00fclger, Ba\u015fkan Vahap Se\u00e7er&#8217;in k\u00fclt\u00fcre ve sanata sundu\u011fu deste\u011fin kendilerine g\u00fc\u00e7 verdi\u011fini s\u00f6yledi. \u00d6zd\u00fclger, &#8220;Bu y\u0131l 20&#8217;ncisi yap\u0131lan Mersin Uluslararas\u0131 M\u00fczik Festivali tabi kent i\u00e7in \u00e7ok \u00f6nemli bir etkinlik. Bir\u00e7ok bile\u015feni bir arada tutuyor. B\u00fcy\u00fck\u015fehir Belediyemizin yan\u0131 s\u0131ra il\u00e7e belediyelerimiz destek oluyor. Ayn\u0131 zamanda payda\u015flar\u0131m\u0131z var. Bu kentin dinamiklerini bir arada tuttu\u011fu i\u00e7in \u00e7ok k\u0131ymetli bir festival. Bu ak\u015fam\u0131n bizim i\u00e7in ayr\u0131 bir \u00f6zelli\u011fi var. Mersin B\u00fcy\u00fck\u015fehir Belediyesi Kent Orkestram\u0131z yeni yap\u0131land\u0131 ve \u00e7ok k\u0131ymet verdi\u011fimiz bir olu\u015fum i\u00e7erisinde bu ak\u015fam da Zeynep Casalini&#8217;ye e\u015flik edecekler&#8221; ifadelerine yer verdi.<\/p>\n","protected":false},"excerpt":{"rendered":"<p>Mersin B\u00fcy\u00fck\u015fehir Belediyesi&#8217;nin ana sponsorlu\u011funda bu y\u0131l 20&#8217;ncisi ger\u00e7ekle\u015ftirilen Mersin Uluslararas\u0131 M\u00fczik Festivali kapsam\u0131nda \u00fcnl\u00fc sanat\u00e7\u0131 Zeynep Casalini, Mersin B\u00fcy\u00fck\u015fehir Belediyesi Kent Orkestras\u0131&#8217;n\u0131n e\u015fli\u011finde \u00d6zgecan Aslan Bar\u0131\u015f Meydan\u0131&#8217;nda Mersinli m\u00fczikseverlerle &hellip; <a href=\"https:\/\/akdenizolaygazetesi.com\/?p=18996\" class=\"more-link\">Devam\u0131n\u0131 Oku&#8230;<\/a><\/p>\n","protected":false},"author":2,"featured_media":18997,"comment_status":"open","ping_status":"open","sticky":false,"template":"","format":"standard","meta":[],"categories":[2,3,5],"tags":[],"_links":{"self":[{"href":"https:\/\/akdenizolaygazetesi.com\/index.php?rest_route=\/wp\/v2\/posts\/18996"}],"collection":[{"href":"https:\/\/akdenizolaygazetesi.com\/index.php?rest_route=\/wp\/v2\/posts"}],"about":[{"href":"https:\/\/akdenizolaygazetesi.com\/index.php?rest_route=\/wp\/v2\/types\/post"}],"author":[{"embeddable":true,"href":"https:\/\/akdenizolaygazetesi.com\/index.php?rest_route=\/wp\/v2\/users\/2"}],"replies":[{"embeddable":true,"href":"https:\/\/akdenizolaygazetesi.com\/index.php?rest_route=%2Fwp%2Fv2%2Fcomments&post=18996"}],"version-history":[{"count":1,"href":"https:\/\/akdenizolaygazetesi.com\/index.php?rest_route=\/wp\/v2\/posts\/18996\/revisions"}],"predecessor-version":[{"id":18998,"href":"https:\/\/akdenizolaygazetesi.com\/index.php?rest_route=\/wp\/v2\/posts\/18996\/revisions\/18998"}],"wp:featuredmedia":[{"embeddable":true,"href":"https:\/\/akdenizolaygazetesi.com\/index.php?rest_route=\/wp\/v2\/media\/18997"}],"wp:attachment":[{"href":"https:\/\/akdenizolaygazetesi.com\/index.php?rest_route=%2Fwp%2Fv2%2Fmedia&parent=18996"}],"wp:term":[{"taxonomy":"category","embeddable":true,"href":"https:\/\/akdenizolaygazetesi.com\/index.php?rest_route=%2Fwp%2Fv2%2Fcategories&post=18996"},{"taxonomy":"post_tag","embeddable":true,"href":"https:\/\/akdenizolaygazetesi.com\/index.php?rest_route=%2Fwp%2Fv2%2Ftags&post=18996"}],"curies":[{"name":"wp","href":"https:\/\/api.w.org\/{rel}","templated":true}]}}