{"id":18999,"date":"2022-05-31T12:37:23","date_gmt":"2022-05-31T09:37:23","guid":{"rendered":"http:\/\/akdenizolaygazetesi.com\/?p=18999"},"modified":"2022-05-31T12:37:23","modified_gmt":"2022-05-31T09:37:23","slug":"mersin-sanat-kampi-tarsus-genclik-kampinda-gerceklestirildi","status":"publish","type":"post","link":"https:\/\/akdenizolaygazetesi.com\/?p=18999","title":{"rendered":"&#8216;MERS\u0130N SANAT KAMPI&#8217; TARSUS GEN\u00c7L\u0130K KAMPI&#8217;NDA GER\u00c7EKLE\u015eT\u0130R\u0130LD\u0130"},"content":{"rendered":"<p>Mersin B\u00fcy\u00fck\u015fehir Belediyesi&#8217;nin \u00f6nc\u00fcl\u00fc\u011f\u00fcnde kurulan Mersin&#8217;e De\u011fer Katanlar Kurulu (MEDEKA) ile Tarsus&#8217;a De\u011fer Katanlar Kurulu (TADEKA) i\u00e7inde yer alan Plastik Sanat Kurullar\u0131n\u0131n \u00fcyelerinin kat\u0131l\u0131m\u0131yla kentin ilk sanat kamp\u0131 ger\u00e7ekle\u015ftirildi. B\u00fcy\u00fck\u015fehir Belediyesi Kad\u0131n ve Aile Hizmetleri Dairesi&#8217;ne ba\u011fl\u0131 Tarsus Gen\u00e7lik Kamp\u0131&#8217;nda d\u00fczenlenen ve iki g\u00fcn s\u00fcren &#8216;Mersin Sanat Kamp\u0131&#8217;na, kent genelinden ve farkl\u0131 illerden misafir olarak 70&#8217;e yak\u0131n sanat\u00e7\u0131 kat\u0131ld\u0131.<\/p>\n<p>B\u00fcy\u00fck\u015fehir Belediyesi Bas\u0131n Yay\u0131n ve Halkla \u0130li\u015fkiler Dairesi Ba\u015fkan\u0131 Bedrettin G\u00fcnde\u015f, K\u00fclt\u00fcr ve Sosyal \u0130\u015fler Dairesi Ba\u015fkanl\u0131\u011f\u0131 Koordinat\u00f6r\u00fc ve Opera Sanat\u00e7\u0131s\u0131 Bengi \u0130spir \u00d6zd\u00fclger ile Kad\u0131n ve Aile Hizmetleri Dairesi Ba\u015fkan\u0131 \u015eerife Haso\u011flu Dokucu&#8217;nun da kat\u0131ld\u0131\u011f\u0131 etkinlikte; kolektif ve sanat\u00e7\u0131 sunumlar\u0131 ile m\u00fczik dinletisi ger\u00e7ekle\u015ftirildi.<\/p>\n<p>&#8220;Bu kentin \u00e7ok \u00f6nemli de\u011ferleri var&#8221;<\/p>\n<p>Bireysel veya farkl\u0131 kurumlar\u0131 temsilen kat\u0131l\u0131mc\u0131lar\u0131n konu\u015fma yapt\u0131\u011f\u0131 Mersin Sanat Kamp\u0131 etkinli\u011finde konu\u015fan Bas\u0131n Yay\u0131n ve Halkla \u0130li\u015fkiler Dairesi Ba\u015fkan\u0131 Bedrettin G\u00fcnde\u015f, &#8220;Ba\u015fkan\u0131m\u0131z sporda, sanatta, edebiyatta ve di\u011fer ba\u015fka alanlarda, bu kente de\u011fer katanlar\u0131n kendi alanlar\u0131nda bir yap\u0131 olu\u015fturmalar\u0131n\u0131 ve bizim yapaca\u011f\u0131m\u0131z her harekette, her etkinlikte \u00f6zellikle de\u011fer katanlar\u0131n g\u00f6r\u00fc\u015f ve \u00f6nerileri do\u011frultusunda hareket etmemiz gerekti\u011fini s\u00f6yledi. Bu \u00e7er\u00e7evede bu \u00e7al\u0131\u015fmalar ger\u00e7ekle\u015ftirildi. Arkada\u015flar\u0131m\u0131z yo\u011funla\u015ft\u0131, bu kentin \u00e7ok \u00f6nemli de\u011ferleri var. \u015euna emin olun; TADEKA ve MEDEKA&#8217;dan gelen her \u00f6neri Ba\u015fkan\u0131m\u0131z Vahap Se\u00e7er taraf\u0131ndan \u00f6nemseniyor ve ilgili birimlere gere\u011finin yap\u0131lmas\u0131 i\u00e7in aktar\u0131l\u0131yor&#8221; dedi.<\/p>\n<p>&#8220;Mersin&#8217;deki bu yap\u0131n\u0131n T\u00fcrkiye&#8217;de \u00f6rnek olmas\u0131n\u0131 \u00e7ok arzu ediyoruz&#8221;<\/p>\n<p>B\u00fcy\u00fck\u015fehir Belediyesi K\u00fclt\u00fcr ve Sosyal \u0130\u015fler Dairesi Koordinat\u00f6r\u00fc Bengi \u0130spir \u00d6zd\u00fclger, &#8220;Mersin&#8217;deki bu yap\u0131n\u0131n T\u00fcrkiye&#8217;de \u00f6rnek olmas\u0131n\u0131 \u00e7ok arzu ediyoruz. Bir sanat\u00e7\u0131 olarak da sizlerle bir arada olman\u0131n ayr\u0131 bir mutlulu\u011funu ya\u015f\u0131yorum. Mersin B\u00fcy\u00fck\u015fehir Belediyesi, sanatsal anlamda hep \u015fu motto ile yola \u00e7\u0131k\u0131yor asl\u0131nda; \u015fehirde k\u00fclt\u00fcr ve sanat\u0131n her yerde konu\u015fulmas\u0131, uygulanmas\u0131 ve ya\u015fan\u0131l\u0131r olmas\u0131n\u0131 istiyoruz. Bu noktada elimizden gelen ne varsa yapmak istiyoruz&#8221; diye konu\u015ftu.<\/p>\n<p>&#8220;Burada olmaktan \u00e7ok mutluyum&#8221;<\/p>\n<p>\u0130lk defa MEDEKA ve TADEKA \u00e7al\u0131\u015fmalar\u0131na kat\u0131lan Semiha Zorlu, &#8220;Burada olmaktan \u00e7ok mutluyum. Sanatla ilgilenen bu kadar heyecanl\u0131 ki\u015filerle beraber olmak ger\u00e7ekten \u00e7ok farkl\u0131 bir heyecan. Buradaki sanat\u00e7\u0131lar\u0131n hepsinin amac\u0131 &#8216;Mersin i\u00e7in ne yapabiliriz? Mersin&#8217;i sanat \u015fehri nas\u0131l yapabiliriz?&#8217; Hepsinin ortak d\u00fc\u015f\u00fcncesi bu&#8221; dedi.  <\/p>\n<p>D5 Sanat Ortam\u0131 sanat\u00e7\u0131lar\u0131ndan \u0130brahim Tokaslan da &#8220;\u00d6ncelikle heyecanl\u0131y\u0131z. B\u00f6yle bir birlikteli\u011fi sa\u011flad\u0131\u011f\u0131 i\u00e7in B\u00fcy\u00fck\u015fehir Belediyesi&#8217;ne te\u015fekk\u00fcr ederiz. Her sanat\u00e7\u0131 bireysel \u00e7al\u0131\u015fmalar\u0131 i\u00e7erisinde, kendi \u00e7eli\u015fkilerini, kendi problemlerini ya\u015famak zorunda; ya\u015f\u0131yor da. Ben bir sanat\u00e7\u0131 olarak bu problemlerin \u015fu anda kolektif \u00fcretim a\u00e7\u0131s\u0131ndan \u00e7eli\u015fkilerini ya\u015f\u0131yorum. Fikirlerimizi tart\u0131\u015farak ve somut hale getirip bu kent i\u00e7in neler yapabiliriz, sanat ad\u0131na neler yapabiliriz, bunun \u00e7al\u0131\u015fmalar\u0131 i\u00e7erisindeyiz&#8221; diye konu\u015ftu.<\/p>\n<p>D5 Sanat Ortam\u0131 kurucusu ve Mersin Sanat Kamp\u0131&#8217;n\u0131n olu\u015fmas\u0131 i\u00e7in \u00e7aba sarf eden isimlerden Veli Mert, MEDEKA&#8217;da yer almaktan mutluluk duydu\u011funu s\u00f6yleyerek, &#8220;Mersin&#8217;de sanat\u00e7\u0131lar ayr\u0131 ayr\u0131, kopuk kopuk ya\u015f\u0131yorlard\u0131. Onlar\u0131n hepsinin ayr\u0131 vizyonu var. Dolay\u0131s\u0131yla B\u00fcy\u00fck\u015fehir Belediyesi bu kente bir stratejik plan \u00e7er\u00e7evesinde bir perspektif olu\u015fturmu\u015ftu. Biz 45 sanat\u00e7\u0131 ailelerimizle beraber yat\u0131l\u0131 olarak buraya geldik. Asl\u0131nda hayal etti\u011fimiz \u015feyin nas\u0131l ger\u00e7ek oldu\u011funu biz ya\u015fad\u0131k. Ben buradan B\u00fcy\u00fck\u015fehir Belediye Ba\u015fkan\u0131m\u0131z Vahap Se\u00e7er&#8217;e te\u015fekk\u00fcr ediyorum&#8221; dedi.<\/p>\n<p>&#8220;B\u00fct\u00fcn sanat disiplinlerinin bir araya geldi\u011fi kurul oldu bu&#8221;<\/p>\n<p>Kurul \u00e7al\u0131\u015fmalar\u0131na destek veren \u00fcnl\u00fc ressam ve sanat\u00e7\u0131 Ahmet Ye\u015fil, &#8220;MEDEKA kuruldu\u011funda \u00e7ok heyecanlanm\u0131\u015ft\u0131k. \u00c7\u00fcnk\u00fc \u00e7ok \u00f6nemli; sanat ve k\u00fclt\u00fcr ya\u015fam\u0131 a\u00e7\u0131s\u0131ndan bo\u015flu\u011fu dolduracak. Ayn\u0131 zamanda bir b\u00fct\u00fcnl\u00fc\u011f\u00fc de sa\u011flayacak. B\u00fct\u00fcn sanat disiplinlerinin bir araya geldi\u011fi, her sanat disiplininin kendi i\u00e7inde bir komitesinin oldu\u011fu bir kurul oldu bu. \u015eu an burada ya\u015fad\u0131\u011f\u0131m\u0131z durumun nas\u0131l bir ivme ve heyecan kataca\u011f\u0131n\u0131, sanatsal ve k\u00fclt\u00fcrel alanda Mersin sanat ve k\u00fclt\u00fcr ya\u015fam\u0131na neler kataca\u011f\u0131n\u0131 ya\u015fam\u0131\u015f olduk. Bunu da burada ya\u015fayarak g\u00f6rmem beni \u00e7ok mutlu etti&#8221; diye konu\u015ftu.<\/p>\n<p>&#8220;Ba\u015far\u0131l\u0131 sonu\u00e7lar al\u0131naca\u011f\u0131na inan\u0131yorum&#8221;<\/p>\n<p>TADEKA Plastik Sanatlar Kurulu i\u00e7inde yer alan L\u00fctf\u00fc Haso\u011flu, etkinli\u011fin \u00e7ok g\u00fczel ge\u00e7ti\u011fini ifade ederek, &#8220;TADEKA, Tarsus&#8217;ta yap\u0131lacak herhangi bir etkinlikte Tarsus&#8217;taki ki\u015filerin karar vermesi amac\u0131yla kurulmu\u015f bir kurumdur. \u00d6ncelikle Vahap Se\u00e7er Bey&#8217;e ki\u015filere de\u011fer verdi\u011fi ve s\u00f6z sahibi etti\u011fi i\u00e7in, platformlar\u0131 \u00f6n plana \u00e7\u0131kartt\u0131\u011f\u0131 i\u00e7in \u00e7ok te\u015fekk\u00fcr ederiz. Buradaki Mersin Sanat Festivali&#8217;nde de MEDAKA ve TADEKA bir oldu. 60, 70 sanat\u00e7\u0131y\u0131 a\u011f\u0131rlad\u0131k, \u00e7ok g\u00fczel bir ortam oldu. Ba\u015far\u0131l\u0131 sonu\u00e7lar al\u0131naca\u011f\u0131na inan\u0131yorum&#8221; dedi.<\/p>\n","protected":false},"excerpt":{"rendered":"<p>Mersin B\u00fcy\u00fck\u015fehir Belediyesi&#8217;nin \u00f6nc\u00fcl\u00fc\u011f\u00fcnde kurulan Mersin&#8217;e De\u011fer Katanlar Kurulu (MEDEKA) ile Tarsus&#8217;a De\u011fer Katanlar Kurulu (TADEKA) i\u00e7inde yer alan Plastik Sanat Kurullar\u0131n\u0131n \u00fcyelerinin kat\u0131l\u0131m\u0131yla kentin ilk sanat kamp\u0131 ger\u00e7ekle\u015ftirildi. B\u00fcy\u00fck\u015fehir &hellip; <a href=\"https:\/\/akdenizolaygazetesi.com\/?p=18999\" class=\"more-link\">Devam\u0131n\u0131 Oku&#8230;<\/a><\/p>\n","protected":false},"author":2,"featured_media":19000,"comment_status":"open","ping_status":"open","sticky":false,"template":"","format":"standard","meta":[],"categories":[2,3,5],"tags":[],"_links":{"self":[{"href":"https:\/\/akdenizolaygazetesi.com\/index.php?rest_route=\/wp\/v2\/posts\/18999"}],"collection":[{"href":"https:\/\/akdenizolaygazetesi.com\/index.php?rest_route=\/wp\/v2\/posts"}],"about":[{"href":"https:\/\/akdenizolaygazetesi.com\/index.php?rest_route=\/wp\/v2\/types\/post"}],"author":[{"embeddable":true,"href":"https:\/\/akdenizolaygazetesi.com\/index.php?rest_route=\/wp\/v2\/users\/2"}],"replies":[{"embeddable":true,"href":"https:\/\/akdenizolaygazetesi.com\/index.php?rest_route=%2Fwp%2Fv2%2Fcomments&post=18999"}],"version-history":[{"count":1,"href":"https:\/\/akdenizolaygazetesi.com\/index.php?rest_route=\/wp\/v2\/posts\/18999\/revisions"}],"predecessor-version":[{"id":19001,"href":"https:\/\/akdenizolaygazetesi.com\/index.php?rest_route=\/wp\/v2\/posts\/18999\/revisions\/19001"}],"wp:featuredmedia":[{"embeddable":true,"href":"https:\/\/akdenizolaygazetesi.com\/index.php?rest_route=\/wp\/v2\/media\/19000"}],"wp:attachment":[{"href":"https:\/\/akdenizolaygazetesi.com\/index.php?rest_route=%2Fwp%2Fv2%2Fmedia&parent=18999"}],"wp:term":[{"taxonomy":"category","embeddable":true,"href":"https:\/\/akdenizolaygazetesi.com\/index.php?rest_route=%2Fwp%2Fv2%2Fcategories&post=18999"},{"taxonomy":"post_tag","embeddable":true,"href":"https:\/\/akdenizolaygazetesi.com\/index.php?rest_route=%2Fwp%2Fv2%2Ftags&post=18999"}],"curies":[{"name":"wp","href":"https:\/\/api.w.org\/{rel}","templated":true}]}}