{"id":1900,"date":"2020-11-04T18:22:25","date_gmt":"2020-11-04T15:22:25","guid":{"rendered":"http:\/\/mersinekonomipolitikagazetesi.com\/?p=1900"},"modified":"2020-11-04T18:22:25","modified_gmt":"2020-11-04T15:22:25","slug":"skm-baskani-peker-halkimizin-teveccuhu","status":"publish","type":"post","link":"https:\/\/akdenizolaygazetesi.com\/?p=1900","title":{"rendered":"SKM BA\u015eKANI PEKER, HALKIMIZIN TEVECC\u00dcH\u00dc"},"content":{"rendered":"<p>AK Parti Mersin \u0130l Se\u00e7im Koordinasyon Merkezi Ba\u015fkan\u0131 Kenan PEKER aday adayl\u0131\u011f\u0131 s\u00fcreci ile ilgili a\u00e7\u0131klama yapt\u0131.Aday Aday\u0131 ba\u015fvuru say\u0131s\u0131n\u0131n 165 oldu\u011funu belirterek bunun bir rekor oldu\u011funu ifade eden Peker, &#8221; Rekor bir say\u0131da ba\u015fvurunun olmas\u0131 elbette halk\u0131m\u0131z\u0131n AK Parti\u2019ye olan tevecc\u00fch\u00fcn\u00fc bir kez daha g\u00f6stermi\u015f oldu.\u00dclkemize ve Mersinimize hay\u0131rl\u0131 olsun&#8221; dedi.<\/p>\n<blockquote style=\"color: rgb(34, 34, 34); font-family: arial, sans-serif; font-size: 12.8px; font-style: normal; line-height: normal;\" type=\"cite\">\n<div dir=\"ltr\">\n<div style=\"font-variant-ligatures: normal; font-size: 12.8px;\"><span style=\"font-size:16px;\">24 Haziran se\u00e7imleri i\u00e7in yap\u0131lan aday adayl\u0131\u011f\u0131 ba\u015fvurular\u0131 hakk\u0131nda a\u00e7\u0131klama yapan AK Parti Mersi\u0307n \u0130l Ba\u015fkan Yard\u0131mc\u0131s\u0131, Mersin \u0130l SKM Ba\u015fkan\u0131 Kenan Peker\u00a0 \u201c24 Haziran Genel Se\u00e7imleri i\u00e7in 27. D\u00f6nem Milletvekili Aday Adayl\u0131\u011f\u0131 ba\u015fvuru tarihi 02 May\u0131s 2018 \u00c7ar\u015famba g\u00fcn\u00fc son bulmu\u015ftur. AK Parti Mersin \u0130l Ba\u015fkanl\u0131\u011f\u0131m\u0131za ba\u015fvuran aday adaylar\u0131m\u0131z\u0131n toplam say\u0131s\u0131 165&#8217;dir. 7 Haziran ve 1 Kas\u0131m se\u00e7imlerinde yap\u0131lan ba\u015fvurular\u0131n \u00fcst\u00fcnde, rekor bir say\u0131da ba\u015fvurunun olmas\u0131 elbette halk\u0131m\u0131z\u0131n AK Parti\u2019ye olan tevecc\u00fch\u00fcn\u00fc bir kez daha g\u00f6stermi\u015f oldu. 05 May\u0131s 2018 Cumartesi g\u00fcn\u00fc Edip Burhan Kapal\u0131 Spor Salonunda 10:00 &#8211; 16:00 saatleri aras\u0131nda Milletvekili Aday Adayl\u0131\u011f\u0131 temay\u00fcl yoklamas\u0131 yap\u0131lacakt\u0131r. Temay\u00fcl yoklamam\u0131z\u0131n tamamlanmas\u0131yla birlikte AK Parti Genel Merkezdeki alt komisyonlar \u00e7al\u0131\u015fmaya ba\u015flayacakt\u0131r. Komisyon s\u00fcrecinden sonra \u00f6n\u00fcm\u00fczdeki hafta i\u00e7inde aday m\u00fclakatlar\u0131 ba\u015flayarak son isti\u015fare ve de\u011ferlendirmelerin ard\u0131ndan ise adaylar\u0131m\u0131z belirlenecektir. \u00dclkemize ve Mersinimize hay\u0131rl\u0131 olsun&#8221; \u015feklinde konu\u015ftu.<\/span><\/div>\n<\/div>\n<\/blockquote>\n","protected":false},"excerpt":{"rendered":"<p>AK Parti Mersin \u0130l Se\u00e7im Koordinasyon Merkezi Ba\u015fkan\u0131 Kenan PEKER aday adayl\u0131\u011f\u0131 s\u00fcreci ile ilgili a\u00e7\u0131klama yapt\u0131.Aday Aday\u0131 ba\u015fvuru say\u0131s\u0131n\u0131n 165 oldu\u011funu belirterek bunun bir rekor oldu\u011funu ifade eden Peker, &hellip; <a href=\"https:\/\/akdenizolaygazetesi.com\/?p=1900\" class=\"more-link\">Devam\u0131n\u0131 Oku&#8230;<\/a><\/p>\n","protected":false},"author":1,"featured_media":0,"comment_status":"open","ping_status":"open","sticky":false,"template":"","format":"standard","meta":[],"categories":[],"tags":[],"_links":{"self":[{"href":"https:\/\/akdenizolaygazetesi.com\/index.php?rest_route=\/wp\/v2\/posts\/1900"}],"collection":[{"href":"https:\/\/akdenizolaygazetesi.com\/index.php?rest_route=\/wp\/v2\/posts"}],"about":[{"href":"https:\/\/akdenizolaygazetesi.com\/index.php?rest_route=\/wp\/v2\/types\/post"}],"author":[{"embeddable":true,"href":"https:\/\/akdenizolaygazetesi.com\/index.php?rest_route=\/wp\/v2\/users\/1"}],"replies":[{"embeddable":true,"href":"https:\/\/akdenizolaygazetesi.com\/index.php?rest_route=%2Fwp%2Fv2%2Fcomments&post=1900"}],"version-history":[{"count":0,"href":"https:\/\/akdenizolaygazetesi.com\/index.php?rest_route=\/wp\/v2\/posts\/1900\/revisions"}],"wp:attachment":[{"href":"https:\/\/akdenizolaygazetesi.com\/index.php?rest_route=%2Fwp%2Fv2%2Fmedia&parent=1900"}],"wp:term":[{"taxonomy":"category","embeddable":true,"href":"https:\/\/akdenizolaygazetesi.com\/index.php?rest_route=%2Fwp%2Fv2%2Fcategories&post=1900"},{"taxonomy":"post_tag","embeddable":true,"href":"https:\/\/akdenizolaygazetesi.com\/index.php?rest_route=%2Fwp%2Fv2%2Ftags&post=1900"}],"curies":[{"name":"wp","href":"https:\/\/api.w.org\/{rel}","templated":true}]}}