{"id":19002,"date":"2022-05-31T12:39:13","date_gmt":"2022-05-31T09:39:13","guid":{"rendered":"http:\/\/akdenizolaygazetesi.com\/?p=19002"},"modified":"2022-05-31T12:39:13","modified_gmt":"2022-05-31T09:39:13","slug":"kktc-erenkoy-ekoturizm-calismalari-yerinde-incelendi","status":"publish","type":"post","link":"https:\/\/akdenizolaygazetesi.com\/?p=19002","title":{"rendered":"KKTC Erenk\u00f6y Ekoturizm \u00c7al\u0131\u015fmalar\u0131 yerinde incelendi"},"content":{"rendered":"<p>K\u0131br\u0131s Direni\u015finin sembol\u00fc olan Erenk\u00f6y\u2019de T\u00fcrkiye Cumhuriyeti Orman Genel M\u00fcd\u00fcrl\u00fc\u011f\u00fc ve KKTC Orman Dairesi ile i\u015fbirli\u011fi kapsam\u0131nda Mersin Orman B\u00f6lge M\u00fcd\u00fcrl\u00fc\u011f\u00fc Ekosistem Hizmetleri \u015eube M\u00fcd\u00fcrl\u00fc\u011f\u00fc taraf\u0131ndan Ekoturizm Plan\u0131 haz\u0131rlanm\u0131\u015ft\u0131. Erenk\u00f6y Ekoturizm Plan\u0131nda yer alan donat\u0131lar\u0131n yap\u0131m g\u00f6revi de Mersin Orman B\u00f6lge M\u00fcd\u00fcrl\u00fc\u011f\u00fcne verilmi\u015f olup bu \u00e7al\u0131\u015fmalar devam etmektedir.<br \/>\nPlan kapsam\u0131nda yap\u0131lan \u00e7al\u0131\u015fmalar\u0131 yerinde g\u00f6rmek \u00fczere Mersin Orman B\u00f6lge M\u00fcd\u00fcr\u00fc Kenan Akduman, Ekosistem Hizmetleri \u015eube M\u00fcd\u00fcrl\u00fc\u011f\u00fc Muhammet Aslanhan Erenk\u00f6y\u2019e bir ziyaret ger\u00e7ekle\u015ftirdiler. Ziyarete KKTC Orman Dairesi M\u00fcd\u00fcr\u00fc Cemil Karzao\u011flu ve Yard\u0131mc\u0131s\u0131 Salih G\u00fcne\u015f ile G\u00fcvenlik Kuvvetleri Komutanl\u0131\u011f\u0131 yetkilisi e\u015flik etti. Yap\u0131lan \u00e7al\u0131\u015fmalar yerlerinde tek tek incelendi eksik ve aksayan hususlar olup olmad\u0131\u011f\u0131na bak\u0131ld\u0131.<br \/>\nEkoturizm \u00e7al\u0131\u015fmalar\u0131n\u0131n yap\u0131ld\u0131\u011f\u0131 Erenk\u00f6y;1950&#8217;lerden itibaren T\u00fcrk Mukavemet Te\u015fkilat\u0131 taraf\u0131ndan T\u00fcrkiye&#8217;den ikmalin yap\u0131ld\u0131\u011f\u0131, K\u0131br\u0131s T\u00fcrk\u00fcn\u00fcn direni\u015finin can damar\u0131 olmu\u015ftur. 1964 y\u0131l\u0131nda Erenk\u00f6y\u2019de destans\u0131 bir direni\u015f ve varolu\u015f m\u00fccadelesi verilmi\u015ftir. K\u0131br\u0131s\u2019\u0131n \u00c7anakkale\u2019si olarak adland\u0131r\u0131lmaktad\u0131r. \u00c7al\u0131\u015fmalar tamamland\u0131\u011f\u0131nda ziyaret\u00e7iler,  direni\u015f ve varolu\u015f m\u00fccadelesinin izlerini g\u00f6recek, o an\u0131 ve ruhu hissedeceklerdir. <\/p>\n","protected":false},"excerpt":{"rendered":"<p>K\u0131br\u0131s Direni\u015finin sembol\u00fc olan Erenk\u00f6y\u2019de T\u00fcrkiye Cumhuriyeti Orman Genel M\u00fcd\u00fcrl\u00fc\u011f\u00fc ve KKTC Orman Dairesi ile i\u015fbirli\u011fi kapsam\u0131nda Mersin Orman B\u00f6lge M\u00fcd\u00fcrl\u00fc\u011f\u00fc Ekosistem Hizmetleri \u015eube M\u00fcd\u00fcrl\u00fc\u011f\u00fc taraf\u0131ndan Ekoturizm Plan\u0131 haz\u0131rlanm\u0131\u015ft\u0131. Erenk\u00f6y &hellip; <a href=\"https:\/\/akdenizolaygazetesi.com\/?p=19002\" class=\"more-link\">Devam\u0131n\u0131 Oku&#8230;<\/a><\/p>\n","protected":false},"author":2,"featured_media":19003,"comment_status":"open","ping_status":"open","sticky":false,"template":"","format":"standard","meta":[],"categories":[3],"tags":[],"_links":{"self":[{"href":"https:\/\/akdenizolaygazetesi.com\/index.php?rest_route=\/wp\/v2\/posts\/19002"}],"collection":[{"href":"https:\/\/akdenizolaygazetesi.com\/index.php?rest_route=\/wp\/v2\/posts"}],"about":[{"href":"https:\/\/akdenizolaygazetesi.com\/index.php?rest_route=\/wp\/v2\/types\/post"}],"author":[{"embeddable":true,"href":"https:\/\/akdenizolaygazetesi.com\/index.php?rest_route=\/wp\/v2\/users\/2"}],"replies":[{"embeddable":true,"href":"https:\/\/akdenizolaygazetesi.com\/index.php?rest_route=%2Fwp%2Fv2%2Fcomments&post=19002"}],"version-history":[{"count":1,"href":"https:\/\/akdenizolaygazetesi.com\/index.php?rest_route=\/wp\/v2\/posts\/19002\/revisions"}],"predecessor-version":[{"id":19004,"href":"https:\/\/akdenizolaygazetesi.com\/index.php?rest_route=\/wp\/v2\/posts\/19002\/revisions\/19004"}],"wp:featuredmedia":[{"embeddable":true,"href":"https:\/\/akdenizolaygazetesi.com\/index.php?rest_route=\/wp\/v2\/media\/19003"}],"wp:attachment":[{"href":"https:\/\/akdenizolaygazetesi.com\/index.php?rest_route=%2Fwp%2Fv2%2Fmedia&parent=19002"}],"wp:term":[{"taxonomy":"category","embeddable":true,"href":"https:\/\/akdenizolaygazetesi.com\/index.php?rest_route=%2Fwp%2Fv2%2Fcategories&post=19002"},{"taxonomy":"post_tag","embeddable":true,"href":"https:\/\/akdenizolaygazetesi.com\/index.php?rest_route=%2Fwp%2Fv2%2Ftags&post=19002"}],"curies":[{"name":"wp","href":"https:\/\/api.w.org\/{rel}","templated":true}]}}