{"id":19008,"date":"2022-05-31T12:42:04","date_gmt":"2022-05-31T09:42:04","guid":{"rendered":"http:\/\/akdenizolaygazetesi.com\/?p=19008"},"modified":"2022-05-31T12:42:04","modified_gmt":"2022-05-31T09:42:04","slug":"minik-ziyaretciler-iz-birakanlar-muzesini-gezdi","status":"publish","type":"post","link":"https:\/\/akdenizolaygazetesi.com\/?p=19008","title":{"rendered":"M\u0130N\u0130K Z\u0130YARET\u00c7\u0130LER \u0130Z BIRAKANLAR M\u00dcZES\u0130N\u0130 GEZD\u0130"},"content":{"rendered":"<p>Mersin\u2019in ge\u00e7mi\u015fine yolculuk imk\u00e2n\u0131 sunan, \u015fehrin haf\u0131zas\u0131n\u0131 ya\u015fatan, kente iz b\u0131rakm\u0131\u015f isimleri gelece\u011fe ta\u015f\u0131yan Akdeniz Belediyesi \u0130z B\u0131rakanlar M\u00fczesi, her g\u00fcn farkl\u0131 ya\u015f ve kesimlerden ziyaret\u00e7ilerini a\u011f\u0131rl\u0131yor.<br \/>\nAkdeniz Belediyesi\u2019nin, Mersin Valili\u011fi\u2019nin deste\u011fi ve Akdeniz Kent Konseyi\u2019nin katk\u0131lar\u0131yla, yok olmak \u00fczere olan tarihi bir Mersin Evi\u2019ni restore edip \u2018\u0130z B\u0131rakanlar M\u00fczesi\u2019 ad\u0131yla gelece\u011fe kazand\u0131rd\u0131\u011f\u0131 iki katl\u0131 tarihi bina ziyaret\u00e7ilerini a\u011f\u0131rl\u0131yor.<br \/>\nMersin Kent merkezinde bulunan Mesudiye Mahallesi 5105 ile 5122 sokaklar\u0131n kesi\u015fti\u011fi yerde bulunan \u0130z B\u0131rakanlar M\u00fczesi, bir yandan kentte bulunan farkl\u0131 okullardan her g\u00fcn onlarca \u00f6\u011frenci ve \u00f6\u011fretmeni a\u011f\u0131rlarken, di\u011fer yandan \u015fehir d\u0131\u015f\u0131ndan Mersin\u2019e gelen misafirlerin de ilk u\u011frad\u0131\u011f\u0131 yerlerden birine d\u00f6n\u00fc\u015f\u00fcyor. Mersin\u2019in son 120 y\u0131l\u0131n\u0131n yan\u0131 s\u0131ra, tarih \u00f6ncesi \u00e7e\u015fitli kay\u0131tlar\u0131n da yer al\u0131p sergilendi\u011fi m\u00fczede, Mersin&#8217;de ya\u015fam\u0131\u015f, \u015fehre imzas\u0131n\u0131 atm\u0131\u015f, sporcusundan, sanat\u00e7\u0131s\u0131na, tarih\u00e7isinden, siyaset\u00e7isine kadar bir\u00e7ok de\u011ferli ismin biyografisi ve resimleri yer al\u0131yor.<br \/>\nM\u00fczenin son konuklar\u0131 ilkokul \u00f6\u011frencileri oldu<br \/>\nAkdeniz\u2019de bir ilk olan m\u00fcze 8 odadan olu\u015furken, kentin 100 y\u0131ll\u0131k ge\u00e7mi\u015fine sahip futbol tak\u0131m\u0131 Mersin \u0130dman Yurdu\u2019na da ayr\u0131 bir oda haz\u0131rland\u0131. Her ge\u00e7en g\u00fcn daha \u00e7ok ilgi \u00e7eken \u0130z B\u0131rakanlar M\u00fczesi\u2019ni, son olarak il\u00e7e s\u0131n\u0131rlar\u0131nda bulunan farkl\u0131 okullardan y\u00fczlerce \u00f6\u011frenci, \u00f6\u011fretmenleri ile birlikte ziyaret etti. Minik \u00f6\u011frenciler gezide, hem ya\u015fad\u0131klar\u0131 \u015fehir ve \u015fehre etki b\u0131rakm\u0131\u015f isimler hakk\u0131nda bilgiler edinirken, arkada\u015flar\u0131yla da keyifli ve e\u011flenceli bir g\u00fcn ge\u00e7irdiler.<br \/>\nBu y\u0131l 28 Ocak\u2019ta kent protokol\u00fcn\u00fcn yo\u011fun kat\u0131l\u0131m\u0131yla ger\u00e7ekle\u015fen t\u00f6renle ziyarete a\u00e7\u0131lan, kentin tarih birikimi ve haf\u0131zas\u0131na yolculuk imk\u00e2n\u0131 sunan m\u00fcze ziyaret\u00e7ilerini a\u011f\u0131rlamaya devam edecek. <\/p>\n","protected":false},"excerpt":{"rendered":"<p>Mersin\u2019in ge\u00e7mi\u015fine yolculuk imk\u00e2n\u0131 sunan, \u015fehrin haf\u0131zas\u0131n\u0131 ya\u015fatan, kente iz b\u0131rakm\u0131\u015f isimleri gelece\u011fe ta\u015f\u0131yan Akdeniz Belediyesi \u0130z B\u0131rakanlar M\u00fczesi, her g\u00fcn farkl\u0131 ya\u015f ve kesimlerden ziyaret\u00e7ilerini a\u011f\u0131rl\u0131yor. Akdeniz Belediyesi\u2019nin, Mersin &hellip; <a href=\"https:\/\/akdenizolaygazetesi.com\/?p=19008\" class=\"more-link\">Devam\u0131n\u0131 Oku&#8230;<\/a><\/p>\n","protected":false},"author":2,"featured_media":19009,"comment_status":"open","ping_status":"open","sticky":false,"template":"","format":"standard","meta":[],"categories":[2,3,10],"tags":[],"_links":{"self":[{"href":"https:\/\/akdenizolaygazetesi.com\/index.php?rest_route=\/wp\/v2\/posts\/19008"}],"collection":[{"href":"https:\/\/akdenizolaygazetesi.com\/index.php?rest_route=\/wp\/v2\/posts"}],"about":[{"href":"https:\/\/akdenizolaygazetesi.com\/index.php?rest_route=\/wp\/v2\/types\/post"}],"author":[{"embeddable":true,"href":"https:\/\/akdenizolaygazetesi.com\/index.php?rest_route=\/wp\/v2\/users\/2"}],"replies":[{"embeddable":true,"href":"https:\/\/akdenizolaygazetesi.com\/index.php?rest_route=%2Fwp%2Fv2%2Fcomments&post=19008"}],"version-history":[{"count":1,"href":"https:\/\/akdenizolaygazetesi.com\/index.php?rest_route=\/wp\/v2\/posts\/19008\/revisions"}],"predecessor-version":[{"id":19010,"href":"https:\/\/akdenizolaygazetesi.com\/index.php?rest_route=\/wp\/v2\/posts\/19008\/revisions\/19010"}],"wp:featuredmedia":[{"embeddable":true,"href":"https:\/\/akdenizolaygazetesi.com\/index.php?rest_route=\/wp\/v2\/media\/19009"}],"wp:attachment":[{"href":"https:\/\/akdenizolaygazetesi.com\/index.php?rest_route=%2Fwp%2Fv2%2Fmedia&parent=19008"}],"wp:term":[{"taxonomy":"category","embeddable":true,"href":"https:\/\/akdenizolaygazetesi.com\/index.php?rest_route=%2Fwp%2Fv2%2Fcategories&post=19008"},{"taxonomy":"post_tag","embeddable":true,"href":"https:\/\/akdenizolaygazetesi.com\/index.php?rest_route=%2Fwp%2Fv2%2Ftags&post=19008"}],"curies":[{"name":"wp","href":"https:\/\/api.w.org\/{rel}","templated":true}]}}