{"id":19017,"date":"2022-06-01T12:32:09","date_gmt":"2022-06-01T09:32:09","guid":{"rendered":"http:\/\/akdenizolaygazetesi.com\/?p=19017"},"modified":"2022-06-01T12:32:09","modified_gmt":"2022-06-01T09:32:09","slug":"klasik-muzigin-basyapitlari-mersinde-seslendirildi","status":"publish","type":"post","link":"https:\/\/akdenizolaygazetesi.com\/?p=19017","title":{"rendered":"Klasik M\u00fczi\u011fin Ba\u015fyap\u0131tlar\u0131 Mersin&#8217;de Seslendirildi"},"content":{"rendered":"<p>            20. Mersin Uluslararas\u0131 M\u00fczik Festivali, \u015eef \u0130brahim Yaz\u0131c\u0131 y\u00f6netiminde klasik m\u00fczi\u011fin ba\u015fyap\u0131tlar\u0131n\u0131 sanatseverlerle bulu\u015fturdu. D\u00fcnyaca \u00fcnl\u00fc \u00c7ellist Jamal Aliyev&#8217;e Festival Orkestras\u0131&#8217;n\u0131n e\u015flik etti\u011fi konser, 31 May\u0131s 2022 Sal\u0131 saat: 20.00&#8217;de Mersin K\u00fclt\u00fcr Merkezi&#8217;nde yer ald\u0131.<br \/>\n            \u0130ki b\u00f6l\u00fcm halinde ger\u00e7ekle\u015ftirilen konserde, ba\u015far\u0131lar\u0131yla klasik m\u00fczik d\u00fcnyas\u0131n\u0131n dikkatini \u00fczerine \u00e7eken, \u0130ngiltere merkezli Classic FM taraf\u0131ndan &#8220;D\u00fcnyan\u0131n 30 Ya\u015f Alt\u0131 En \u00d6nde Gelen 30 M\u00fczisyeninden Biri&#8221; olarak se\u00e7ilen Jamal Aliyev, seslendirdi\u011fi Dvorak \u00c7ello Kon\u00e7ertosu ile dinleyenlerini kendisine hayran b\u0131rakt\u0131. Concert Artist Guild yar\u0131\u015fmas\u0131 da dahil pek \u00e7ok \u00f6d\u00fclle d\u00fcnya \u00e7ap\u0131nda kariyer elde eden Sanat\u00e7\u0131, Almanya Hochschole f\u00fcr Music K\u00f6ln&#8217;de doktora e\u011fitimine devam etmekte. Konserin di\u011fer b\u00f6l\u00fcm\u00fcnde ise klasik m\u00fczi\u011fin bir ba\u015fka ba\u015fyap\u0131tlar\u0131ndan \u00c7aykovski 5. Senfonisi&#8217;ni seslendiren Festival Orkestras\u0131, konser sonunda dakikalarca ayakta alk\u0131\u015fland\u0131.<\/p>\n","protected":false},"excerpt":{"rendered":"<p>20. Mersin Uluslararas\u0131 M\u00fczik Festivali, \u015eef \u0130brahim Yaz\u0131c\u0131 y\u00f6netiminde klasik m\u00fczi\u011fin ba\u015fyap\u0131tlar\u0131n\u0131 sanatseverlerle bulu\u015fturdu. D\u00fcnyaca \u00fcnl\u00fc \u00c7ellist Jamal Aliyev&#8217;e Festival Orkestras\u0131&#8217;n\u0131n e\u015flik etti\u011fi konser, 31 May\u0131s 2022 Sal\u0131 saat: 20.00&#8217;de &hellip; <a href=\"https:\/\/akdenizolaygazetesi.com\/?p=19017\" class=\"more-link\">Devam\u0131n\u0131 Oku&#8230;<\/a><\/p>\n","protected":false},"author":2,"featured_media":19018,"comment_status":"open","ping_status":"open","sticky":false,"template":"","format":"standard","meta":[],"categories":[2,3],"tags":[],"_links":{"self":[{"href":"https:\/\/akdenizolaygazetesi.com\/index.php?rest_route=\/wp\/v2\/posts\/19017"}],"collection":[{"href":"https:\/\/akdenizolaygazetesi.com\/index.php?rest_route=\/wp\/v2\/posts"}],"about":[{"href":"https:\/\/akdenizolaygazetesi.com\/index.php?rest_route=\/wp\/v2\/types\/post"}],"author":[{"embeddable":true,"href":"https:\/\/akdenizolaygazetesi.com\/index.php?rest_route=\/wp\/v2\/users\/2"}],"replies":[{"embeddable":true,"href":"https:\/\/akdenizolaygazetesi.com\/index.php?rest_route=%2Fwp%2Fv2%2Fcomments&post=19017"}],"version-history":[{"count":1,"href":"https:\/\/akdenizolaygazetesi.com\/index.php?rest_route=\/wp\/v2\/posts\/19017\/revisions"}],"predecessor-version":[{"id":19019,"href":"https:\/\/akdenizolaygazetesi.com\/index.php?rest_route=\/wp\/v2\/posts\/19017\/revisions\/19019"}],"wp:featuredmedia":[{"embeddable":true,"href":"https:\/\/akdenizolaygazetesi.com\/index.php?rest_route=\/wp\/v2\/media\/19018"}],"wp:attachment":[{"href":"https:\/\/akdenizolaygazetesi.com\/index.php?rest_route=%2Fwp%2Fv2%2Fmedia&parent=19017"}],"wp:term":[{"taxonomy":"category","embeddable":true,"href":"https:\/\/akdenizolaygazetesi.com\/index.php?rest_route=%2Fwp%2Fv2%2Fcategories&post=19017"},{"taxonomy":"post_tag","embeddable":true,"href":"https:\/\/akdenizolaygazetesi.com\/index.php?rest_route=%2Fwp%2Fv2%2Ftags&post=19017"}],"curies":[{"name":"wp","href":"https:\/\/api.w.org\/{rel}","templated":true}]}}