{"id":1902,"date":"2020-11-04T18:22:25","date_gmt":"2020-11-04T15:22:25","guid":{"rendered":"http:\/\/mersinekonomipolitikagazetesi.com\/?p=1902"},"modified":"2020-11-04T18:22:25","modified_gmt":"2020-11-04T15:22:25","slug":"azerbaycan-heyeti-buyuksehiri-ziyaret-etti","status":"publish","type":"post","link":"https:\/\/akdenizolaygazetesi.com\/?p=1902","title":{"rendered":"Azerbaycan heyeti B\u00fcy\u00fck\u015fehir&#8217;i ziyaret etti"},"content":{"rendered":"<p>Azerbaycan&#8217;\u0131n Hatai Valisi Razim Memmedov&#8217;un da aralar\u0131nda bulundu\u011fu Azerbaycan heyeti, Mersin B\u00fcy\u00fck\u015fehir Belediyesi&#8217;ni ziyaret etti.<\/p>\n<p><span style=\"font-size:16px;\"><span style=\"font-family: sans-serif; line-height: 20px; text-align: justify; background-color: rgb(242, 244, 245);\">Azerbaycan\u2019\u0131n milli lideri merhum Haydar Aliyev\u2019in, do\u011fumunun 95. y\u0131l\u0131 dolay\u0131s\u0131yla d\u00fczenlenen anma etkinlikleri kapsam\u0131nda, Azerbaycan heyeti Mersin&#8217;e geldi. Tarsus&#8217;un karde\u015f \u015fehri olan Hatai&#8217;den gelen Vali Razim Memmedov&#8217;un da aralar\u0131nda bulundu\u011fu Azerbaycan heyeti, Mersin&#8217;le Hatai aras\u0131nda karde\u015flik ba\u011f\u0131 oldu\u011funu vurgulad\u0131.\u00a0<\/span><br style=\"box-sizing: border-box; font-family: sans-serif; font-size: 14px; line-height: 20px; text-align: justify; background-color: rgb(242, 244, 245);\" \/><br \/>\n<span style=\"font-family: sans-serif; line-height: 20px; text-align: justify; background-color: rgb(242, 244, 245);\">Ziyaretle ilgili konu\u015fma yapan Ba\u015fkan Kocamaz, &#8220;Biz sizleri kendimizden bir par\u00e7a olarak g\u00f6r\u00fcyoruz. Aram\u0131zda hi\u00e7bir fark g\u00f6rm\u00fcyoruz. Bug\u00fcn B\u00fcy\u00fck Lider Haydar Aliyev\u2019in do\u011fum y\u0131l d\u00f6n\u00fcm\u00fcn\u00fc beraber kutlayaca\u011f\u0131z. Dolay\u0131s\u0131yla onun ruhunu in\u015fallah \u015fad etmi\u015f olaca\u011f\u0131z. Her zaman s\u00f6yl\u00fcyoruz ki T\u00fcrk d\u00fcnyas\u0131 tek bir devlet olamayabilir ama g\u00f6n\u00fclleri birle\u015ftirerek bizim h\u00fclyam\u0131z olan \u015fimdiki Avrupa Birli\u011fi gibi bir T\u00fcrk Birli\u011fi olu\u015farak ekonomik y\u00f6nden de birbirini destekleyerek d\u00fcnyada \u00e7ok b\u00fcy\u00fck s\u00f6z sahibi olabilirler. Azerbaycan\u2019\u0131n havas\u0131n\u0131 Mersin\u2019de ve Tarsus\u2019ta hissettiriyorsunuz. Bundan 3 hafta \u00f6nce T\u00fcrk D\u00fcnyas\u0131 \u015eiir Ak\u015famlar\u0131 i\u00e7in Azerbaycan Televizyonu buradayd\u0131&#8221; dedi.\u00a0<\/span><br style=\"box-sizing: border-box; font-family: sans-serif; font-size: 14px; line-height: 20px; text-align: justify; background-color: rgb(242, 244, 245);\" \/><br \/>\n<br style=\"box-sizing: border-box; font-family: sans-serif; font-size: 14px; line-height: 20px; text-align: justify; background-color: rgb(242, 244, 245);\" \/><br \/>\n<span style=\"font-family: sans-serif; line-height: 20px; text-align: justify; background-color: rgb(242, 244, 245);\">&#8220;Karde\u015fli\u011fimiz Azerbaycan&#8217;da \u00f6rnek&#8221;\u00a0<\/span><br style=\"box-sizing: border-box; font-family: sans-serif; font-size: 14px; line-height: 20px; text-align: justify; background-color: rgb(242, 244, 245);\" \/><br \/>\n<span style=\"font-family: sans-serif; line-height: 20px; text-align: justify; background-color: rgb(242, 244, 245);\">Hatai Valisi Razim Memmedov ise &#8220;Hakikati s\u00f6ylemek istiyorum ki Hatai ile Tarsus\u2019un karde\u015fli\u011fi art\u0131k Azerbaycan\u2019da bir \u00f6rnek dostluk g\u00f6stergesidir. Biz art\u0131k buralarla \u00f6zde\u015flemi\u015f insanlar\u0131z. Tarsus\u2019a yapt\u0131rd\u0131\u011f\u0131n\u0131z Haydar Aliyev Heykeli\u2019nden de \u00e7ok memnun kald\u0131\u011f\u0131m\u0131 belirtmek istiyorum. Azerbaycan\u2019\u0131n her b\u00f6lgesinde bizim dostlu\u011fumuz \u00f6rnek g\u00f6steriliyor. Tarsus Belediye Ba\u015fkan\u0131m\u0131z \u015eevket Can\u2019a ve sizlere bir kez daha minnetimiz belirtmek isterim. Bizim hem dilimiz hem de dinimiz birbirine uygundur. Sizlerle kurdu\u011fumuz m\u00fcnasebeti s\u00fcrd\u00fcrmek i\u00e7in \u00e7al\u0131\u015f\u0131yoruz. \u0130stiyoruz ki bizim aram\u0131zda olan m\u00fcnasebetler gen\u00e7 nesiller i\u00e7inde \u00f6rnek olsun. T\u00fcrkiye ve Azerbaycan ayr\u0131lmaz bir \u00fclkedir ve ebediyen de b\u00f6yle kalacak&#8221; ifadelerini kulland\u0131.\u00a0<\/span><br style=\"box-sizing: border-box; font-family: sans-serif; font-size: 14px; line-height: 20px; text-align: justify; background-color: rgb(242, 244, 245);\" \/><br \/>\n<br style=\"box-sizing: border-box; font-family: sans-serif; font-size: 14px; line-height: 20px; text-align: justify; background-color: rgb(242, 244, 245);\" \/><br \/>\n<span style=\"font-family: sans-serif; line-height: 20px; text-align: justify; background-color: rgb(242, 244, 245);\">&#8220;Tek millet iki devlet istikametinde ilerliyor&#8221;\u00a0<\/span><br style=\"box-sizing: border-box; font-family: sans-serif; font-size: 14px; line-height: 20px; text-align: justify; background-color: rgb(242, 244, 245);\" \/><br \/>\n<span style=\"font-family: sans-serif; line-height: 20px; text-align: justify; background-color: rgb(242, 244, 245);\">Ziyarette konu\u015fan Azerbaycan Ankara B\u00fcy\u00fckel\u00e7isi Hazar \u0130brahim de &#8220;Bizim valimiz, milletvekilimiz, belediye ba\u015fkan\u0131m\u0131z sizlerin \u00f6nceden Tarsus\u2019ta \u00e7ok \u00f6nemli i\u015fler yapt\u0131\u011f\u0131n\u0131z\u0131 biliyor. En \u00f6nemlisi de ulu \u00f6nderimizle ilgili yapt\u0131\u011f\u0131n\u0131z i\u015fler. Tabi ki bizim i\u00e7in \u00e7ok aziz. \u00c7ok te\u015fekk\u00fcr ediyoruz sizlere. Ayn\u0131 zamanda <a href=\"http:\/\/www.onlyadultblogs.com\/\" rel=\"dofollow noopener noreferrer\" target=\"_blank\" title=\"bayan escort bursa\">bayan escort bursa<\/a> T\u00fcrk D\u00fcnyas\u0131 i\u00e7in yapt\u0131klar\u0131n\u0131z sizin d\u00fc\u015f\u00fcnd\u00fckleriniz elbette ki bizim taraf\u0131m\u0131zdan g\u00f6r\u00fcl\u00fcyor. Biz her zaman biriz. Bizim Cumhurba\u015fkan\u0131m\u0131z bir hafta \u00f6nce buradayd\u0131. \u0130lk seferini se\u00e7imden sonra karde\u015f T\u00fcrkiye\u2019ye yapm\u0131\u015ft\u0131. Bizim bu ili\u015fkilerimiz de ulu \u00f6nderimizin dedi\u011fi gibi tek millet iki devlet istikametinde ilerliyor&#8221; \u015feklinde konu\u015ftu.\u00a0<\/span><\/span><\/p>\n","protected":false},"excerpt":{"rendered":"<p>Azerbaycan&#8217;\u0131n Hatai Valisi Razim Memmedov&#8217;un da aralar\u0131nda bulundu\u011fu Azerbaycan heyeti, Mersin B\u00fcy\u00fck\u015fehir Belediyesi&#8217;ni ziyaret etti. Azerbaycan\u2019\u0131n milli lideri merhum Haydar Aliyev\u2019in, do\u011fumunun 95. y\u0131l\u0131 dolay\u0131s\u0131yla d\u00fczenlenen anma etkinlikleri kapsam\u0131nda, Azerbaycan &hellip; <a href=\"https:\/\/akdenizolaygazetesi.com\/?p=1902\" class=\"more-link\">Devam\u0131n\u0131 Oku&#8230;<\/a><\/p>\n","protected":false},"author":1,"featured_media":0,"comment_status":"open","ping_status":"open","sticky":false,"template":"","format":"standard","meta":[],"categories":[],"tags":[],"_links":{"self":[{"href":"https:\/\/akdenizolaygazetesi.com\/index.php?rest_route=\/wp\/v2\/posts\/1902"}],"collection":[{"href":"https:\/\/akdenizolaygazetesi.com\/index.php?rest_route=\/wp\/v2\/posts"}],"about":[{"href":"https:\/\/akdenizolaygazetesi.com\/index.php?rest_route=\/wp\/v2\/types\/post"}],"author":[{"embeddable":true,"href":"https:\/\/akdenizolaygazetesi.com\/index.php?rest_route=\/wp\/v2\/users\/1"}],"replies":[{"embeddable":true,"href":"https:\/\/akdenizolaygazetesi.com\/index.php?rest_route=%2Fwp%2Fv2%2Fcomments&post=1902"}],"version-history":[{"count":0,"href":"https:\/\/akdenizolaygazetesi.com\/index.php?rest_route=\/wp\/v2\/posts\/1902\/revisions"}],"wp:attachment":[{"href":"https:\/\/akdenizolaygazetesi.com\/index.php?rest_route=%2Fwp%2Fv2%2Fmedia&parent=1902"}],"wp:term":[{"taxonomy":"category","embeddable":true,"href":"https:\/\/akdenizolaygazetesi.com\/index.php?rest_route=%2Fwp%2Fv2%2Fcategories&post=1902"},{"taxonomy":"post_tag","embeddable":true,"href":"https:\/\/akdenizolaygazetesi.com\/index.php?rest_route=%2Fwp%2Fv2%2Ftags&post=1902"}],"curies":[{"name":"wp","href":"https:\/\/api.w.org\/{rel}","templated":true}]}}