{"id":19021,"date":"2022-06-01T12:33:43","date_gmt":"2022-06-01T09:33:43","guid":{"rendered":"http:\/\/akdenizolaygazetesi.com\/?p=19021"},"modified":"2022-06-01T12:33:43","modified_gmt":"2022-06-01T09:33:43","slug":"baskan-secer-ekim-ayinda-amator-spor-kuluplerimize-de-destegimizi-yapacagiz","status":"publish","type":"post","link":"https:\/\/akdenizolaygazetesi.com\/?p=19021","title":{"rendered":"BA\u015eKAN SE\u00c7ER: &#8220;EK\u0130M AYINDA AMAT\u00d6R SPOR KUL\u00dcPLER\u0130M\u0130ZE DE DESTE\u011e\u0130M\u0130Z\u0130 YAPACA\u011eIZ&#8221;"},"content":{"rendered":"<p>Mersin B\u00fcy\u00fck\u015fehir Belediyesi, her y\u0131l oldu\u011fu gibi bu y\u0131l da ba\u015far\u0131l\u0131 sporcu ve antren\u00f6rleri \u00f6d\u00fcllendirdi. &#8220;Ba\u015far\u0131l\u0131 Sporcu ve Antren\u00f6r \u00d6d\u00fclleri&#8221; t\u00f6renine kat\u0131lan Mersin B\u00fcy\u00fck\u015fehir Belediye Ba\u015fkan\u0131 Vahap Se\u00e7er, bir\u00e7ok bran\u015fta \u00f6nemli ba\u015far\u0131lara imza atan sporcu ve antren\u00f6rle bulu\u015fup \u00f6d\u00fcllerini teslim etti. Mersin B\u00fcy\u00fck\u015fehir Belediyesi, bu y\u0131l 94 sporcu ve 65 antren\u00f6re toplam 1 milyon 148 bin lira verdi.<br \/>\n\u00d6d\u00fcl t\u00f6renine, Ba\u015fkan Se\u00e7er&#8217;in yan\u0131 s\u0131ra CHP Milletvekili Alpay Antmen, Mersin Gen\u00e7lik ve Spor \u0130l M\u00fcd\u00fcr\u00fc \u00d6kke\u015f Demir, Mersin \u0130l Milli E\u011fitim M\u00fcd\u00fcr\u00fc Adem Koca, CHP Parti Meclisi \u00dcyesi Emre Y\u0131lmaz, Mersin Amat\u00f6r Spor Kul\u00fcpleri Federasyonu Ba\u015fkan\u0131 Mithat Erta\u015f, Mersin B\u00fcy\u00fck\u015fehir Belediyesi Gen\u00e7lik ve Spor Kul\u00fcb\u00fc (MSK) Ba\u015fkan\u0131 \u00d6zg\u00fcr Timur, Meclis \u00fcyeleri, siyasi parti temsilcileri,  b\u00fcrokratlar, K\u0131r \u00c7i\u00e7ekleri, bir\u00e7ok bran\u015fta d\u00fcnya, Avrupa ve T\u00fcrkiye \u015fampiyonalar\u0131nda \u00f6d\u00fcl alan ba\u015far\u0131l\u0131 sporcu ve antren\u00f6rler kat\u0131ld\u0131.<br \/>\nBir\u00e7ok bran\u015fta \u00f6d\u00fcller verildi<br \/>\nSpora ve sporcuya destek vererek Mersin&#8217;e de\u011fer katan B\u00fcy\u00fck\u015fehir Belediyesi, d\u00fcnya \u015fampiyonas\u0131ndan Avrupa ve T\u00fcrkiye \u015fampiyonalar\u0131na kadar bir\u00e7ok bran\u015fta ba\u015far\u0131 g\u00f6steren sporcu ve antren\u00f6rlere para \u00f6d\u00fclleri verdi. D\u00fcnya, Avrupa ve Balkan \u015fampiyonalar\u0131nda dereceye giren ve rekor k\u0131ran sporcular\u0131n \u00f6d\u00fcllerini Ba\u015fkan Se\u00e7er teslim etti. Devam\u0131nda da\u011f\u0131t\u0131lan \u00f6d\u00fclleri ise t\u00f6rene kat\u0131lan protokol \u00fcyeleri sporculara takdim etti. \u00d6d\u00fcl t\u00f6reninin ard\u0131ndan Ba\u015fkan Se\u00e7er, t\u00fcm sporcularla foto\u011fraf \u00e7ekildi.<br \/>\n&#8220;Her \u015feyin en g\u00fczeli sporun, sporcunun d\u00fcnyas\u0131nda&#8221;<br \/>\nBa\u015fkan Se\u00e7er, insan\u0131n uygulamas\u0131 gereken temel prensiplerin hepsinin sporda yer ald\u0131\u011f\u0131n\u0131 belirterek, &#8220;Centilmenlik, sevgi, sayg\u0131, karde\u015flik, arkada\u015fl\u0131k, ho\u015fg\u00f6r\u00fc, yard\u0131mseverlik hepsi sporun i\u00e7inde var. Siz muazzam bir hayat ya\u015f\u0131yorsunuz asl\u0131nda.  Her \u015feyin en g\u00fczeli sporun, sporcunun d\u00fcnyas\u0131nda&#8221; dedi. \u0130lgili kurum ve kurulu\u015flarla i\u015f birli\u011finin \u00f6nemine dikkat \u00e7eken Ba\u015fkan Se\u00e7er, &#8220;Hem b\u00fcrokrat\u0131n hem siyaset\u00e7inin ortak paydas\u0131 millete hizmettir. \u00c7ok g\u00fczel i\u015f birlikleri \u00e7\u0131k\u0131yor. \u0130\u015f birli\u011fi olunca da g\u00fc\u00e7 birli\u011fi oluyor. \u00c7ok g\u00fczel i\u015fler oluyor. Bug\u00fcne kadar oldu\u011fu gibi bundan sonra da bu i\u015f birli\u011fini, g\u00f6n\u00fcl birli\u011fini, memleket sevgisindeki o kalp at\u0131\u015flar\u0131m\u0131z\u0131 ortak paydada bulu\u015fturaca\u011f\u0131z. Her \u015feyi memleket ad\u0131na yapaca\u011f\u0131z&#8221; diye konu\u015ftu.<br \/>\nMersin&#8217;in spor a\u00e7\u0131s\u0131ndan muazzam bir ortama sahip oldu\u011funu s\u00f6yleyen Ba\u015fkan Se\u00e7er, sporun \u00f6nemine de\u011findi. Vatanda\u015flara spor yapmalar\u0131 i\u00e7in \u00e7a\u011fr\u0131da bulunan Ba\u015fkan Se\u00e7er, koca koca binalar dikmek yerine park alan\u0131, spor sahas\u0131 yap\u0131lmas\u0131 gerekti\u011fine vurgu yaparak, &#8220;Bizim tercihimiz paradan yana de\u011fil; toplum sa\u011fl\u0131\u011f\u0131, \u00e7evre ve insana sayg\u0131dan ge\u00e7er. Onun i\u00e7in ortak noktada hocalar\u0131mla, m\u00fcd\u00fcrlerimle birle\u015fiyorum&#8221; ifadelerini kulland\u0131.<br \/>\n&#8220;Bu y\u0131l 1 milyon 148 bin 200 liral\u0131k \u00f6d\u00fcl da\u011f\u0131t\u0131m\u0131m\u0131z olacak&#8221;<br \/>\nBa\u015far\u0131l\u0131 sporcular\u0131 ve antren\u00f6rleri \u00f6d\u00fcllendirmek ad\u0131na bir araya geldiklerini an\u0131msatan Ba\u015fkan Se\u00e7er, &#8220;Bug\u00fcn burada 94 sporcumuza, 65 antren\u00f6r\u00fcm\u00fcze \u00f6d\u00fcl verece\u011fiz. Her y\u0131l bunu geleneksel olarak yap\u0131yoruz. Bu y\u0131l 1 milyon 148 bin 200 liral\u0131k \u00f6d\u00fcl da\u011f\u0131t\u0131m\u0131m\u0131z olacak. Ge\u00e7en y\u0131la g\u00f6re birka\u00e7 kat art\u0131rd\u0131k bunu. 2021 y\u0131l\u0131nda 173 kul\u00fcb\u00fcm\u00fcze 1 milyon 456 bin lira deste\u011fimiz olmu\u015ftu. 2022 y\u0131l\u0131n\u0131n Ekim ay\u0131 i\u00e7erisinde amat\u00f6r spor kul\u00fcplerimize de deste\u011fimizi yapaca\u011f\u0131z. Bu y\u0131la uygun, en az\u0131ndan yaralar\u0131na merhem olacak bir rakam\u0131 belirleyece\u011fiz&#8221; dedi.<br \/>\n&#8220;13 il\u00e7ede her uygun okulda kapal\u0131 spor salonu yapaca\u011f\u0131z&#8221;<br \/>\nD\u00fcnya g\u00f6r\u00fc\u015f\u00fcn\u00fcn bile bir belediyenin spora bak\u0131\u015f\u0131n\u0131 etkiledi\u011fini dile getiren Ba\u015fkan Se\u00e7er, Ulu \u00d6nder Mustafa Kemal Atat\u00fcrk&#8217;\u00fcn yolunda gittiklerini vurgulad\u0131.  Mersin&#8217;de spor akademileri ve askeri liseler i\u00e7in polislik ve bek\u00e7ilik s\u0131nav\u0131na haz\u0131rlanan gen\u00e7lere yeni uygulamaya konulan bir \u00e7al\u0131\u015fmay\u0131 duyuran Ba\u015fkan Se\u00e7er, \u015f\u00f6yle devam etti:<br \/>\n&#8220;Bu s\u0131navlara girecek gen\u00e7lerimize \u00fccretsiz kurslar veriliyor; bu s\u0131navlara haz\u0131rl\u0131yor. Bunu buradan vatanda\u015flar\u0131m\u0131za duyural\u0131m. Kurslar\u0131m\u0131z 6 Haziran&#8217;dan itibaren ba\u015flayacak. Bir gencimiz spor akademisine haz\u0131rlan\u0131yor, gelecek \u00fccretsiz olarak Mersin B\u00fcy\u00fck\u015fehir Belediyesi spor kurslar\u0131ndan faydalanacak ya da spor akademisine haz\u0131rlan\u0131yor, yine ayn\u0131 \u015fekilde faydalanabilecek. \u0130l Milli E\u011fitim M\u00fcd\u00fcr\u00fcm\u00fcze te\u015fekk\u00fcr ediyoruz. Aram\u0131zda b\u00fcrokratlar bir \u00e7al\u0131\u015fma yapt\u0131lar, bir protokol yapt\u0131k. B\u00fcy\u00fckl\u00fc\u011f\u00fc ve avlusunun y\u00fcz \u00f6l\u00e7\u00fcm\u00fc yeten okullar\u0131 beraber belirleyece\u011fiz. Mersin B\u00fcy\u00fck\u015fehir Belediyesi olarak oraya uygun bir kapal\u0131 spor salonu yapaca\u011f\u0131z. 13 il\u00e7ede her uygun okulda kapal\u0131 spor salonu yapaca\u011f\u0131z. Bunu Milli E\u011fitim M\u00fcd\u00fcrl\u00fc\u011f\u00fcm\u00fczle yapaca\u011f\u0131z. Daha etkin olsun, kaynaklar daha ak\u0131lc\u0131 harcans\u0131n ve az \u00f6nce s\u00f6yledi\u011fim gibi el birli\u011fi, g\u00fc\u00e7 birli\u011fi getirsin diye.&#8221;<br \/>\n&#8220;Tesislerimizin aktif olmas\u0131 i\u00e7in her t\u00fcrl\u00fc katk\u0131y\u0131 yapmaya haz\u0131r\u0131z&#8221;<br \/>\nBa\u015fkan Se\u00e7er, 2013 Akdeniz Oyunlar\u0131&#8217;nda Mersin&#8217;e 500 milyon lira para harcand\u0131\u011f\u0131n\u0131 an\u0131msatarak, &#8220;Bu tesislerin Mersin&#8217;de olmas\u0131 bizim i\u00e7in muazzam bir \u015fans. Ama o tesisler kullan\u0131lmazsa, bak\u0131m yap\u0131lmazsa \u00e7\u00fcr\u00fcr. O da milli servettir. Biz de her t\u00fcrl\u00fc katk\u0131y\u0131 yapmaya haz\u0131r\u0131z. Zaten i\u015f birli\u011fimiz var. Spor \u0130l M\u00fcd\u00fcr\u00fcm\u00fcz de bu konuyu gayet iyi biliyor, konusuna da hakim. Her zaman i\u015f birli\u011fi i\u00e7erisinde o tesislerimizin aktif olmas\u0131 ve ilgisizlikten deforme olmamas\u0131 i\u00e7in her t\u00fcrl\u00fc katk\u0131y\u0131 yapmaya haz\u0131r\u0131z&#8221; dedi.<br \/>\nSporu ve sporcuyu desteklemek ad\u0131na yapt\u0131klar\u0131 \u00e7al\u0131\u015fmalar hakk\u0131nda da bilgiler payla\u015fan Ba\u015fkan Se\u00e7er, &#8220;3 bin ki\u015fi kapasiteli modern bir spor salonu planl\u0131yoruz; \u00e7ok ama\u00e7l\u0131. Bu proje \u015fu anda planlama a\u015famas\u0131nda. Mevcut Macit \u00d6zcan Spor Tesislerimizde baz\u0131 revizyonlar yapaca\u011f\u0131z. Orada tamamen spora d\u00f6n\u00fck baz\u0131 ilave birimler yap\u0131lacak ve \u00e7ok daha aktif bir hale gelecek. Yaz okullar\u0131m\u0131z yine faaliyette olacak. Haziran&#8217;da a\u00e7\u0131yoruz&#8221; diye konu\u015ftu.<br \/>\nAvrupa Bisiklet Rota A\u011f\u0131 i\u00e7in Mersin&#8217;de \u00e7al\u0131\u015ftay yap\u0131lacak<br \/>\nSe\u00e7er, bisiklet yollar\u0131n\u0131 \u00f6nemsediklerini ve toplam 586 kilometre hedeflediklerini s\u00f6zlerine ekleyerek uluslararas\u0131 rota i\u00e7in \u00e7al\u0131\u015fmalar yapt\u0131klar\u0131n\u0131 s\u00f6yledi. Ba\u015fkan Se\u00e7er, \u015f\u00f6yle devam etti:<br \/>\n&#8220;Avrupa Bisiklet Rotalar\u0131 A\u011f\u0131, bu \u00f6nemli bir turizm faaliyeti. Bisiklet\u00e7iler, Avrupa&#8217;n\u0131n her \u00fclkesini geziyor. Bu rota a\u011f\u0131n\u0131 belirleyen kurumlar ve kurulu\u015flarla 28-29 Haziran&#8217;da Mersin&#8217;de bir \u00e7al\u0131\u015ftay yapaca\u011f\u0131z. Bizi Avrupa Bisiklet Rota A\u011f\u0131&#8217;na als\u0131nlar diye. Yani Avrupa&#8217;da b\u00fct\u00fcn \u00fclkeleri gezen bisiklet\u00e7iler Mersin&#8217;e de u\u011fras\u0131n. Burada bir g\u00fczergah i\u00e7erisinde bir kent olsun. Mersin turizmine muazzam bir katk\u0131 yapaca\u011f\u0131n\u0131 d\u00fc\u015f\u00fcnd\u00fc\u011f\u00fcm\u00fcz bir \u00e7al\u0131\u015fma. Yine Pro Beach Plaj Voleybolu bu y\u0131l yap\u0131lacak. Tarsus yar\u0131 maratonumuz bu y\u0131l Eyl\u00fcl ay\u0131nda olacak. Kilikya Ultra Maratonu 24-26 Eyl\u00fcl&#8217;de yap\u0131lacak. Pandemiden dolay\u0131 yapamad\u0131\u011f\u0131m\u0131z Tour Of Mersin&#8217;in 6&#8217;nc\u0131s\u0131n\u0131 2023 y\u0131l\u0131nda d\u00fczenleyece\u011fiz. Yine Uluslararas\u0131 Mersin Maratonu&#8217;nun da 9&#8217;uncusunu 2023 y\u0131l\u0131nda tamamlam\u0131\u015f olaca\u011f\u0131z. Her \u015fey sizler i\u00e7in, her \u015fey yurtta\u015flar\u0131m\u0131z, \u00fclkemiz, insanl\u0131k i\u00e7in. Sporcu olarak emin olabilirsiniz ki en etkin, en yetkin siyaset\u00e7iden \u00e7ok daha fazla insanl\u0131\u011fa katk\u0131 yap\u0131yorsunuz.&#8221;<br \/>\nAntmen: &#8220;Sizlerle gurur duyuyoruz&#8221;<br \/>\nCHP Mersin Milletvekili Alpay Antmen, sporcu gen\u00e7lerle gurur duyduklar\u0131n\u0131 ifade ederek, &#8220;Sizlerin ba\u015far\u0131lar\u0131 bizleri umutland\u0131r\u0131yor ve gururland\u0131r\u0131yor. Bir Mersin Milletvekili olarak bizlerin gurur kayna\u011f\u0131s\u0131n\u0131z. Ba\u015far\u0131lar\u0131n\u0131z\u0131n devam\u0131n\u0131 diliyorum&#8221; ifadelerini kulland\u0131.<br \/>\nMersin Gen\u00e7lik ve Spor \u0130l M\u00fcd\u00fcr\u00fc \u00d6kke\u015f Demir, Mersin&#8217;in sporu \u00e7ok seven bir kent oldu\u011funu belirterek, &#8220;Diyoruz ki Mersin do\u011fal bir sporcu fabrikas\u0131. T\u00fcrkiye&#8217;de bu konuda ender olan yerlerden biridir Mersin. Bu vesileyle eme\u011fi ge\u00e7en B\u00fcy\u00fck\u015fehir Belediye Ba\u015fkan\u0131&#8217;na ve eme\u011fi ge\u00e7en herkese \u00e7ok te\u015fekk\u00fcr ediyorum. Her zaman sizi desteklemeye devam edece\u011fiz&#8221; dedi.<br \/>\nMersin \u0130l Milli E\u011fitim M\u00fcd\u00fcr\u00fc Adem Koca, Mersin&#8217;in bir\u00e7ok ilde sahip olmayan tesislere sahip oldu\u011funu ifade ederek, &#8220;O a\u00e7\u0131dan bu ilde g\u00f6rev yapmaktan dolay\u0131 kendimi \u015fansl\u0131 addediyorum. Bu a\u00e7\u0131dan sizler de bu \u015fehirde okuyan, e\u011fitim g\u00f6ren \u00f6\u011frenciler olarak \u015fansl\u0131s\u0131n\u0131z. Nitekim 2013&#8217;ten itibaren g\u00f6stergelere bak\u0131ld\u0131\u011f\u0131nda ciddi olarak \u015fehirdeki spor aktiviteleri, heyecan\u0131 ayn\u0131 \u015fekilde yans\u0131makta&#8221; diye konu\u015ftu.<br \/>\nBa\u015far\u0131l\u0131 sporcular: &#8220;Belediye Ba\u015fkan\u0131m\u0131z\u0131n b\u00fcy\u00fck deste\u011fi var \u00fczerimizde&#8221;<br \/>\nS\u0131r\u0131kla y\u00fcksek atlama yapan 23 ya\u015f\u0131ndaki olimpiyat atleti Ersu \u015ea\u015fma, ba\u015far\u0131lar\u0131ndan ve hayallerinden bahsederek, &#8220;B\u00fct\u00fcn rekorlar elimde. Hedefim Avrupa&#8217;da, d\u00fcnyada alt\u0131n madalya almak. Mersin B\u00fcy\u00fck\u015fehir Belediyemizin bize olimpiyatta \u00e7ok deste\u011fi oldu. Saha, tesisler konusunda destekleri oldu&#8221; dedi.<br \/>\nAtletizm bran\u015f\u0131nda y\u00fcksek atlamada ba\u015far\u0131 elde eden Kadriye Ayd\u0131n, &#8220;T\u00fcrkiye \u015fampiyonuyum b\u00fcy\u00fcklerde. Balkan U-23 \u00dcniversiteler D\u00fcnya \u015eampiyonas\u0131&#8217;nda final yar\u0131\u015ft\u0131m. Hedefimiz her sporcunun oldu\u011fu gibi olimpiyat. Mersin \u015fehrinde olmak ger\u00e7ekten gurur verici. \u00c7\u00fcnk\u00fc Belediye Ba\u015fkan\u0131m\u0131z\u0131n b\u00fcy\u00fck deste\u011fi var \u00fczerimizde. Maddi ve manevi her \u015fekilde bize destek veriyor&#8221; diye konu\u015ftu.<br \/>\n19 ya\u015f\u0131ndaki tekvandocu \u015eenizcan Aras da bir\u00e7ok ba\u015far\u0131ya imza att\u0131\u011f\u0131n\u0131 ifade ederek, &#8220;Hedefim tabi ki de olimpiyatlara gitmek ve en iyi ba\u015far\u0131lar\u0131 elde etmek&#8221; dedi.<br \/>\nBeden E\u011fitimi \u00d6\u011fretmeni ve eskrim milli tak\u0131m antren\u00f6r\u00fc G\u00fczin Yal\u00e7\u0131n, Ba\u015fkan Se\u00e7er&#8217;le daha \u00f6nce g\u00f6r\u00fc\u015ft\u00fc\u011f\u00fcn\u00fc ve spora destek i\u00e7in verdi\u011fi s\u00f6z\u00fc tuttu\u011funu belirterek, &#8220;Ben onu yava\u015f yava\u015f g\u00f6rmeye ba\u015flad\u0131m. Spora, sporcuya destek veriyor, hissettiriyor ve \u015fu anda bence daha iyi olacak. \u00c7\u00fcnk\u00fc Mersin b\u00f6lgesinde \u00e7ok de\u011ferli ve iyi sporcular, iyi antren\u00f6rler var. Bunlara sahip \u00e7\u0131k\u0131lmas\u0131 gerekiyor. Antren\u00f6r ve sporcu baz\u0131nda iyiyiz&#8221; ifadelerini kulland\u0131.<\/p>\n","protected":false},"excerpt":{"rendered":"<p>Mersin B\u00fcy\u00fck\u015fehir Belediyesi, her y\u0131l oldu\u011fu gibi bu y\u0131l da ba\u015far\u0131l\u0131 sporcu ve antren\u00f6rleri \u00f6d\u00fcllendirdi. &#8220;Ba\u015far\u0131l\u0131 Sporcu ve Antren\u00f6r \u00d6d\u00fclleri&#8221; t\u00f6renine kat\u0131lan Mersin B\u00fcy\u00fck\u015fehir Belediye Ba\u015fkan\u0131 Vahap Se\u00e7er, bir\u00e7ok bran\u015fta &hellip; <a href=\"https:\/\/akdenizolaygazetesi.com\/?p=19021\" class=\"more-link\">Devam\u0131n\u0131 Oku&#8230;<\/a><\/p>\n","protected":false},"author":2,"featured_media":19022,"comment_status":"open","ping_status":"open","sticky":false,"template":"","format":"standard","meta":[],"categories":[2,3,10],"tags":[],"_links":{"self":[{"href":"https:\/\/akdenizolaygazetesi.com\/index.php?rest_route=\/wp\/v2\/posts\/19021"}],"collection":[{"href":"https:\/\/akdenizolaygazetesi.com\/index.php?rest_route=\/wp\/v2\/posts"}],"about":[{"href":"https:\/\/akdenizolaygazetesi.com\/index.php?rest_route=\/wp\/v2\/types\/post"}],"author":[{"embeddable":true,"href":"https:\/\/akdenizolaygazetesi.com\/index.php?rest_route=\/wp\/v2\/users\/2"}],"replies":[{"embeddable":true,"href":"https:\/\/akdenizolaygazetesi.com\/index.php?rest_route=%2Fwp%2Fv2%2Fcomments&post=19021"}],"version-history":[{"count":1,"href":"https:\/\/akdenizolaygazetesi.com\/index.php?rest_route=\/wp\/v2\/posts\/19021\/revisions"}],"predecessor-version":[{"id":19023,"href":"https:\/\/akdenizolaygazetesi.com\/index.php?rest_route=\/wp\/v2\/posts\/19021\/revisions\/19023"}],"wp:featuredmedia":[{"embeddable":true,"href":"https:\/\/akdenizolaygazetesi.com\/index.php?rest_route=\/wp\/v2\/media\/19022"}],"wp:attachment":[{"href":"https:\/\/akdenizolaygazetesi.com\/index.php?rest_route=%2Fwp%2Fv2%2Fmedia&parent=19021"}],"wp:term":[{"taxonomy":"category","embeddable":true,"href":"https:\/\/akdenizolaygazetesi.com\/index.php?rest_route=%2Fwp%2Fv2%2Fcategories&post=19021"},{"taxonomy":"post_tag","embeddable":true,"href":"https:\/\/akdenizolaygazetesi.com\/index.php?rest_route=%2Fwp%2Fv2%2Ftags&post=19021"}],"curies":[{"name":"wp","href":"https:\/\/api.w.org\/{rel}","templated":true}]}}